{"id":116833,"date":"2020-09-08T10:30:15","date_gmt":"2020-09-08T14:30:15","guid":{"rendered":"https:\/\/www.bibula.com\/?p=116833"},"modified":"2020-09-08T10:30:15","modified_gmt":"2020-09-08T14:30:15","slug":"nie-choroby-nie-glod-ale-ideologia-gender-bp-dec-o-najwiekszym-zagrozeniu-ludzkosci","status":"publish","type":"post","link":"https:\/\/www.bibula.com\/?p=116833","title":{"rendered":"Nie choroby, nie g\u0142\u00f3d, ale ideologia gender. Bp Dec o \u201enajwi\u0119kszym zagro\u017ceniu ludzko\u015bci\u201d"},"content":{"rendered":"<p><strong><em>Aktualnie najpowa\u017cniejszym zagro\u017ceniem ludzko\u015bci nie s\u0105 choroby zaka\u017ane ani g\u0142\u00f3d, ani nawet katastrofy ekologiczne, ale w\u0142a\u015bnie ideologia gender, kt\u00f3ra jest now\u0105 odmian\u0105 marksizmu, szczeg\u00f3lnie filozofii Fryderyka Engelsa<\/em> \u2013 powiedzia\u0142 podczas kazania biskup senior diecezji \u015bwidnickiej Ignacy Dec.<\/strong><\/p>\r\n<p>Biskup przytoczy\u0142 s\u0142owa z Listu \u015bw. Paw\u0142a do Koryntian (1 Kor 4,9. 11-13): \u201eStali\u015bmy si\u0119 jakby \u015bmieciem tego \u015bwiata\u2026\u201d. \u2013 <em>Czy\u017c te s\u0142owa nie opisuj\u0105 bolesnych, dramatycznych do\u015bwiadcze\u0144 chrze\u015bcijan na Bliskim Wschodzie, w Afryce P\u00f3\u0142nocnej, w Chinach, czy w innych krajach islamskich? Czy\u017c nie \u015bwiadcz\u0105 o tym ostatnie napisy w szczeci\u0144skim parku: \u201eKsi\u0119\u017ca s\u0105 jak stonka, t\u0119pmy ich\u201d, \u201eBiskup najwi\u0119kszym trofeum \u0142owieckim\u201d?<\/em> \u2013 pyta\u0142.<\/p>\r\n<p>\u2013 <em>Aktualnie najpowa\u017cniejszym zagro\u017ceniem ludzko\u015bci nie s\u0105 choroby zaka\u017ane ani g\u0142\u00f3d, ani nawet katastrofy ekologiczne, ale w\u0142a\u015bnie ideologia gender, kt\u00f3ra jest now\u0105 odmian\u0105 marksizmu, szczeg\u00f3lnie filozofii Fryderyka Engelsa, kt\u00f3ra uderza w ma\u0142\u017ce\u0144stwo i rodzin\u0119, sprowadzaj\u0105c ludzi do poziomu zwyrodnia\u0142ych istot, niezdolnych do przekazywania dalej \u017cycia<\/em> \u2013 m\u00f3wi\u0142 biskup senior diecezji \u015bwidnickiej.<\/p>\r\n<p>\u0179r\u00f3d\u0142o: polskieradio24.pl \/ wPolityce.pl<\/p>\r\n<p>TK<\/p>\r\n<blockquote>\r\n<p>[<strong>Wybrane wypowiedzi internaut\u00f3w pod w\/w tekstem na stronie \u017ar\u00f3d\u0142owej:<\/strong>]<\/p>\r\n<p>mam wra\u017cenie, \u017ce biskupi maja co\u015b konkretnego do powiedzenia tylko wtedy gdy s\u0105 na emeryturze. Ci zajmuj\u0105cy sto\u0142ki w pa\u0142acach bardziej ceni\u0105 sobie \u015bw spok\u00f3j. Takie jest moje subiektywne wra\u017cenie.<br \/>\r\n<em>wra\u017cenie<\/em><\/p>\r\n<\/blockquote>","protected":false},"excerpt":{"rendered":"Aktualnie najpowa\u017cniejszym zagro\u017ceniem ludzko\u015bci nie s\u0105 choroby zaka\u017ane ani g\u0142\u00f3d, ani nawet katastrofy ekologiczne, ale w\u0142a\u015bnie ideologia gender, kt\u00f3ra jest now\u0105 odmian\u0105 marksizmu, szczeg\u00f3lnie filozofii Fryderyka Engelsa \u2013 powiedzia\u0142 podczas kazania biskup senior diecezji \u015bwidnickiej Ignacy Dec. Biskup przytoczy\u0142 s\u0142owa z Listu \u015bw. Paw\u0142a do Koryntian (1 Kor 4,9. 11-13): \u201eStali\u015bmy si\u0119 jakby \u015bmieciem tego [&hellip;]","protected":false},"author":1,"featured_media":0,"comment_status":"closed","ping_status":"closed","sticky":false,"template":"","format":"standard","meta":{"_acf_changed":false,"_monsterinsights_skip_tracking":false,"ngg_post_thumbnail":0,"footnotes":"","_wp_rev_ctl_limit":""},"categories":[5],"tags":[119,314,98],"acf":[],"_links":{"self":[{"href":"https:\/\/www.bibula.com\/index.php?rest_route=\/wp\/v2\/posts\/116833"}],"collection":[{"href":"https:\/\/www.bibula.com\/index.php?rest_route=\/wp\/v2\/posts"}],"about":[{"href":"https:\/\/www.bibula.com\/index.php?rest_route=\/wp\/v2\/types\/post"}],"author":[{"embeddable":true,"href":"https:\/\/www.bibula.com\/index.php?rest_route=\/wp\/v2\/users\/1"}],"replies":[{"embeddable":true,"href":"https:\/\/www.bibula.com\/index.php?rest_route=%2Fwp%2Fv2%2Fcomments&post=116833"}],"version-history":[{"count":0,"href":"https:\/\/www.bibula.com\/index.php?rest_route=\/wp\/v2\/posts\/116833\/revisions"}],"wp:attachment":[{"href":"https:\/\/www.bibula.com\/index.php?rest_route=%2Fwp%2Fv2%2Fmedia&parent=116833"}],"wp:term":[{"taxonomy":"category","embeddable":true,"href":"https:\/\/www.bibula.com\/index.php?rest_route=%2Fwp%2Fv2%2Fcategories&post=116833"},{"taxonomy":"post_tag","embeddable":true,"href":"https:\/\/www.bibula.com\/index.php?rest_route=%2Fwp%2Fv2%2Ftags&post=116833"}],"curies":[{"name":"wp","href":"https:\/\/api.w.org\/{rel}","templated":true}]}}