{"id":116777,"date":"2020-09-02T19:16:00","date_gmt":"2020-09-02T23:16:00","guid":{"rendered":"https:\/\/www.bibula.com\/?p=116777"},"modified":"2020-09-19T09:44:50","modified_gmt":"2020-09-19T13:44:50","slug":"belgijski-badacz-prof-engels-pod-pozorem-antyfaszyzmu-niemcy-eksportuja-lewicowy-autorytaryzm","status":"publish","type":"post","link":"https:\/\/www.bibula.com\/?p=116777","title":{"rendered":"Belgijski badacz, prof. Engels: Pod pozorem \u201eantyfaszyzmu\u201d Niemcy eksportuj\u0105 lewicowy autorytaryzm"},"content":{"rendered":"<p><strong>Wielu Niemc\u00f3w, pod pozorem walki z fikcyjnym niebezpiecze\u0144stwem \u2013 prawicowym \u201efaszyzmem\u201d, popiera ca\u0142ym sercem autorytarn\u0105 lewicowo\u015b\u0107, kt\u00f3r\u0105 chce tak\u017ce narzuca\u0107 s\u0105siadom \u2013 powiedzia\u0142 w rozmowie z Polsk\u0105 Agencj\u0105 Prasow\u0105 (PAP) belgijski historyk, prof. David Engels.<\/strong><\/p>\r\n<div class=\"cut1\">[&#8230;] <span class=\"podpis_sz\">Ca\u0142y tekst dost\u0119pny w materiale \u017ar\u00f3d\u0142owym<\/span><\/div>\r\n<p>pap \/ wnp.pl \/ Kresy.pl<\/p>\r\n<ul>\r\n\t<li>Zobacz tak\u017ce: <a href=\"https:\/\/kresy.pl\/wydarzenia\/niemcy-zieloni-znow-wyrazaja-poparcie-dla-dzialan-lewicowych-bojowkarzy-z-antify\/\">Niemcy: \u201eZieloni\u201d zn\u00f3w wyra\u017caj\u0105 poparcie dla dzia\u0142a\u0144 lewicowych boj\u00f3wkarzy z Antify<\/a><\/li>\r\n\t<li>Zobacz tak\u017ce: <a href=\"https:\/\/kresy.pl\/wydarzenia\/krzysztof-bosak-zaapelowal-o-delegalizacje-antify\/\">Krzysztof Bosak zaapelowa\u0142 o delegalizacj\u0119 Antify<\/a><\/li>\r\n<\/ul>\r\n<p>&nbsp;<\/p>","protected":false},"excerpt":{"rendered":"Wielu Niemc\u00f3w, pod pozorem walki z fikcyjnym niebezpiecze\u0144stwem \u2013 prawicowym \u201efaszyzmem\u201d, popiera ca\u0142ym sercem autorytarn\u0105 lewicowo\u015b\u0107, kt\u00f3r\u0105 chce tak\u017ce narzuca\u0107 s\u0105siadom \u2013 powiedzia\u0142 w rozmowie z Polsk\u0105 Agencj\u0105 Prasow\u0105 (PAP) belgijski historyk, prof. David Engels. [&#8230;] Ca\u0142y tekst dost\u0119pny w materiale \u017ar\u00f3d\u0142owym pap \/ wnp.pl \/ Kresy.pl Zobacz tak\u017ce: Niemcy: \u201eZieloni\u201d zn\u00f3w wyra\u017caj\u0105 poparcie dla [&hellip;]","protected":false},"author":2,"featured_media":0,"comment_status":"closed","ping_status":"closed","sticky":false,"template":"","format":"standard","meta":{"_acf_changed":false,"_monsterinsights_skip_tracking":false,"_monsterinsights_sitenote_active":false,"_monsterinsights_sitenote_note":"","_monsterinsights_sitenote_category":0,"ngg_post_thumbnail":0,"footnotes":"","_wp_rev_ctl_limit":""},"categories":[6],"tags":[410,66,448,166,20],"acf":[],"_links":{"self":[{"href":"https:\/\/www.bibula.com\/index.php?rest_route=\/wp\/v2\/posts\/116777"}],"collection":[{"href":"https:\/\/www.bibula.com\/index.php?rest_route=\/wp\/v2\/posts"}],"about":[{"href":"https:\/\/www.bibula.com\/index.php?rest_route=\/wp\/v2\/types\/post"}],"author":[{"embeddable":true,"href":"https:\/\/www.bibula.com\/index.php?rest_route=\/wp\/v2\/users\/2"}],"replies":[{"embeddable":true,"href":"https:\/\/www.bibula.com\/index.php?rest_route=%2Fwp%2Fv2%2Fcomments&post=116777"}],"version-history":[{"count":3,"href":"https:\/\/www.bibula.com\/index.php?rest_route=\/wp\/v2\/posts\/116777\/revisions"}],"predecessor-version":[{"id":117801,"href":"https:\/\/www.bibula.com\/index.php?rest_route=\/wp\/v2\/posts\/116777\/revisions\/117801"}],"wp:attachment":[{"href":"https:\/\/www.bibula.com\/index.php?rest_route=%2Fwp%2Fv2%2Fmedia&parent=116777"}],"wp:term":[{"taxonomy":"category","embeddable":true,"href":"https:\/\/www.bibula.com\/index.php?rest_route=%2Fwp%2Fv2%2Fcategories&post=116777"},{"taxonomy":"post_tag","embeddable":true,"href":"https:\/\/www.bibula.com\/index.php?rest_route=%2Fwp%2Fv2%2Ftags&post=116777"}],"curies":[{"name":"wp","href":"https:\/\/api.w.org\/{rel}","templated":true}]}}