{"id":116613,"date":"2020-08-30T14:16:24","date_gmt":"2020-08-30T18:16:24","guid":{"rendered":"https:\/\/www.bibula.com\/?p=116613"},"modified":"2020-08-30T14:16:24","modified_gmt":"2020-08-30T18:16:24","slug":"profanacja-w-klasztorze-benedyktynow-w-tyncu-polnagi-mezczyzna-wszedl-na-oltarz","status":"publish","type":"post","link":"https:\/\/www.bibula.com\/?p=116613","title":{"rendered":"Profanacja w klasztorze Benedyktyn\u00f3w w Ty\u0144cu. P\u00f3\u0142nagi m\u0119\u017cczyzna wszed\u0142 na o\u0142tarz"},"content":{"rendered":"<p><strong>W klasztorze Benedyktyn\u00f3w w Ty\u0144cu dosz\u0142o do profanacji, kt\u00f3rej dopu\u015bci\u0142 si\u0119 p\u00f3\u0142nagi m\u0119\u017cczyzna. Podczas koncertu Kwintetu Harfowego i organisty, m\u0119\u017cczyzna wtargn\u0105\u0142 do ko\u015bcio\u0142a i p\u00f3\u0142nagi ta\u0144czy\u0142 w prezbiterium. Po chwili wszed\u0142 r\u00f3wnie\u017c na o\u0142tarz i parodiowa\u0142 ukrzy\u017cowanego Chrystusa.<\/strong><\/p>\r\n<p>Ostatnie miesi\u0105ce to seria profanacji i akt\u00f3w wandalizmu, kt\u00f3rych dopuszczaj\u0105 si\u0119 lewicowi aktywi\u015bci oraz osoby nienawidz\u0105ce Ko\u015bcio\u0142a. Tym razem do ohydnej profanacji dosz\u0142o w klasztorze Benedyktyn\u00f3w w Ty\u0144cu nieopodal Krakowa. W tamtejszym ko\u015bciele odbywa\u0142 si\u0119 koncert Kwintetu Harfowego oraz organisty Dariusza B\u0105kowskiego-Koisa. W\u0142a\u015bnie to spotkanie wiernych z muzyk\u0105 zak\u0142\u00f3ci\u0142 p\u00f3\u0142nagi m\u0119\u017cczyzna, kt\u00f3ry ostatecznie zmusi\u0142 muzyk\u00f3w do przerwania koncertu.<\/p>\r\n<p>M\u0119\u017cczyzna dopu\u015bci\u0142 si\u0119 obrzydliwej profanacji, kt\u00f3r\u0105 by\u0142o wej\u015bcie na o\u0142tarz. Sprawca parodiowa\u0142 w\u00f3wczas ukrzy\u017cowanego Chrystusa, rozk\u0142adaj\u0105c r\u0119ce na boki i pochylaj\u0105c g\u0142ow\u0119 w d\u00f3\u0142. M\u0119\u017cczyzna podczas aktu bezczeszczenia ta\u0144czy\u0142 r\u00f3wnie\u017c w prezbiterium, a tak\u017ce siedzia\u0142 na stopniach prowadz\u0105cych do tabernakulum.<\/p>\r\n<p>Podczas zaj\u015bcia interweniowa\u0142 jeden z mnich\u00f3w, kt\u00f3ry by\u0142 w ko\u015bciele, ale nie by\u0142 w stanie zapanowa\u0107 nad m\u0119\u017cczyzn\u0105, kt\u00f3ry prawdopodobnie by\u0142 pod wp\u0142ywem \u015brodk\u00f3w odurzaj\u0105cych. \u201eMnich, kt\u00f3ry zaraz zjawi\u0142 si\u0119 na miejscu, pr\u00f3bowa\u0142 wyprosi\u0107 m\u0119\u017cczyzn\u0119 z ko\u015bcio\u0142a, lecz kontakt z nim by\u0142 utrudniony: m\u0119\u017cczyzna wpada\u0142 w skrajne stany emocjonalne. Mnich wezwa\u0142 policj\u0119\u201d \u2013 powiedzia\u0142 w rozmowie z \u201eDziennikiem Polskim\u201d brat Grzegorz Hawry\u0142eczko, rzecznik Opactwa Benedyktyn\u00f3w. Mnich dodaje, \u017ce ostatecznie sprawca profanacji zosta\u0142 odwieziony karetk\u0105 do szpitala, gdzie mia\u0142 zosta\u0107 poddany obserwacji.<\/p>\r\n<p>Interpelacj\u0119 w tej sprawie z\u0142o\u017cy\u0142 do prezydenta Krakowa Jacka Majchrowskiego jeden z miejskich radnych. Wszystko wskazuje na to, \u017ce sprawca profanacji by\u0142 uczestnikiem imprezy z muzyk\u0105 techno Egodrop Rave OA, odbywaj\u0105cej si\u0119 w pobli\u017cu klasztoru \u2013 na prywatnej posesji. \u201eJeden z uczestnik\u00f3w wtargn\u0105wszy do \u015bwi\u0105tyni Opactwa, sprofanowa\u0142 jej o\u0142tarz, ta\u0144cz\u0105c na nim rozebrany\u201d \u2013 czytamy w interpelacji radnego Marka Sobieraja. Samorz\u0105dowiec zaapelowa\u0142, aby w\u0142adze miasta zakaza\u0142y organizacji tego typu imprez w s\u0105siedztwie klasztoru.<\/p>\r\n<p>\u0179r\u00f3d\u0142o: dziennikpolski24.pl, TVP Info<\/p>\r\n<p>WMa<\/p>\r\n<blockquote>\r\n<p>[<strong>Wybrane wypowiedzi internaut\u00f3w pod w\/w tekstem na stronie \u017ar\u00f3d\u0142owej:<\/strong>]<\/p>\r\n<p>2 lata bezwzgl\u0119dnego wi\u0119zienia !!<br \/>\r\n<em>rwet<\/em><br \/>\r\n<br \/>\r\nNie na \u017caden o\u0142tarz, tylko na st\u00f3\u0142, kt\u00f3ry jest wynalazkiem modernist\u00f3w, a po drugie ko\u015bci\u00f3\u0142 nie jest miejscem koncer\u00f3w. To konsekwencje.<br \/>\r\n<em>Po pirwsze<\/em><br \/>\r\n<br \/>\r\nW Polsce nie ma juz mezczyzn a to co jest to wyamlowane ufryzowane wypydrowane wytatuowane wykolczykowane omaskowane posluszne zapatrzone w komunikaty cowidowcow wyleknione,TAKA PRAWDA<br \/>\r\n<em>olek<\/em><br \/>\r\n<br \/>\r\nKOSCIO\u0141 to miejsce oddawania czci BOGU a nie sluchania muzyki<br \/>\r\n<em>8888<\/em><br \/>\r\n<br \/>\r\nAle wszed\u0142 na o\u0142tarz czy na st\u00f3\u0142 kt\u00f3ry zwykle zas\u0142ania o\u0142tarz?<br \/>\r\n<em>AdamK<\/em><br \/>\r\n<br \/>\r\nKoncerty mo\u017cna sobie robi\u0107 w filharmonii , ale w ko\u015bcio\u0142ach powinny by\u0107 zabronione.<br \/>\r\n<em>Leliwa<\/em><br \/>\r\n<br \/>\r\nGdzie byli inni m\u0119\u017cczy\u017ani i zakonnicy, ze tylko jeden z nich usi\u0142owa\u0142 poskromi\u0107 zbocze\u0144ca?<br \/>\r\n<em>ola<\/em><br \/>\r\n<br \/>\r\nStraszne- \u017cadnych m\u0119\u017cczyzn tam nie by\u0142o na koncercie???Nikt nie pom\u00f3g\u0142 zakonnikowi???<br \/>\r\n<em>Darius<\/em><br \/>\r\n<br \/>\r\nJe\u017celi Prezbiterium zamienia si\u0119 na sal\u0119 koncertow\u0105 to dalsze, bardziej bezczeszcz\u0105ce miejsce \u015bwi\u0119te profanacje, wcze\u015bniej czy p\u00f3\u017aniej s\u0105 do przewidzenia&#8230; Niestety, nie szanujemy Domu Bo\u017cego, str\u00f3\u017ce miejsca konsekrowanego zezwalaj\u0105 na \u015bwieckie koncerty, przem\u00f3wienia w\u0142adz itp, itd<br \/>\r\n<em>Wstrz\u0105saj\u0105ce<\/em><br \/>\r\n<br \/>\r\nKoncerty w ko\u015bcio\u0142ach powinny by\u0107 zakazane.<br \/>\r\n<em>mm<\/em><\/p>\r\n<\/blockquote>","protected":false},"excerpt":{"rendered":"W klasztorze Benedyktyn\u00f3w w Ty\u0144cu dosz\u0142o do profanacji, kt\u00f3rej dopu\u015bci\u0142 si\u0119 p\u00f3\u0142nagi m\u0119\u017cczyzna. Podczas koncertu Kwintetu Harfowego i organisty, m\u0119\u017cczyzna wtargn\u0105\u0142 do ko\u015bcio\u0142a i p\u00f3\u0142nagi ta\u0144czy\u0142 w prezbiterium. Po chwili wszed\u0142 r\u00f3wnie\u017c na o\u0142tarz i parodiowa\u0142 ukrzy\u017cowanego Chrystusa. Ostatnie miesi\u0105ce to seria profanacji i akt\u00f3w wandalizmu, kt\u00f3rych dopuszczaj\u0105 si\u0119 lewicowi aktywi\u015bci oraz osoby nienawidz\u0105ce Ko\u015bcio\u0142a. [&hellip;]","protected":false},"author":1,"featured_media":0,"comment_status":"closed","ping_status":"closed","sticky":false,"template":"","format":"standard","meta":{"_acf_changed":false,"_monsterinsights_skip_tracking":false,"ngg_post_thumbnail":0,"footnotes":"","_wp_rev_ctl_limit":""},"categories":[5],"tags":[132,114,98],"acf":[],"_links":{"self":[{"href":"https:\/\/www.bibula.com\/index.php?rest_route=\/wp\/v2\/posts\/116613"}],"collection":[{"href":"https:\/\/www.bibula.com\/index.php?rest_route=\/wp\/v2\/posts"}],"about":[{"href":"https:\/\/www.bibula.com\/index.php?rest_route=\/wp\/v2\/types\/post"}],"author":[{"embeddable":true,"href":"https:\/\/www.bibula.com\/index.php?rest_route=\/wp\/v2\/users\/1"}],"replies":[{"embeddable":true,"href":"https:\/\/www.bibula.com\/index.php?rest_route=%2Fwp%2Fv2%2Fcomments&post=116613"}],"version-history":[{"count":0,"href":"https:\/\/www.bibula.com\/index.php?rest_route=\/wp\/v2\/posts\/116613\/revisions"}],"wp:attachment":[{"href":"https:\/\/www.bibula.com\/index.php?rest_route=%2Fwp%2Fv2%2Fmedia&parent=116613"}],"wp:term":[{"taxonomy":"category","embeddable":true,"href":"https:\/\/www.bibula.com\/index.php?rest_route=%2Fwp%2Fv2%2Fcategories&post=116613"},{"taxonomy":"post_tag","embeddable":true,"href":"https:\/\/www.bibula.com\/index.php?rest_route=%2Fwp%2Fv2%2Ftags&post=116613"}],"curies":[{"name":"wp","href":"https:\/\/api.w.org\/{rel}","templated":true}]}}