{"id":116545,"date":"2020-08-27T17:58:57","date_gmt":"2020-08-27T21:58:57","guid":{"rendered":"https:\/\/www.bibula.com\/?p=116545"},"modified":"2020-08-27T17:58:57","modified_gmt":"2020-08-27T21:58:57","slug":"cwicza-walke-z-policja-atakuja-prawice-i-wtargneli-do-elektrowni-anarchisci-na-oku-sluzb","status":"publish","type":"post","link":"https:\/\/www.bibula.com\/?p=116545","title":{"rendered":"\u0106wicz\u0105 walk\u0119 z policj\u0105, atakuj\u0105 prawic\u0119 i wtargn\u0119li do elektrowni. Anarchi\u015bci na oku s\u0142u\u017cb"},"content":{"rendered":"<p><strong>\u201eAnarchistom przygl\u0105daj\u0105 si\u0119 s\u0142u\u017cby specjalne\u201d \u2013 informuje portal tvp.info w oparciu o s\u0142owa zachowuj\u0105cego anonimowo\u015b\u0107 oficera jednej z polskich formacji. Powodem zainteresowania si\u0119 skrajn\u0105 lewic\u0105 przez organy pa\u0144stwa maj\u0105 by\u0107 m.in. prowadzone w Warszawie szkolenia boj\u00f3wek. Opisani anarchi\u015bci walcz\u0105 z obro\u0144cami \u017cycia i narodowcami oraz wspieraj\u0105 ideologi\u0119 LGBT i radykalny ekologizm.<\/strong><\/p>\r\n<p>\u201e\u0106wicz\u0105 to, jak walczy\u0107 z policj\u0105, atakuj\u0105 ludzi, kt\u00f3rzy nios\u0105 odmienne i nieakceptowane przez nich has\u0142a, pr\u00f3buj\u0105 zachwia\u0107 stabilno\u015bci\u0105 bezpiecze\u0144stwa energetycznego\u201d \u2013 czytamy na portalu publicznej telewizji informacyjnej, kt\u00f3ry zacytowa\u0142 tak\u017ce oficera: <em>Aktywi\u015bci \u2013 nie tylko w Polsce \u2013 podejmuj\u0105 agresywne dzia\u0142ania skierowane przeciwko swoim politycznym i \u015bwiatopogl\u0105dowym przeciwnikom, ale r\u00f3wnie\u017c przeciwko ca\u0142emu pa\u0144stwu<\/em>.<\/p>\r\n<p>Serwis tvp.info przypomina, \u017ce od kilku miesi\u0119cy protesty politycznego ruchu LGBT zacz\u0119\u0142y si\u0119 zmienia\u0107 i pojawi\u0142a si\u0119 na nich agresja \u2013 od zniewa\u017cania katolik\u00f3w i profanowania \u015bwi\u0119tych symboli, po ataki na policjant\u00f3w. \u201ePodobnie jak na Zachodzie, w Polsce zaobserwowa\u0107 mo\u017cna pojawiaj\u0105ce si\u0119 grupy, cz\u0119sto okre\u015blaj\u0105ce si\u0119 mianem antyfaszystowskich, kt\u00f3re zradykalizowa\u0142y si\u0119 do tego stopnia, \u017ce stworzy\u0142y nawet w\u0142asne uliczne boj\u00f3wki\u201d \u2013 czytamy. To w\u0142a\u015bnie owym lewicowym fundamentalistom maj\u0105 przygl\u0105da\u0107 si\u0119 s\u0142u\u017cby specjalne.<\/p>\r\n<p>\u2013 <em>\u015arodowiska lewicowych ekstremist\u00f3w staj\u0105 si\u0119 coraz aktywniejsze i coraz cz\u0119\u015bciej organizuj\u0105 dzia\u0142ania o charakterze agresywnym. Pobicia, niszczenie mienia, treningi uwzgl\u0119dniaj\u0105ce konfrontacj\u0119 fizyczn\u0105 z policj\u0105 \u2013 to tylko cz\u0119\u015b\u0107 tej dzia\u0142alno\u015bci<\/em> \u2013 m\u00f3wi w rozmowie z serwisem tvp.info oficer s\u0142u\u017cb specjalnych, kt\u00f3ry nie chcia\u0142 ujawnia\u0107 swoich personali\u00f3w.<\/p>\r\n<p>Portal zauwa\u017ca, \u017ce jedn\u0105 z tego rodzaju boj\u00f3wek jest Biennale Warszawa, kt\u00f3ra \u2013 jako \u201einstytucja kultury\u201d \u2013 otrzyma\u0142a od miasta sto\u0142ecznego wsparcie finansowe. \u201eTylko w 2020 r. bud\u017cet tej organizacji wynosi prawie 2,2 mln z\u0142\u201d \u2013 podaje tvp.info.<\/p>\r\n<p>W tej grupie realizowany jest projekt \u201eSpo\u0142eczna Szko\u0142a Antykapitalizmu\u201d. Zainicjowali go anarchi\u015bci ze sk\u0142otu Syrena na ul. Wilczej w Warszawie. To jednak nie wszystko, gdy\u017c \u2013 jak wynika z ustale\u0144 serwisu \u2013 SSA w ostatnich 2 latach prowadzi\u0142a \u0107wiczenia i szkolenia dla lewicowych radyka\u0142\u00f3w. Zaj\u0119cia by\u0142y zamkni\u0119te dla os\u00f3b postronnych i negowa\u0142y istniej\u0105cy system ekonomiczno-spo\u0142eczny. Jakby tego by\u0142o ma\u0142o \u201eanarchi\u015bci trenowali dzia\u0142ania, kt\u00f3re jednoznacznie dopuszczaj\u0105 sytuacje \u0142ami\u0105ce prawo oraz konfrontacj\u0119 fizyczn\u0105 m.in. z policj\u0105\u201d.<\/p>\r\n<p>W\u015br\u00f3d tytu\u0142\u00f3w zaj\u0119\u0107 znajdziemy m.in. \u201eTaktyki miejskie\/uliczna gimnastyka, czyli techniki dzia\u0142ania grupowego\u201d. Tak\u0105 \u201elekcj\u0119\u201d prowadzi\u0142 Kolektyw Szara\u0144cza \u2013 \u201egrupa oddolna, kt\u00f3rej celem jest tworzenie przestrzeni do wymiany wiedzy na temat akcji bezpo\u015brednich\u201d.<\/p>\r\n<p>Przedstawiciele tego \u015brodowiska zniszczyli w czerwcu ci\u0119\u017car\u00f3wk\u0119 Fundacji Pro-Prawo do \u017bycia \u2013 podaje tvp.info przypominaj\u0105c, \u017ce do ataku dosz\u0142o na placu Zbawiciela oraz w pobli\u017cu sk\u0142otu Syrena. W jednym z atak\u00f3w bra\u0142 udzia\u0142 \u2013 jak wynika z materia\u0142\u00f3w video i doniesie\u0144 medialnych \u2013 Micha\u0142 Sz. Jego zatrzymanie za \u00f3w chuliga\u0144ski wybryk spowodowa\u0142o kr\u00f3tkotrwa\u0142e zamieszki na ulicach Warszawy, za\u015b sam aktywista o pseudonimie \u201eMargot\u201d sta\u0142 si\u0119 do pewnego stopnia bohaterem dla lewicowych medi\u00f3w.<\/p>\r\n<p>\u201eEkstremi\u015bci zwi\u0105zani z SSA atakowali policjant\u00f3w, skandowali wulgarne wyzwiska pod ich adresem, wchodzili na policyjne samochody i utrudniali funkcjonariuszom wype\u0142nianie czynno\u015bci s\u0142u\u017cbowych. W efekcie tych zdarze\u0144 policja zatrzyma\u0142a 49 os\u00f3b\u201d \u2013 przypomina tvp.info.<\/p>\r\n<p>Portal telewizji informacyjnej podaje ponadto, \u017ce anarchi\u015bci dzia\u0142aj\u0105 i poza Warszaw\u0105, a w Katowicach skrajna lewica star\u0142a si\u0119 z nacjonalistami. Jedna z ofiar post\u0119powych fundamentalist\u00f3w mia\u0142a po\u0142amane \u017cebra i rozci\u0119t\u0105 g\u0142ow\u0119. W walce u\u017cyto narz\u0119dzi.<\/p>\r\n<p>Jakby walki za \u201et\u0119czowe\u201d postulaty, zwalczania obro\u0144c\u00f3w \u017cycia i narodowc\u00f3w by\u0142o ma\u0142o, anarchi\u015bci w\u0142\u0105czaj\u0105 si\u0119 \u2013 r\u00f3wnie\u017c poprzez nielegalne \u015brodki \u2013 w sprawy z pogranicza energetyki i polityki klimatycznej. Ko\u0144cem lipca odby\u0142 si\u0119 bowiem \u201eOb\u00f3z dla Klimatu\u201d zorganizowany wsp\u00f3lnie z niemieck\u0105 Ende Gel\u00e4nde \u2013 grup\u0105 uznawan\u0105 przez w\u0142adze RFN za ekstremistyczn\u0105. W ramach wydarzenia pr\u00f3bowano zak\u0142\u00f3ci\u0107 funkcjonowanie kopalni odkrywkowej w Drzewcach. W wyniku bezprawnego wtargni\u0119cia anarchist\u00f3w na teren zak\u0142adu musia\u0142a interweniowa\u0107 policja. Zatrzymano 34 osoby.<\/p>\r\n<p>\u0179r\u00f3d\u0142o: tvp.info<\/p>\r\n<p>MW\u0142<\/p>","protected":false},"excerpt":{"rendered":"\u201eAnarchistom przygl\u0105daj\u0105 si\u0119 s\u0142u\u017cby specjalne\u201d \u2013 informuje portal tvp.info w oparciu o s\u0142owa zachowuj\u0105cego anonimowo\u015b\u0107 oficera jednej z polskich formacji. Powodem zainteresowania si\u0119 skrajn\u0105 lewic\u0105 przez organy pa\u0144stwa maj\u0105 by\u0107 m.in. prowadzone w Warszawie szkolenia boj\u00f3wek. Opisani anarchi\u015bci walcz\u0105 z obro\u0144cami \u017cycia i narodowcami oraz wspieraj\u0105 ideologi\u0119 LGBT i radykalny ekologizm. \u201e\u0106wicz\u0105 to, jak walczy\u0107 [&hellip;]","protected":false},"author":1,"featured_media":0,"comment_status":"closed","ping_status":"closed","sticky":false,"template":"","format":"standard","meta":{"_acf_changed":false,"_monsterinsights_skip_tracking":false,"_monsterinsights_sitenote_active":false,"_monsterinsights_sitenote_note":"","_monsterinsights_sitenote_category":0,"ngg_post_thumbnail":0,"footnotes":"","_wp_rev_ctl_limit":""},"categories":[8],"tags":[410,26,98,20,126],"acf":[],"_links":{"self":[{"href":"https:\/\/www.bibula.com\/index.php?rest_route=\/wp\/v2\/posts\/116545"}],"collection":[{"href":"https:\/\/www.bibula.com\/index.php?rest_route=\/wp\/v2\/posts"}],"about":[{"href":"https:\/\/www.bibula.com\/index.php?rest_route=\/wp\/v2\/types\/post"}],"author":[{"embeddable":true,"href":"https:\/\/www.bibula.com\/index.php?rest_route=\/wp\/v2\/users\/1"}],"replies":[{"embeddable":true,"href":"https:\/\/www.bibula.com\/index.php?rest_route=%2Fwp%2Fv2%2Fcomments&post=116545"}],"version-history":[{"count":0,"href":"https:\/\/www.bibula.com\/index.php?rest_route=\/wp\/v2\/posts\/116545\/revisions"}],"wp:attachment":[{"href":"https:\/\/www.bibula.com\/index.php?rest_route=%2Fwp%2Fv2%2Fmedia&parent=116545"}],"wp:term":[{"taxonomy":"category","embeddable":true,"href":"https:\/\/www.bibula.com\/index.php?rest_route=%2Fwp%2Fv2%2Fcategories&post=116545"},{"taxonomy":"post_tag","embeddable":true,"href":"https:\/\/www.bibula.com\/index.php?rest_route=%2Fwp%2Fv2%2Ftags&post=116545"}],"curies":[{"name":"wp","href":"https:\/\/api.w.org\/{rel}","templated":true}]}}