{"id":116474,"date":"2020-08-26T10:45:33","date_gmt":"2020-08-26T14:45:33","guid":{"rendered":"http:\/\/www.bibula.com\/?p=116474"},"modified":"2020-08-26T10:45:33","modified_gmt":"2020-08-26T14:45:33","slug":"portal-tvp-info-szczuje-polakow-przeciw-polakom-widzisz-kogos-bez-maski-reaguj","status":"publish","type":"post","link":"https:\/\/www.bibula.com\/?p=116474","title":{"rendered":"Portal TVP INFO szczuje Polak\u00f3w przeciw Polakom. \u201eWidzisz kogo\u015b BEZ MASKI \u2013 REAGUJ\u201d"},"content":{"rendered":"<div class=\"td-module-meta-info\">\r\n<p><strong>Portal TVP INFO prowadzony przez Samuela Pereir\u0119 szczuje jednych Polak\u00f3w przeciwko drugim, namawiaj\u0105c do tego, by donosi\u0107 i \u201ereagowa\u0107\u201d na ludzi, kt\u00f3rzy nie nosz\u0105 maseczek.<\/strong><\/p>\r\n<p><em>\u201eWidzisz cz\u0142owieka w sklepie bez maski \u2013 reaguj! Widzisz, \u017ce kto\u015b nosi mask\u0119 na brodzie \u2013 reaguj! Razem nale\u017cy walczy\u0107 z pandemi\u0105\u201d<\/em> \u2013 czytamy na Twitterze portalu TVP INFO. Udost\u0119pniono r\u00f3wnie\u017c specjalne nagranie instrukta\u017cowe.<\/p>\r\n<p><em>\u201eZawsze w sklepie jestem bez maski. Wolni ludzie nie nosz\u0105 kaga\u0144c\u00f3w\u201d<\/em> \u2013 odpisa\u0142 pa\u0144stwowemu medium Jacek Bartyzel \u2013 przedstawiciel wolno\u015bciowego skrzyd\u0142a Konfederacji.<\/p>\r\n<p>Komentarze pod wpisem portalu re\u017cim\u00f3wki utrzymane by\u0142y w podobnym tonie:<strong><em> <span class=\"pullquote\">\u201eWidzisz TVP? Reaguj. U\u017cyj pilota\u201d<\/span>.<\/em><\/strong><\/p>\r\n<p>Oczywi\u015bcie z wolno\u015bciowego punktu widzenia ka\u017cdy w\u0142a\u015bciciel sklepu ma prawo za\u017c\u0105da\u0107 od wchodz\u0105cych, by ubrali maseczki lub zostali na zewn\u0105trz. Taki nakaz ze strony pa\u0144stwa \u2013 zw\u0142aszcza, gdy skuteczno\u015b\u0107 maseczek budzi spore kontrowersje \u2013 jest jednak ju\u017c bardzo dyskusyjny.<\/p>\r\n<blockquote class=\"twitter-tweet\">\r\n<p>Widzisz cz\u0142owieka w sklepie bez maski &#8211; reaguj! Widzisz, \u017ce kto\u015b nosi mask\u0119 na brodzie &#8211; reaguj! Razem nale\u017cy walczy\u0107 z pandemi\u0105.<a href=\"https:\/\/twitter.com\/hashtag\/wieszwi%C4%99cej?src=hash&amp;ref_src=twsrc%5Etfw\">#wieszwi\u0119cej<\/a> <a href=\"https:\/\/twitter.com\/hashtag\/koronawirus?src=hash&amp;ref_src=twsrc%5Etfw\">#koronawirus<\/a> <br \/>\r\n<br \/>\r\nZobacz wi\u0119cej: <a href=\"https:\/\/t.co\/EhkYnSEBM3\">https:\/\/t.co\/EhkYnSEBM3<\/a> <a href=\"https:\/\/t.co\/R9GxCkKArS\">pic.twitter.com\/R9GxCkKArS<\/a><\/p>\r\n\r\n\u2014 portal tvp.info ?? (@tvp_info) <a href=\"https:\/\/twitter.com\/tvp_info\/status\/1298233916029988864?ref_src=twsrc%5Etfw\">August 25, 2020<\/a><\/blockquote>\r\n<script async src=\"https:\/\/platform.twitter.com\/widgets.js\" charset=\"utf-8\"><\/script><\/div>\r\n<div class=\"td-module-meta-info\"><br \/>\r\n<p class=\"zrodlo\">Za: <a href=\"https:\/\/nczas.com\/2020\/08\/26\/portal-tvp-info-szczuje-polakow-przeciw-polakom-widzisz-kogos-bez-maski-reaguj-video\/\">Najwy\u017cszy Czas! (26 sierpnia 2020)<\/a> &#8211; [Org. tytu\u0142: \u00abPortal TVP INFO szczuje Polak\u00f3w przeciw Polakom. \u201eWidzisz kogo\u015b BEZ MASKI \u2013 REAGUJ\u201d [VIDEO]\u00bb]<\/p>\r\n<h4>\u00a0<\/h4>\r\n<hr style=\"background-color: #000000; border-width: 0; color: #000000; height: 2px; line-height: 0; text-align: center; width: 100%;\" \/>\r\n<h4>\u00a0<\/h4>\r\n<\/div>","protected":false},"excerpt":{"rendered":"Portal TVP INFO prowadzony przez Samuela Pereir\u0119 szczuje jednych Polak\u00f3w przeciwko drugim, namawiaj\u0105c do tego, by donosi\u0107 i \u201ereagowa\u0107\u201d na ludzi, kt\u00f3rzy nie nosz\u0105 maseczek. \u201eWidzisz cz\u0142owieka w sklepie bez maski \u2013 reaguj! Widzisz, \u017ce kto\u015b nosi mask\u0119 na brodzie \u2013 reaguj! Razem nale\u017cy walczy\u0107 z pandemi\u0105\u201d \u2013 czytamy na Twitterze portalu TVP INFO. Udost\u0119pniono [&hellip;]","protected":false},"author":1,"featured_media":0,"comment_status":"closed","ping_status":"closed","sticky":false,"template":"","format":"standard","meta":{"_acf_changed":false,"_monsterinsights_skip_tracking":false,"_monsterinsights_sitenote_active":false,"_monsterinsights_sitenote_note":"","_monsterinsights_sitenote_category":0,"ngg_post_thumbnail":0,"footnotes":"","_wp_rev_ctl_limit":""},"categories":[451,8],"tags":[433,98,159,136,20],"acf":[],"_links":{"self":[{"href":"https:\/\/www.bibula.com\/index.php?rest_route=\/wp\/v2\/posts\/116474"}],"collection":[{"href":"https:\/\/www.bibula.com\/index.php?rest_route=\/wp\/v2\/posts"}],"about":[{"href":"https:\/\/www.bibula.com\/index.php?rest_route=\/wp\/v2\/types\/post"}],"author":[{"embeddable":true,"href":"https:\/\/www.bibula.com\/index.php?rest_route=\/wp\/v2\/users\/1"}],"replies":[{"embeddable":true,"href":"https:\/\/www.bibula.com\/index.php?rest_route=%2Fwp%2Fv2%2Fcomments&post=116474"}],"version-history":[{"count":0,"href":"https:\/\/www.bibula.com\/index.php?rest_route=\/wp\/v2\/posts\/116474\/revisions"}],"wp:attachment":[{"href":"https:\/\/www.bibula.com\/index.php?rest_route=%2Fwp%2Fv2%2Fmedia&parent=116474"}],"wp:term":[{"taxonomy":"category","embeddable":true,"href":"https:\/\/www.bibula.com\/index.php?rest_route=%2Fwp%2Fv2%2Fcategories&post=116474"},{"taxonomy":"post_tag","embeddable":true,"href":"https:\/\/www.bibula.com\/index.php?rest_route=%2Fwp%2Fv2%2Ftags&post=116474"}],"curies":[{"name":"wp","href":"https:\/\/api.w.org\/{rel}","templated":true}]}}