{"id":116463,"date":"2020-08-25T21:02:12","date_gmt":"2020-08-26T01:02:12","guid":{"rendered":"http:\/\/www.bibula.com\/?p=116463"},"modified":"2020-08-25T21:02:12","modified_gmt":"2020-08-26T01:02:12","slug":"dunscy-liberalowie-przyznaja-muzulmanie-sie-nie-przydali","status":"publish","type":"post","link":"https:\/\/www.bibula.com\/?p=116463","title":{"rendered":"Du\u0144scy libera\u0142owie przyznaj\u0105: muzu\u0142manie si\u0119 nie\u00a0przydali"},"content":{"rendered":"<p><em>[Jak oni do tego wniosku doszli? \u2013 admin]<\/em><\/p>\r\n<p><strong>Ju\u017c od kilku lat w Danii trwa debata na temat modelu imigracji do tego kraju, a jej rezultatem staj\u0105 si\u0119 kolejne dzia\u0142ania wymierzone g\u0142\u00f3wnie w tworzenie si\u0119 spo\u0142ecze\u0144stw r\u00f3wnoleg\u0142ych.<\/strong><\/p>\r\n<p>Wiceszefowa du\u0144skich libera\u0142\u00f3w, Inger St\u00f6jberg, m\u00f3wi natomiast wprost o braku jakichkolwiek korzy\u015bci z otwarcia granic dla os\u00f3b pochodz\u0105cych z pa\u0144stw muzu\u0142ma\u0144skich.<\/p>\r\n<p><span id=\"more-86813\"><\/span>St\u00f6jberg zajmowa\u0142a si\u0119 kwestiami imigracji, gdy by\u0142a jeszcze cz\u0142onkiem rz\u0105du. W latach 2009-2011 oraz 2015-2019 pe\u0142ni\u0142a ona wpierw funkcj\u0119 ministra ds. zatrudnienia i r\u00f3wnouprawnienia, a nast\u0119pnie ministra ds. integracji. W tym drugi resorcie zajmowa\u0142a si\u0119 g\u0142\u00f3wnie kwestiami tak zwanego spo\u0142ecze\u0144stwa r\u00f3wnoleg\u0142ego, czyli niezintegrowanych imigrant\u00f3w odcinaj\u0105cych si\u0119 od kultury i warto\u015bci du\u0144skiego spo\u0142ecze\u0144stwa. <em>[A to byli jacy\u015b inni?? \u2013 admin]<\/em><\/p>\r\n<p>Teraz wiceszefowa liberalnej partii Venstre wprost krytykuje polityk\u0119 imigracyjn\u0105 wcze\u015bniejszych du\u0144skich rz\u0105d\u00f3w. Jej zdaniem nap\u0142yw obcokrajowc\u00f3w z pa\u0144stw z dominuj\u0105c\u0105 religi\u0105 islamu \u201eprzynios\u0142a wi\u0119cej szkody ni\u017c po\u017cytku\u201d. Co prawda przyznaje ona, \u017ce w Danii \u017cyj\u0105 muzu\u0142manie dobrze radz\u0105cy sobie w tamtejszym spo\u0142ecze\u0144stwie, ale wci\u0105\u017c jest ich zdecydowanie zbyt ma\u0142o.<\/p>\r\n<p>Wi\u0119kszo\u015b\u0107 nie-europejskich imigrant\u00f3w mieszkaj\u0105cych w Danii ma tymczasem sprawia\u0107 problemy. Stawiaj\u0105 oni bowiem coraz wi\u0119cej \u017c\u0105da\u0144, kt\u00f3rych nie da si\u0119 pogodzi\u0107 z zachowaniami dominuj\u0105cymi w tamtejszym spo\u0142ecze\u0144stwie. Chodzi mi\u0119dzy innymi o specjalne prawa w szko\u0142ach, miejscach pracy i na basenach; nadu\u017cywanie \u015bwiadcze\u0144 socjalnych, brak ch\u0119ci wniesienia czegokolwiek do \u017cycia spo\u0142ecznego, brak szacunku dla w\u0142adz czy przest\u0119pczo\u015b\u0107.<br \/>\r\n<em>[Naprawd\u0119? \u2013 admin<\/em><\/p>\r\n<p>By\u0142a minister zauwa\u017ca szereg b\u0142\u0119d\u00f3w pope\u0142nionych przez du\u0144skie w\u0142adze. Po pierwsze, imigrant\u00f3w \u015bci\u0105gni\u0119to wi\u0119c do tego pa\u0144stwa o wiele za du\u017co. Po drugie, Dania nie postawi\u0142a obcokrajowcom odpowiednio wy\u015brubowanych wymaga\u0144. Wielu z nich z tego ostatniego powodu nie zachowuje si\u0119 w\u0142a\u015bciwie, nie maj\u0105c r\u00f3wnie\u017c \u201eDanii w sercu\u201d.<\/p>\r\n<p>Lider du\u0144skich libera\u0142\u00f3w przypomina mi\u0119dzy innymi o statystykach dotycz\u0105cych przest\u0119pczo\u015bci. Wynika z nich, \u017ce osoby z pa\u0144stw nie-zachodnich posiadaj\u0105 nadreprezentacj\u0119 w wi\u0119zieniach i to o blisko 255 proc. Dodatkowo zmienia si\u0119 charakter przest\u0119pczo\u015bci \u2013 coraz wi\u0119cej os\u00f3b trafia do areszt\u00f3w z powodu strzelanin, rajd\u00f3w samochodowych urz\u0105dzanych w centrach miast czy zbiorowych napad\u00f3w na ludzi. Ma to w du\u017cej mierze zwi\u0105zek z pojawieniem si\u0119 gang\u00f3w.<\/p>\r\n<p>Dla wiceszefowej Venstre sprawa jest wi\u0119c niezwykle prosta. Imigranci pope\u0142niaj\u0105cy przest\u0119pstwa powinni by\u0107 wydalani z kraju. Nie wierzy ona bowiem w stosowanie r\u00f3\u017cnorodnych program\u00f3w resocjalizacyjnych. Poza tym du\u0144skie pa\u0144stwo bez wielu obcokrajowc\u00f3w mo\u017ce si\u0119 po prostu obej\u015b\u0107.<\/p>\r\n<p><em>Na podstawie: nyheteridag.se.<\/em><br \/>\r\n<em><a href=\"http:\/\/autonom.pl\/?p=32905\" target=\"_blank\" rel=\"noopener noreferrer\">http:\/\/autonom.pl<\/a><\/em><\/p>\r\n<p><em>Zobacz te\u017c: <a href=\"http:\/\/autonom.pl\/?p=32415\">Dania pierwszy raz od 70 lat aresztuje za zdrad\u0119<\/a><\/em><\/p>","protected":false},"excerpt":{"rendered":"[Jak oni do tego wniosku doszli? \u2013 admin] Ju\u017c od kilku lat w Danii trwa debata na temat modelu imigracji do tego kraju, a jej rezultatem staj\u0105 si\u0119 kolejne dzia\u0142ania wymierzone g\u0142\u00f3wnie w tworzenie si\u0119 spo\u0142ecze\u0144stw r\u00f3wnoleg\u0142ych. Wiceszefowa du\u0144skich libera\u0142\u00f3w, Inger St\u00f6jberg, m\u00f3wi natomiast wprost o braku jakichkolwiek korzy\u015bci z otwarcia granic dla os\u00f3b pochodz\u0105cych [&hellip;]","protected":false},"author":1,"featured_media":0,"comment_status":"closed","ping_status":"closed","sticky":false,"template":"","format":"standard","meta":{"_acf_changed":false,"_monsterinsights_skip_tracking":false,"ngg_post_thumbnail":0,"footnotes":"","_wp_rev_ctl_limit":""},"categories":[6],"tags":[273,76,70],"acf":[],"_links":{"self":[{"href":"https:\/\/www.bibula.com\/index.php?rest_route=\/wp\/v2\/posts\/116463"}],"collection":[{"href":"https:\/\/www.bibula.com\/index.php?rest_route=\/wp\/v2\/posts"}],"about":[{"href":"https:\/\/www.bibula.com\/index.php?rest_route=\/wp\/v2\/types\/post"}],"author":[{"embeddable":true,"href":"https:\/\/www.bibula.com\/index.php?rest_route=\/wp\/v2\/users\/1"}],"replies":[{"embeddable":true,"href":"https:\/\/www.bibula.com\/index.php?rest_route=%2Fwp%2Fv2%2Fcomments&post=116463"}],"version-history":[{"count":0,"href":"https:\/\/www.bibula.com\/index.php?rest_route=\/wp\/v2\/posts\/116463\/revisions"}],"wp:attachment":[{"href":"https:\/\/www.bibula.com\/index.php?rest_route=%2Fwp%2Fv2%2Fmedia&parent=116463"}],"wp:term":[{"taxonomy":"category","embeddable":true,"href":"https:\/\/www.bibula.com\/index.php?rest_route=%2Fwp%2Fv2%2Fcategories&post=116463"},{"taxonomy":"post_tag","embeddable":true,"href":"https:\/\/www.bibula.com\/index.php?rest_route=%2Fwp%2Fv2%2Ftags&post=116463"}],"curies":[{"name":"wp","href":"https:\/\/api.w.org\/{rel}","templated":true}]}}