{"id":116394,"date":"2020-08-20T09:39:07","date_gmt":"2020-08-20T13:39:07","guid":{"rendered":"http:\/\/www.bibula.com\/?p=116394"},"modified":"2020-08-20T09:39:07","modified_gmt":"2020-08-20T13:39:07","slug":"protestancka-wspolnota-udzielajaca-homomalzenstw-wykreslona-z-rejestru-prokurator-generalny-zwraca-uwage-na-braki-formalne","status":"publish","type":"post","link":"https:\/\/www.bibula.com\/?p=116394","title":{"rendered":"Protestancka wsp\u00f3lnota udzielaj\u0105ca \u201ehomoma\u0142\u017ce\u0144stw&#8221; wykre\u015blona z rejestru? Prokurator Generalny zwraca uwag\u0119 na braki formalne"},"content":{"rendered":"<p><strong>\u201e14 lipca prokurator generalny Zbigniew Ziobro wni\u00f3s\u0142 sprzeciw od decyzji ministra spraw wewn\u0119trznych i administracji o wpisie Reformowanego Ko\u015bcio\u0142a do rejestru\u201d &#8211; podaje \u201eRzeczpospolita\u201d. Powodem zastrze\u017ce\u0144 maj\u0105 by\u0107 braki formalne, co nie przeszkadza dziennikowi pisa\u0107 o \u201enowej krucjacie Ziobry\u201d &#8211; pos\u0142uguj\u0105c si\u0119 i utrwalaj\u0105c w spo\u0142ecze\u0144stwie negatywne skojarzenia ze s\u0142owem \u201ekrucjata\u201d.<\/strong><\/p>\r\n<p>Cho\u0107 z tekstu wynika, \u017ce Prokurator Generalny odni\u00f3s\u0142 si\u0119 do kwestii formalnych, to \u201eRzeczpospolita\u201d sugeruje ideowe t\u0142o ca\u0142ej sprawy. Oto bowiem zwi\u0105zek wyznaniowy o nazwie \u201eReformowany Ko\u015bci\u00f3\u0142 Katolicki w Polsce\u201d jest jedyn\u0105 uznan\u0105 przez pa\u0144stwo wsp\u00f3lnot\u0105 odwo\u0142uj\u0105c\u0105 si\u0119 do chrze\u015bcija\u0144stwa, kt\u00f3ra \u201eb\u0142ogos\u0142awi\u201d jednop\u0142ciowe \u201ema\u0142\u017ce\u0144stwa\u201d.<\/p>\r\n<p>&#8211; <em>Mamy obawy, \u017ce sprawa jest polityczna<\/em> &#8211; m\u00f3wi\u0105 nieoficjalnie \u201eRzeczpospolitej\u201d cz\u0142onkowie niewielkiej wsp\u00f3lnoty obecnej w 7 miastach i widniej\u0105cej w rejestrze ko\u015bcio\u0142\u00f3w i innych zwi\u0105zk\u00f3w wyznaniowych od stycznia.<\/p>\r\n<p>Z czego wynika\u0107 ma owo polityczne t\u0142o? By\u0107 mo\u017ce wierni wsp\u00f3lnoty oraz dziennik \u201eRzeczpospolita\u201d po\u0142\u0105czyli swoist\u0105 konserwatywn\u0105 ofensyw\u0119 ministra Ziobry z podniesieniem w\u0105tpliwo\u015bci proceduralnych dotycz\u0105cych zwi\u0105zku wyznaniowego. To jednak wy\u0142\u0105cznie opinia, na potwierdzenie kt\u00f3rej nie ma jednoznacznych dowod\u00f3w.<\/p>\r\n<p>\u201eProkurator Generalny m.in. podni\u00f3s\u0142, \u017ce statut oraz wniosek Reformowanego Ko\u015bcio\u0142a Katolickiego nie zawiera\u0142y istotnych informacji wymaganych ustaw\u0105: w zakresie cel\u00f3w zwi\u0105zanych z dzia\u0142alno\u015bci\u0105 Ko\u015bcio\u0142a. Organ rejestrowy nie dokona\u0142 r\u00f3wnie\u017c oceny wniosku Ko\u015bcio\u0142a o wpis pod wzgl\u0119dem zgodno\u015bci z przepisami ustaw chroni\u0105cymi bezpiecze\u0144stwo i porz\u0105dek publiczny, zdrowie, moralno\u015b\u0107 publiczn\u0105, w\u0142adz\u0119 rodzicielsk\u0105 oraz podstawowe prawa i wolno\u015bci innych os\u00f3b\u201d &#8211; poinformowa\u0142 dziennik dzia\u0142 prasowy Prokuratury Krajowej dodaj\u0105c, \u017ce zwi\u0105zek wyznaniowy nie uzupe\u0142ni\u0142 brak\u00f3w formalnych w nale\u017cnym terminie, do czego wsp\u00f3lnot\u0119 wezwa\u0142o MSWiA.<\/p>\r\n<p>Dr hab. Pawe\u0142 Borecki z Zak\u0142adu Prawa Wyznaniowego UW powiedzia\u0142 dziennikowi, \u017ce pierwszy raz spotyka si\u0119 z sytuacj\u0105, gdy Prokurator Generalny wnosi sprzeciw wobec wpisania zwi\u0105zku wyznaniowego do rejestru. Jego zdaniem \u201eklauzula porz\u0105dku publicznego\u201d, kt\u00f3ra stanowi jedno z wielu zastrze\u017ce\u0144, jest pojemna i \u201edaje pole do nadu\u017cy\u0107 w ograniczaniu wolno\u015bci zrzeszania si\u0119 we wsp\u00f3lnoty religijne\u201d.<\/p>\r\n<p>\u201eZdaniem eksperta prokurator generalny nadu\u017cywa swoich uprawnie\u0144. I podejrzewa, \u017ce rzeczywist\u0105 motywacj\u0105 jego dzia\u0142a\u0144 mo\u017ce by\u0107 otwarto\u015b\u0107 wsp\u00f3lnoty na LGBT\u201d &#8211; podaje \u201eRzeczpospolita\u201d. Ale zn\u00f3w bez przekonuj\u0105cych dowod\u00f3w &#8211; to nadal jedynie opinia \u0142\u0105cz\u0105ca aktywno\u015b\u0107 ministra Ziobry w sferze temat\u00f3w \u015bwiatopogl\u0105dowych ze zg\u0142oszeniem zastrze\u017ce\u0144 zwi\u0105zanych z brakami formalnymi.<\/p>\r\n<p>W ca\u0142ej sprawie nie wiadomo, czy mamy do czynienia z motywowanym politycznie krzywdz\u0105cym traktowaniem \u201etolerancyjnej\u201d wsp\u00f3lnoty przez ministra Ziobr\u0119 &#8211; jak <em>de facto<\/em> sugeruje \u201eRzeczpospolita\u201d &#8211; czy jest dok\u0142adnie odwrotnie, a dziennik staje w obronie zwi\u0105zku wyznaniowego, kt\u00f3ry podczas procedury rejestracji pope\u0142ni\u0142 b\u0142\u0119dy proceduralne i jako wielkie oraz poczytne medium pr\u00f3buje wymusi\u0107 na polskich w\u0142adzach pob\u0142a\u017cliwe traktowanie sprawy z powodu otwarto\u015bci \u201eReformowanego Ko\u015bcio\u0142a\u201d na ruch LGBT lub przynajmniej zasugerowa\u0107 swoim czytelnikom z\u0142\u0105 wol\u0119 Prokuratora Generalnego.<\/p>\r\n<p>Warto natomiast pami\u0119ta\u0107, \u017ce tego typu \u201e\u015bluby\u201d maj\u0105 charakter uroczysto\u015bci prywatnej oraz religijnej i nie wywo\u0142uj\u0105 skutk\u00f3w prawnych &#8211; s\u0105 niejako jedynie wewn\u0119trzn\u0105 spraw\u0105 wsp\u00f3lnoty.<\/p>\r\n<p>\u0179r\u00f3d\u0142o: rp.pl<\/p>\r\n<p>MW\u0142<\/p>\r\n<blockquote>\r\n<p>[<strong>Wybrane wypowiedzi internaut\u00f3w pod w\/w tekstem na stronie \u017ar\u00f3d\u0142owej:<\/strong>]<\/p>\r\n<p>Brawo panie Ziobro. Goni\u0107 sodomi\u0119 z polskiej ziemi. Wypala\u0107 gor\u0105cym \u017celazem.<br>\r\n<em>Polak<\/em><\/p>\r\n<\/blockquote>","protected":false},"excerpt":{"rendered":"\u201e14 lipca prokurator generalny Zbigniew Ziobro wni\u00f3s\u0142 sprzeciw od decyzji ministra spraw wewn\u0119trznych i administracji o wpisie Reformowanego Ko\u015bcio\u0142a do rejestru\u201d &#8211; podaje \u201eRzeczpospolita\u201d. Powodem zastrze\u017ce\u0144 maj\u0105 by\u0107 braki formalne, co nie przeszkadza dziennikowi pisa\u0107 o \u201enowej krucjacie Ziobry\u201d &#8211; pos\u0142uguj\u0105c si\u0119 i utrwalaj\u0105c w spo\u0142ecze\u0144stwie negatywne skojarzenia ze s\u0142owem \u201ekrucjata\u201d. Cho\u0107 z tekstu wynika, [&hellip;]","protected":false},"author":1,"featured_media":0,"comment_status":"closed","ping_status":"closed","sticky":false,"template":"","format":"standard","meta":{"_acf_changed":false,"_monsterinsights_skip_tracking":false,"_monsterinsights_sitenote_active":false,"_monsterinsights_sitenote_note":"","_monsterinsights_sitenote_category":0,"ngg_post_thumbnail":0,"footnotes":"","_wp_rev_ctl_limit":""},"categories":[8],"tags":[114,26,98],"acf":[],"_links":{"self":[{"href":"https:\/\/www.bibula.com\/index.php?rest_route=\/wp\/v2\/posts\/116394"}],"collection":[{"href":"https:\/\/www.bibula.com\/index.php?rest_route=\/wp\/v2\/posts"}],"about":[{"href":"https:\/\/www.bibula.com\/index.php?rest_route=\/wp\/v2\/types\/post"}],"author":[{"embeddable":true,"href":"https:\/\/www.bibula.com\/index.php?rest_route=\/wp\/v2\/users\/1"}],"replies":[{"embeddable":true,"href":"https:\/\/www.bibula.com\/index.php?rest_route=%2Fwp%2Fv2%2Fcomments&post=116394"}],"version-history":[{"count":0,"href":"https:\/\/www.bibula.com\/index.php?rest_route=\/wp\/v2\/posts\/116394\/revisions"}],"wp:attachment":[{"href":"https:\/\/www.bibula.com\/index.php?rest_route=%2Fwp%2Fv2%2Fmedia&parent=116394"}],"wp:term":[{"taxonomy":"category","embeddable":true,"href":"https:\/\/www.bibula.com\/index.php?rest_route=%2Fwp%2Fv2%2Fcategories&post=116394"},{"taxonomy":"post_tag","embeddable":true,"href":"https:\/\/www.bibula.com\/index.php?rest_route=%2Fwp%2Fv2%2Ftags&post=116394"}],"curies":[{"name":"wp","href":"https:\/\/api.w.org\/{rel}","templated":true}]}}