{"id":116392,"date":"2020-08-20T09:39:13","date_gmt":"2020-08-20T13:39:13","guid":{"rendered":"http:\/\/www.bibula.com\/?p=116392"},"modified":"2020-08-20T09:39:13","modified_gmt":"2020-08-20T13:39:13","slug":"polskie-katolickie-dzieci-w-rekach-muzulmanow-tak-dziala-niemiecki-jugendamt","status":"publish","type":"post","link":"https:\/\/www.bibula.com\/?p=116392","title":{"rendered":"Polskie, katolickie dzieci w r\u0119kach muzu\u0142man\u00f3w. Tak dzia\u0142a niemiecki Jugendamt"},"content":{"rendered":"<p><strong>Niemiecki Jugendamt odebra\u0142 Polce dwoje ma\u0142ych dzieci. Rozdzielone rodze\u0144stwo trafi\u0142o pod opiek\u0119 muzu\u0142ma\u0144skich rodzin rodem z Turcji. Sprawa trafi\u0142a do s\u0105du, kt\u00f3ry zdecyduje o losie dzieci.<\/strong><\/p>\r\n<p>Niemiecki urz\u0105d odebra\u0142 potomstwo 22-letniej Polce z Wadowic. Dzieci &#8211; trzyletnia dziewczynka i dwuletni ch\u0142opiec &#8211; zosta\u0142y rozdzielone i umieszczone w muzu\u0142ma\u0144skich rodzinach. Sprawa trafi\u0142a do s\u0105du. W pi\u0105tek s\u0105d ma zdecydowa\u0107 o przysz\u0142o\u015bci katolickich dzieci.<\/p>\r\n<p>Problemy Klaudii Majewskiej z Bad Salzuflen, zacz\u0119\u0142y si\u0119 po tym, jak w 2018 roku zg\u0142osi\u0142a si\u0119 do urz\u0119du socjalnego. Prosi\u0142a o pomoc w znalezieniu mieszkania. Dot\u0105d kobieta go\u015bci\u0142a u matki. Zamiast pomocy kobiecie odebrano dzieci. Jugendamt zdecydowa\u0142 o odebraniu najpierw p\u00f3\u0142rocznego niemowlaka, a potem starszej c\u00f3rki.<\/p>\r\n<p>Dzieci trafi\u0142y do tureckich, muzu\u0142ma\u0144skich rodzin. Urz\u0105d tylko w niewielkim stopniu pozwoli\u0142 matce na kontakty z potomstwem. Ona sama utrzymuje, \u017ce dzieci s\u0105 \u017ale traktowane.<\/p>\r\n<p>Spraw\u0119 pilotuje \u201ePolskie Stowarzyszenie Przeciw Dyskryminacji Dzieci w Niemczech\u201d. W pi\u0105tek s\u0105d rodzinny w Lemgo w Niemczech zdecyduje, czy dzieci wr\u00f3c\u0105 do matki.<\/p>\r\n<p>\u0179r\u00f3d\u0142o: tvp.info<\/p>\r\n<p>MA<\/p>","protected":false},"excerpt":{"rendered":"Niemiecki Jugendamt odebra\u0142 Polce dwoje ma\u0142ych dzieci. Rozdzielone rodze\u0144stwo trafi\u0142o pod opiek\u0119 muzu\u0142ma\u0144skich rodzin rodem z Turcji. Sprawa trafi\u0142a do s\u0105du, kt\u00f3ry zdecyduje o losie dzieci. Niemiecki urz\u0105d odebra\u0142 potomstwo 22-letniej Polce z Wadowic. Dzieci &#8211; trzyletnia dziewczynka i dwuletni ch\u0142opiec &#8211; zosta\u0142y rozdzielone i umieszczone w muzu\u0142ma\u0144skich rodzinach. Sprawa trafi\u0142a do s\u0105du. W pi\u0105tek [&hellip;]","protected":false},"author":1,"featured_media":0,"comment_status":"closed","ping_status":"closed","sticky":false,"template":"","format":"standard","meta":{"_acf_changed":false,"_monsterinsights_skip_tracking":false,"ngg_post_thumbnail":0,"footnotes":"","_wp_rev_ctl_limit":""},"categories":[6],"tags":[132,166,70,98],"acf":[],"_links":{"self":[{"href":"https:\/\/www.bibula.com\/index.php?rest_route=\/wp\/v2\/posts\/116392"}],"collection":[{"href":"https:\/\/www.bibula.com\/index.php?rest_route=\/wp\/v2\/posts"}],"about":[{"href":"https:\/\/www.bibula.com\/index.php?rest_route=\/wp\/v2\/types\/post"}],"author":[{"embeddable":true,"href":"https:\/\/www.bibula.com\/index.php?rest_route=\/wp\/v2\/users\/1"}],"replies":[{"embeddable":true,"href":"https:\/\/www.bibula.com\/index.php?rest_route=%2Fwp%2Fv2%2Fcomments&post=116392"}],"version-history":[{"count":0,"href":"https:\/\/www.bibula.com\/index.php?rest_route=\/wp\/v2\/posts\/116392\/revisions"}],"wp:attachment":[{"href":"https:\/\/www.bibula.com\/index.php?rest_route=%2Fwp%2Fv2%2Fmedia&parent=116392"}],"wp:term":[{"taxonomy":"category","embeddable":true,"href":"https:\/\/www.bibula.com\/index.php?rest_route=%2Fwp%2Fv2%2Fcategories&post=116392"},{"taxonomy":"post_tag","embeddable":true,"href":"https:\/\/www.bibula.com\/index.php?rest_route=%2Fwp%2Fv2%2Ftags&post=116392"}],"curies":[{"name":"wp","href":"https:\/\/api.w.org\/{rel}","templated":true}]}}