{"id":116368,"date":"2020-08-19T13:42:58","date_gmt":"2020-08-19T17:42:58","guid":{"rendered":"http:\/\/www.bibula.com\/?p=116368"},"modified":"2020-09-19T09:47:20","modified_gmt":"2020-09-19T13:47:20","slug":"chiny-sily-zewnetrzne-musza-przestac-destabilizowac-bialorus","status":"publish","type":"post","link":"https:\/\/www.bibula.com\/?p=116368","title":{"rendered":"Chiny: Si\u0142y zewn\u0119trzne musz\u0105 przesta\u0107 destabilizowa\u0107 Bia\u0142oru\u015b"},"content":{"rendered":"<p>\u201eChiny, b\u0119d\u0105c partnerem i przyjacielem Bia\u0142orusi, nie \u017cycz\u0105 sobie chaosu na jej terytorium i ma nadziej\u0119, \u017ce stabilno\u015b\u0107 wewn\u0119trzna zostanie zachowana\u201d &#8211; powiedzia\u0142 na porannej konferencji prasowej w \u015brod\u0119 19 sierpnia rzecznik MSZ Chi\u0144skiej Republiki Ludowej Geng Shuang.<\/p>\r\n<p>\u201eChiny i Bia\u0142oru\u015b rozwijaj\u0105 wsp\u00f3\u0142prace strategiczn\u0105. Ufamy sobie nawzajem i pracujemy, by osi\u0105gn\u0105\u0107 dobro dla ka\u017cdej ze stron. Chiny szanuj\u0105 drog\u0119 rozwoju, kt\u00f3r\u0105 obra\u0142 lud bia\u0142oruski. Popieramy r\u00f3wnie\u017c wysi\u0142ki w\u0142adz w celu zachowania niepodleg\u0142o\u015bci i bezpiecze\u0144stwa kraju\u201d &#8211; og\u0142osi\u0142 dyplomata.<\/p>\r\n<p>\u201eJeste\u015bmy przeciwko tworzeniu przez si\u0142y zewn\u0119trzne turbulencji na Bia\u0142orusi. Wierzymy, \u017ce Bia\u0142oru\u015b o w\u0142asnych si\u0142ach zachowa stabilno\u015b\u0107\u201d.<\/p>\r\n<p><em>(na podst. tass.ru\/opr. Eugeniusz Onufryjuk)<\/em><\/p>\r\n<p class=\"zrodlo\">Za: <a href=\"https:\/\/xportal.pl\/?p=37290\">xportal.pl (19 sierpnia 2020)<\/a><\/p>\r\n<h4>\u00a0<\/h4>\r\n<hr style=\"background-color: #000000; border-width: 0; color: #000000; height: 2px; line-height: 0; text-align: center; width: 100%;\" \/>\r\n<h4>\u00a0<\/h4>\r\n<h2>UE nie uznaje wynik\u00f3w bia\u0142oruskich wybor\u00f3w prezydenckich<\/h2>\r\n<p><strong>Wybory na Bia\u0142orusi nie by\u0142y ani wolne, ani uczciwe, dlatego nie uznajemy wynik\u00f3w og\u0142oszonych przez w\u0142adze &#8211; powiedzia\u0142 w imieniu Rady Europejskiej jej przewodnicz\u0105cy, Charles Michel.<\/strong><\/p>\r\n<p>Po wirtualnym spotkaniu RE Michel wezwa\u0142 w\u0142adze w Mi\u0144sku by zaprzesta\u0142y stosowania przemocy wobec protestuj\u0105cych. W opinii Belga, sytuacja na Bia\u0142orusi budzi coraz wi\u0119ksze zaniepokojenie. &#8211; <em>UE wyra\u017ca solidarno\u015b\u0107 z Bia\u0142orusinami, nie akceptujemy bezkarno\u015bci <\/em>&#8211; zaznaczy\u0142 szef Rady Europejskiej, czyli gremium z\u0142o\u017conego z g\u0142\u00f3w pa\u0144stw cz\u0142onkowskich Unii &#8211; szef\u00f3w rz\u0105d\u00f3w b\u0105d\u017a prezydent\u00f3w.<\/p>\r\n<p>&#8211; <em>Ca\u0142a Rada Europejska jednoznacznie pot\u0119pi\u0142a przebieg wybor\u00f3w na Bia\u0142orusi. Stwierdzili\u015bmy, \u017ce te wybory powinny zosta\u0107 powt\u00f3rzone, \u017ce one nie mog\u0105 by\u0107 uznane za wybory uczciwie przeprowadzone, wolne i demokratyczne<\/em> &#8211; doda\u0142 po zako\u0144czeniu szczytu premier Mateusz Morawiecki.<\/p>\r\n<p>Prezes Rady Ministr\u00f3w zdradzi\u0142, i\u017c Unia w nied\u0142ugim czasie wprowadzi sankcje, kt\u00f3re obejm\u0105 ludzi odpowiedzialnych za przemoc, represje i fa\u0142szerstwa wyborcze dokonuj\u0105ce si\u0119 w pa\u0144stwie \u0141ukaszenki. &#8211; <em>Poprosi\u0142em o dopisanie punktu dotycz\u0105cego wsparcia niezale\u017cnych medi\u00f3w i organizacji pozarz\u0105dowych<\/em> &#8211; stwierdzi\u0142 premier.<\/p>\r\n<p>Cz\u0142onkowie Rady nie zgadzaj\u0105 si\u0119 na \u201ejakiekolwiek\u201d zewn\u0119trzne interwencje na Bia\u0142orusi. &#8211; <em>To oczywi\u015bcie pod adresem Rosji, bo wiemy, \u017ce prezydent \u0141ukaszenka prowadzi rozmowy z prezydentem Putinem, i chcemy, \u017ceby proces demokratyzacji Bia\u0142orusi by\u0142 w r\u0119kach bia\u0142oruskiego narodu. To jest podstawowy cel. Ka\u017cdy nar\u00f3d, ka\u017cde spo\u0142ecze\u0144stwo chce decydowa\u0107 o swoim losie &#8211; <\/em>powiedzia\u0142 szef naszego rz\u0105du.<\/p>\r\n<p>\u0179r\u00f3d\u0142o: rmf24.pl<\/p>\r\n<p>RoM<\/p>\r\n<p class=\"zrodlo\">Za: <a href=\"https:\/\/www.pch24.pl\/ue-nie-uznaje-wynikow-bialoruskich-wyborow-prezydenckich,77930,i.html\">PoloniaChristiana &#8211; pch24.pl (2020-08-19)<\/a><\/p>\r\n<h4>\u00a0<\/h4>\r\n<hr style=\"background-color: #000000; border-width: 0; color: #000000; height: 2px; line-height: 0; text-align: center; width: 100%;\" \/>\r\n<h4>\u00a0<\/h4>\r\n<h2>Prezydent rozmawia\u0142 z sekretarzem generalnym NATO o sytuacji na Bia\u0142orusi<\/h2>\r\n<p>Prezydent Andrzej Duda odby\u0142 dzi\u015b rozmow\u0119 z sekretarzem generalnym Sojuszu P\u00f3\u0142nocnoatlantyckiego Jensem Stoltenbergiem. G\u0142\u00f3wnymi tematami by\u0142a sytuacja na Bia\u0142orusi oraz sojusz polsko-ameryka\u0144ski.<\/p>\r\n<div class=\"cut1\">[&#8230;] <span class=\"podpis_sz\">Ca\u0142y tekst dost\u0119pny w materiale \u017ar\u00f3d\u0142owym<\/span><\/div>\r\n<p>kak\/PAP, niezale\u017cna.pl<\/p>\r\n<p class=\"zrodlo\">Za: <a href=\"https:\/\/www.fronda.pl\/a\/prezydent-rozmawial-z-sekretarzem-generalnym-nato-o-sytuacji-na-bialorusi,148901.html\">Fronda.pl (18.08.20)<\/a><\/p>\r\n<h4>\u00a0<\/h4>\r\n<hr style=\"background-color: #000000; border-width: 0; color: #000000; height: 2px; line-height: 0; text-align: center; width: 100%;\" \/>\r\n<h4>\u00a0<\/h4>\r\n<blockquote>\r\n<p><strong>KOMENTARZ <em>BIBU\u0141Y<\/em><\/strong>: Obrzydliwa rola prezydenta Dudy jako g\u0142\u00f3wnego prowokatora, inspiratora ewentualnego bia\u0142oruskiego Majdanu, nie powinna by\u0107 nigdy zapomniana, bo jest temu bezpo\u015brednio winny. Gdy dopiero co zamkni\u0119to drzwi komisji wyborczych na Bia\u0142orusi, jeszcze w tym samym dniu prezydent Duda wystosowa\u0142 list prowokuj\u0105cy zewn\u0119trznie podsycane si\u0142y do protest\u00f3w, a potem ustawi\u0142 si\u0119 w szeregu pa\u0144stw nieuznaj\u0105cych legalne wybory.<\/p>\r\n<p>Oby kiedy\u015b role nie odwr\u00f3ci\u0142y si\u0119 i oby te zewn\u0119trzne &#8222;sily demokratyczne&#8221; nie zacz\u0119\u0142y nagle uwa\u017ca\u0107 polskich w\u0142adz jako wybranych niedemokratycznie. Doprawdy, w dzisiejszym \u015bwiecie rz\u0105dzonym przez tajemne si\u0142y globalne i manipulowanym przez zak\u0142amane media, mo\u017cna z ka\u017cdego demokratycznie wybranego przyw\u00f3dc\u0119, uczyni\u0107 w mig jakiego\u015b &#8222;faszyst\u0119&#8221;, wata\u017ck\u0119 i tyrana. To tylko kwestia przekazu medialnego i dziennikarskich g\u0142\u00f3w, kt\u00f3re z ch\u0119ci\u0105 napisz\u0105 ka\u017cdy tekst, przeczytaj\u0105 ka\u017cdy komunikat, sklej\u0105 najbardziej za\u0142gany materia\u0142 filmowy.<\/p>\r\n<p>Niech pan prezydent Duda modli si\u0119 oby i jego pewnego pi\u0119knego dnia nie og\u0142oszono takowym zwyrodnialcem politycznym. Kto mieczem wojuje&#8230;<\/p>\r\n<p>A swoj\u0105 drog\u0105, wszystko na to wskazuje, \u017ce marionetkowo-prowokatorska rola prezydenta Dudy spali\u0142a na panewce, bo wbrew ch\u0119ci uczynienia z Bia\u0142orusi drugiej Ukrainy, wt\u0142oczono to pi\u0119kne pa\u0144stwo i ca\u0142kiem m\u0105drze zarz\u0105dzane, w r\u0119ce wschodniego molocha. Gdy wojska polsko-NATOskie stoj\u0105 u granic, a przyw\u00f3dcy odbieraj\u0105 legalny mandat, \u0141ukaszenka nie mia\u0142 w tej sytuacji innego wyj\u015bcia, jak zwr\u00f3ci\u0107 si\u0119 o wsparcie do Rosji a nawet do Chin. <strong>A Polska tym g\u0142upim manewrem zamiast uzyska\u0107 cokolwiek &#8211; straci\u0142a wszystko.<\/strong> Nie spos\u00f3b teraz b\u0119dzie odbudowa\u0107 relacje polsko-bia\u0142oruskie, nie spos\u00f3b b\u0119dzie mo\u017cna prowadzi\u0107 rzetelny dialog, a winny temu jest nie kto inny lecz Prezydent Andrzej Duda. Uczestnicz\u0105c w globalnej grze jako marionetka &#8211; a mo\u017cna podsumowa\u0107, \u017ce ch\u0119tnie wchodzi w t\u0119 rol\u0119 &#8211; chcia\u0142 wyskoczy\u0107 przed szereg udaj\u0105c rozgrywaj\u0105cego. Jak na razie Plan A nie uda\u0142 si\u0119, wi\u0119c prowokatorzy si\u0119gn\u0105 po Plan B, z uruchomieniem Majdanu i lokalnej wojenki. Planuj\u0105, \u017ce mo\u017ce co\u015b przy okazji ugraj\u0105. Kosztem Bia\u0142orusin\u00f3w i Polak\u00f3w.<\/p>\r\n<\/blockquote>\r\n<h4>\u00a0<\/h4>\r\n<hr style=\"background-color: #000000; border-width: 0; color: #000000; height: 2px; line-height: 0; text-align: center; width: 100%;\" \/>\r\n<h4>\u00a0<\/h4>","protected":false},"excerpt":{"rendered":"\u201eChiny, b\u0119d\u0105c partnerem i przyjacielem Bia\u0142orusi, nie \u017cycz\u0105 sobie chaosu na jej terytorium i ma nadziej\u0119, \u017ce stabilno\u015b\u0107 wewn\u0119trzna zostanie zachowana\u201d &#8211; powiedzia\u0142 na porannej konferencji prasowej w \u015brod\u0119 19 sierpnia rzecznik MSZ Chi\u0144skiej Republiki Ludowej Geng Shuang. \u201eChiny i Bia\u0142oru\u015b rozwijaj\u0105 wsp\u00f3\u0142prace strategiczn\u0105. Ufamy sobie nawzajem i pracujemy, by osi\u0105gn\u0105\u0107 dobro dla ka\u017cdej ze [&hellip;]","protected":false},"author":2,"featured_media":0,"comment_status":"closed","ping_status":"closed","sticky":false,"template":"","format":"standard","meta":{"_acf_changed":false,"_monsterinsights_skip_tracking":false,"_monsterinsights_sitenote_active":false,"_monsterinsights_sitenote_note":"","_monsterinsights_sitenote_category":0,"ngg_post_thumbnail":0,"footnotes":"","_wp_rev_ctl_limit":""},"categories":[6],"tags":[168,62,448,98,351],"acf":[],"_links":{"self":[{"href":"https:\/\/www.bibula.com\/index.php?rest_route=\/wp\/v2\/posts\/116368"}],"collection":[{"href":"https:\/\/www.bibula.com\/index.php?rest_route=\/wp\/v2\/posts"}],"about":[{"href":"https:\/\/www.bibula.com\/index.php?rest_route=\/wp\/v2\/types\/post"}],"author":[{"embeddable":true,"href":"https:\/\/www.bibula.com\/index.php?rest_route=\/wp\/v2\/users\/2"}],"replies":[{"embeddable":true,"href":"https:\/\/www.bibula.com\/index.php?rest_route=%2Fwp%2Fv2%2Fcomments&post=116368"}],"version-history":[{"count":3,"href":"https:\/\/www.bibula.com\/index.php?rest_route=\/wp\/v2\/posts\/116368\/revisions"}],"predecessor-version":[{"id":117805,"href":"https:\/\/www.bibula.com\/index.php?rest_route=\/wp\/v2\/posts\/116368\/revisions\/117805"}],"wp:attachment":[{"href":"https:\/\/www.bibula.com\/index.php?rest_route=%2Fwp%2Fv2%2Fmedia&parent=116368"}],"wp:term":[{"taxonomy":"category","embeddable":true,"href":"https:\/\/www.bibula.com\/index.php?rest_route=%2Fwp%2Fv2%2Fcategories&post=116368"},{"taxonomy":"post_tag","embeddable":true,"href":"https:\/\/www.bibula.com\/index.php?rest_route=%2Fwp%2Fv2%2Ftags&post=116368"}],"curies":[{"name":"wp","href":"https:\/\/api.w.org\/{rel}","templated":true}]}}