{"id":116335,"date":"2020-08-18T10:19:37","date_gmt":"2020-08-18T14:19:37","guid":{"rendered":"http:\/\/www.bibula.com\/?p=116335"},"modified":"2020-08-18T10:19:37","modified_gmt":"2020-08-18T14:19:37","slug":"zbigniew-ziobro-o-agresji-srodowisk-lgbt-to-wojna-kulturowa-o-nasza-tozsamosc-o-nasza-dusze","status":"publish","type":"post","link":"https:\/\/www.bibula.com\/?p=116335","title":{"rendered":"Zbigniew Ziobro o agresji \u015brodowisk LGBT: to wojna kulturowa o nasz\u0105 to\u017csamo\u015b\u0107, o nasz\u0105 dusz\u0119"},"content":{"rendered":"<p><strong>&#8211; <em>Mo\u017ce warto najpierw zapyta\u0107 \u015brodowiska LGBT, dlaczego tak agresywnie zacz\u0119\u0142y prowokowa\u0107, obra\u017ca\u0107 chrze\u015bcijan, zw\u0142aszcza katolik\u00f3w, zniewa\u017ca\u0107 symbole religijne, napada\u0107 ludzi na ulicach<\/em> &#8211; m\u00f3wi w rozmowie z dziennikiem \u201eRzeczpospolita\u201d minister sprawiedliwo\u015bci Zbigniew Ziobro.<\/strong><\/p>\r\n<p>W ocenie Zbigniewa Ziobry w Polsce trwa \u201ewojna kulturowa o nasz\u0105 to\u017csamo\u015b\u0107, o nasz\u0105 dusz\u0119\u201d. Jego zdaniem walka nie b\u0119dzie \u0142atwa, ale jest do wygrania. &#8211; <em>Jednak tylko pod warunkiem, \u017ce nie prze\u015bpimy tego w\u0142a\u015bnie czasu i nie b\u0119dziemy letni, jak kiedy\u015b partie konserwatywne i chrze\u015bcija\u0144skie w Europie Zachodniej. Musimy by\u0107 zdecydowani i gotowi do pracy na wielu obszarach<\/em> &#8211; przekonuje.<\/p>\r\n<p>Minister sprawiedliwo\u015bci zwr\u00f3ci\u0142 uwag\u0119, \u017ce w Polsce nie ma \u017cadnych \u201estref wolne od LGBT\u201d, tylko s\u0105 &nbsp;\u201estrefy wolne od ideologii LGBT\u201d. &#8211; <em>To fundamentalna r\u00f3\u017cnica. Polskie w\u0142adze nie prze\u015bladuj\u0105 os\u00f3b LGBT. By\u0142bym pierwszym, kt\u00f3ry by si\u0119 temu sprzeciwi\u0142! Samorz\u0105dy nie zgadzaj\u0105 si\u0119 tylko na ofensywne dzia\u0142ania tych \u015brodowisk, chc\u0105cych narzuci\u0107 swoj\u0105 ideologi\u0119. Nie interesuje mnie, jak\u0105 kto\u015b ma orientacj\u0119 seksualn\u0105, bo to s\u0105 prywatne sprawy. Problemem jest natomiast agresywne forsowanie swoich preferencji, domaganie si\u0119 wprowadzenia ma\u0142\u017ce\u0144stw homoseksualnych czy adopcji dzieci przez partner\u00f3w tej samej p\u0142ci. W Polsce osoby LGBT s\u0105 bezpieczne i maj\u0105 zagwarantowane wszelkie swobody obywatelskie. Mog\u0105 si\u0119 zrzesza\u0107, maj\u0105 swoje organizacje, kluby, pras\u0119, organizuj\u0105 parady, wiece, protesty&#8230;<\/em> &#8211; t\u0142umaczy.<\/p>\r\n<p>Ziobro pytany o spraw\u0119 aresztowania Micha\u0142a Sz. i demonstracje w Warszawie w jego obronie, stwierdzi\u0142, \u017ce \u201enie mieli\u015bmy do czynienia z demokratyczn\u0105, przewidzian\u0105 przez konstytucj\u0119 form\u0105 demonstrowania w\u0142asnych pogl\u0105d\u00f3w, tylko z przemoc\u0105, u\u017cywan\u0105 tak\u017ce przez tego pana, kt\u00f3ry jest nazywany w kategoriach \u017ce\u0144skich\u201d. &#8211; <em>Ideologiczna narracja powoduje, \u017ce elity podlegaj\u0105 dyktatowi \u015brodowisk opiniotw\u00f3rczych i boj\u0105 si\u0119 m\u00f3wi\u0107 o m\u0119\u017cczy\u017anie, kt\u00f3ry jest zwyk\u0142ych chuliganem, dopuszcza si\u0119 dzia\u0142a\u0144 bandyckich i napada na innego cz\u0142owieka w centrum miasta, \u017ce jest m\u0119\u017cczyzn\u0105, a nie kobiet\u0105<\/em> &#8211; dodaje.<\/p>\r\n<p>W rozmowie poruszono r\u00f3wnie\u017c w\u0105tek ataku Micha\u0142a Sz. na furgonetk\u0119 Fundacji Pro Prawo do \u0179ycia reklamuj\u0105cej obywatelsk\u0105 inicjatyw\u0119 \u201eStop Pedofilii\u201d. &#8211; <em>Fundacja, kt\u00f3ra anga\u017cuje si\u0119 w akcj\u0119 zwi\u0105zan\u0105 z przeciwdzia\u0142aniem propagandzie LGBT, powo\u0142uje si\u0119 na za\u0142o\u017cenia WHO. Oficjalnie forsuj\u0105 je organizacje gejowskie, a w \u017cycie usi\u0142owa\u0142 wprowadzi\u0107 wiceprezydent Warszawy. Zak\u0142adaj\u0105 one, \u017ce dzieci nale\u017cy uczy\u0107 seksu od 4. roku \u017cycia<\/em> &#8211; podkre\u015bla Ziobro. &#8211; <em>Niech ka\u017cdy odpowie sobie na pytanie, czy gdyby zosta\u0142 napadni\u0119ty w centrum swojego miasta czy miejscowo\u015bci, w bia\u0142y dzie\u0144, wywleczony za kierownicy swojego samochodu, nast\u0119pnie pobity, do tego sprawcy podziurawiliby mu opony no\u017cem, to czy uzna\u0142by, \u017ce nie s\u0105 niebezpieczni?<\/em> &#8211; dodaje.<\/p>\r\n<p>Na pytanie \u201eCzy konwencja antyprzemocowa powinna zosta\u0107 wypowiedziana?\u201d, Zbigniew Ziobro odpowiedzia\u0142: \u201eTak. B\u0119dziemy d\u0105\u017cy\u0107 do tego, by tak si\u0119 sta\u0142o, bo konwencja wprowadza rozwi\u0105zania czysto ideologiczne, kt\u00f3re uznaj\u0105 wyduman\u0105 p\u0142e\u0107 spo\u0142eczno-kulturow\u0105, a nie biologiczn\u0105. Przyczyn przemocy wobec kobiet b\u0142\u0119dnie upatruje ona w rodzinie, religii, tradycyjnych warto\u015bciach, a nie za\u015b w alkoholizmie, narkotykach czy innych dysfunkcjach rodziny. Nie jest, te\u017c prawd\u0105, \u017ce wypowiedzenie konwencji oznacza zgod\u0119 na przemoc wobec kobiet. To my wprowadzili\u015bmy w Polsce skuteczne rozwi\u0105zania przeciwdzia\u0142aj\u0105ce takiej przemocy: natychmiastowo egzekwowane przez policj\u0119 nakazy opuszczenia domu przez sprawc\u0119 przemocy i zakazy zbli\u017cania si\u0119 do ofiary, ekspresowe post\u0119powania s\u0105d\u00f3w w tego rodzaju sprawach. To rozwi\u0105zania przewy\u017cszaj\u0105ce standardy innych kraj\u00f3w. B\u0119d\u0105c zwolennikiem Unii, jestem zdecydowanym przeciwnikiem jej ewolucji w kierunku tworzenia pa\u0144stwa europejskiego. Jestem przeciwnikiem niszczenia r\u00f3\u017cnorodno\u015bci kulturowej pa\u0144stw na rzecz wprowadzenia jednego standardu pod szyldem LGBT. To ostatni moment, by sprzeciwi\u0107 si\u0119 temu nap\u0142ywowi ideologii i broni\u0107 warto\u015bci\u201d.<\/p>\r\n<p>\u0179r\u00f3d\u0142o: \u201eRzeczpospolita\u201d<\/p>\r\n<p>TK<\/p>\r\n<p class=\"zrodlo\">Za: <a href=\"https:\/\/www.pch24.pl\/zbigniew-ziobro-o-agresji-srodowisk-lgbt--to-wojna-kulturowa-o-nasza-tozsamosc--o-nasza-dusze,77895,i.html\">PoloniaChristiana &#8211; pch24.pl (2020-08-18)<\/a><\/p>\r\n<h4>&nbsp;<\/h4>\r\n<hr style=\"background-color: #000000; border-width: 0; color: #000000; height: 2px; line-height: 0; text-align: center; width: 100%;\">\r\n<h4>&nbsp;<\/h4>\r\n<h2>Unia zabra\u0142a, da\u0142 resort sprawiedliwo\u015bci. Gmina \u201eukarana\u201d za promocj\u0119 rodziny zosta\u0142a doceniona<\/h2>\r\n<p><strong>Ministerstwo Sprawiedliwo\u015bci przyzna\u0142o z Funduszu Sprawiedliwo\u015bci gminie Tuch\u00f3w kwot\u0119 trzykrotnie przewy\u017cszaj\u0105c\u0105 t\u0119, kt\u00f3r\u0105 utraci\u0142o z unijnego programu \u201ePartnerstwo miast\u201d po przyj\u0119ciu uchwa\u0142y wspieraj\u0105cej rodzin\u0119.<\/strong><\/p>\r\n<p>Jak poinformowa\u0142 minister Zbigniew Ziobro, Ministerstwo Sprawiedliwo\u015bci uwzgl\u0119dni\u0142o wniosek gminy Tuch\u00f3w i przyzna\u0142o dla mieszka\u0144c\u00f3w Tuchowa kwot\u0119 trzykrotnie wy\u017csz\u0105 od tej, kt\u00f3r\u0105 odebra\u0142a unijna komisarz Helena Dalli. Minister jest przekonany, \u017ce \u015brodki b\u0119d\u0105 \u201edobrze s\u0142u\u017cy\u0107 mieszka\u0144com w przeznaczeniu na rzecz Ochotniczych Stra\u017cy Po\u017carnych, kt\u00f3re zajmuj\u0105 si\u0119 bezpo\u015brednio pomoc\u0105 i bezpiecze\u0144stwem mieszka\u0144c\u00f3w\u201d.<\/p>\r\n<p>Dofinansowanie gminy Tuch\u00f3w, to nie odosobniony przypadek, resort bowiem chce, by podobne wsparcie otrzyma\u0142y gminy pomini\u0119te w unijnym programie \u201ePartnerstwo miast\u201d z powodu przyj\u0119cia uchwa\u0142 promuj\u0105cych tradycyjny model rodziny. W\u0142adze gmin zosta\u0142y za to skarcone na forum unijnym za rzekome wykluczanie \u015brodowisk LGBT+.<\/p>\r\n<p>&#8211; Skieruj\u0119 te\u017c wniosek do premiera Mateusza Morawieckiego, aby\u015bmy pomy\u015bleli nad stworzeniem sta\u0142ego mechanizmu wsparcia dla gmin, kt\u00f3re &#8211; zgodnie z zapowiedziami komisarz Heleny Dalii &#8211; maj\u0105 by\u0107 w przysz\u0142o\u015bci ewentualnie szykanowane za to, \u017ce wspieraj\u0105 polityk\u0119 prorodzinn\u0105; za to, \u017ce udzielaj\u0105 wsparcia dla tradycyjnie rozumianej rodziny jako zwi\u0105zku kobiety i m\u0119\u017cczyzny; za to, \u017ce chc\u0105 zagwarantowa\u0107, \u017ceby to rodzice mieli decyduj\u0105cy wp\u0142yw na spos\u00f3b kszta\u0142towania, wychowywania i edukacji swoich w\u0142asnych dzieci &#8211; podkre\u015bli\u0142 Prokurator Generalny.<\/p>\r\n<p>Spraw\u0119 w sw\u00f3j spos\u00f3b skomentowa\u0142a gazeta.pl w materiale o wymownym tytule: Tuch\u00f3w z nagrod\u0105 od Ziobry za \u201eochron\u0119 rodziny\u201d. A co jest w uchwale? \u201eHomopropaganda\u201d i \u201eseksualizacja\u201d.<\/p>\r\n<p>Gazecie nie podoba si\u0119 m.in. to, \u017ce samorz\u0105dowcy nie chc\u0105 wik\u0142a\u0107 si\u0119 w sztucznie pompowane konflikty, jakie niesie za sob\u0105 ideologia LGBT+ i id\u0105ca za tym deklaracja, \u017ce do szk\u00f3\u0142 nie zostan\u0105 wpuszczeni seksedukatorzy gorsz\u0105cy dzieci. Samorz\u0105dowcy sprzeciwili si\u0119 te\u017c wymuszanej w niekt\u00f3rych zawodach politycznej poprawno\u015bci i zapewnili &#8211; pami\u0119taj\u0105c o 1053 latach od Chrztu Polski, 100 latach od odzyskania Niepodleg\u0142o\u015bci Polski &#8211; o swej wierno\u015bci tradycji narodowej i pa\u0144stwowej.<\/p>\r\n<p>\u0179r\u00f3d\u0142o: radiomaryja.pl, gazeta.pl<\/p>\r\n<p>MA<\/p>\r\n<p class=\"zrodlo\">Za: <a href=\"https:\/\/www.pch24.pl\/unia-zabrala--dal-resort-sprawiedliwosci--gmina-ukarana-za-promocje-rodziny-zostala-doceniona,77906,i.html\">PoloniaChristiana &#8211; pch24.pl (2020-08-18)<\/a><\/p>\r\n<h4>&nbsp;<\/h4>\r\n<hr style=\"background-color: #000000; border-width: 0; color: #000000; height: 2px; line-height: 0; text-align: center; width: 100%;\">\r\n<h4>&nbsp;<\/h4>\r\n<h2>\u201eEuropa nie potrafi ochroni\u0107 obywateli LGBT\u201d. T\u0119czowi aktywi\u015bci szerz\u0105 fake newsy o Polsce<\/h2>\r\n<p><strong>\u201eW miniony weekend w Polsce dzia\u0142acze LGBT zostali brutalnie pobici przez policj\u0119. Aresztowano niemal 50 pokojowo zachowuj\u0105cych si\u0119 manifestant\u00f3w, donoszono o wielu rannych. W sprawie narastaj\u0105cej w Polsce przemocy wobec spo\u0142eczno\u015bci LGBT Komisja Europejska zachowuje milczenie. Europy pozbawionej warto\u015bci nie warto ju\u017c nazywa\u0107 <em>Uni\u0105<\/em>\u201d &#8211; grzmi R\u00c3\u00a9my Bonny na \u0142amach portalu euobserver.com.<\/strong><\/p>\r\n<p>Milczenie unijnej komisarz Urszuli von der Leyen na temat Polski stanowi pow\u00f3d do frustracji, a spo\u0142eczno\u015b\u0107 LGBT jest tak rozczarowana, jak i w\u015bciek\u0142a &#8211; czytamy na \u0142amach portalu specjalizuj\u0105cego si\u0119 w tematyce unijnej. Niezorientowany w meandrach nadwi\u015bla\u0144skich wydarze\u0144 zagraniczny Czytelnik otrzymuje barwny obraz przera\u017caj\u0105cych \u201eprze\u015bladowa\u0144\u201d.<\/p>\r\n<p>Jak czytamy, \u201e7 sierpnia oko\u0142o godziny 16:30 pracownik Kampanii Przeciwko Homofobii (najwi\u0119kszej polskiej organizacji LGBTI) przys\u0142a\u0142 mi wiadomo\u015b\u0107. Aktywistka Margot zosta\u0142a aresztowana tymczasowo na dwa miesi\u0105ce. Wcze\u015bniej, w tym samym tygodniu Margot zosta\u0142a zatrzymana na 48 godzin. Wed\u0142ug prokuratora generalnego zosta\u0142a zatrzymana pod zarzutem blu\u017anierstwa, trzyma\u0142a t\u0119czow\u0105 flag\u0119 przed figur\u0105 Jezusa Chrystusa. Kilka tygodni wcze\u015bniej zosta\u0142a tak\u017ce na kr\u00f3tko aresztowana po zerwaniu plakatu z ci\u0119\u017car\u00f3wki przedstawiaj\u0105cej ludzi LGBT jako pedofil\u00f3w. Natychmiast poinformowa\u0142em moje wszystkie mi\u0119dzynarodowe kontakty prasowe\u201d.<\/p>\r\n<p>Nast\u0119pnie dowiadujemy si\u0119, \u017ce dosz\u0142o do czego\u015b \u201erewolucyjnego\u201d. W obron\u0119 \u201eMargot\u201d zaanga\u017cowa\u0107 si\u0119 mia\u0142y \u201esetki aktywist\u00f3w LGBTI\u201d, kt\u00f3re utworzy\u0142y \u017cywy mur broni\u0105c \u201eMargot\u201d przed policj\u0105\u2026 \u201ePolicja przyjecha\u0142a na miejsce kompletnie nieprzygotowana. Margot wysz\u0142a do policji, ale policjanci odm\u00f3wili aresztowania jej przy tak wielkiej liczbie protestuj\u0105cych\u201d &#8211; pisze R\u00c3\u00a9my Bonny. Nast\u0119pna scena ma mie\u0107 miejsce ju\u017c przy figurze Chrystusa (przed kt\u00f3r\u0105, pami\u0119tajmy, \u201eMargot\u201d mia\u0142(a) jedynie trzyma\u0107 t\u0119czow\u0105 flag\u0119\u2026). Tam czeka\u0107 maj\u0105 ju\u017c \u201esetki policjant\u00f3w\u201d, a \u201eaktywista\u201d zosta\u0142 zapakowany do radiowozu. Bohaterscy \u201eaktywi\u015bci\u201d mieli si\u0119 nawet rzuca\u0107 pod ko\u0142a samochodu, wszystko byleby udaremni\u0107 aresztowanie. \u201ePolicja zaku\u0142a w kajdanki wszystkich aktywist\u00f3w znajduj\u0105cych si\u0119 przed samochodem. Na tym nie poprzestali. Policja pobi\u0142a gapi\u00f3w, dziennikarzy i opozycyjnych parlamentarzyst\u00f3w. Wielu bez \u017cadnego powodu trafi\u0142o do aresztu. Kiedy opozycja za\u017c\u0105da\u0142a informacji o miejscu przetrzymywania zatrzymanych, policja pocz\u0105tkowo odm\u00f3wi\u0142a ich ujawnienia\u201d &#8211; czytamy. Dalej dowiadujemy si\u0119, \u017ce\u2026 \u201ejest kilku \u015bwiadk\u00f3w przemocy seksualnej ze strony funkcjonariuszy policji\u201d.<\/p>\r\n<p>P\u00f3\u017aniej dowiadujemy si\u0119, \u017ce \u015bwiat &#8211; oczywi\u015bcie &#8211; nie pozosta\u0142 oboj\u0119tny wobec tych \u201eprze\u015bladowa\u0144\u201d. Solidarno\u015b\u0107 z zatrzymanymi manifestowano w Polsce i we wszystkich krajach Unii Europejskiej. \u201eM\u00f3j telefon dzwoni\u0142 przez ca\u0142y dzie\u0144, pytania zadawali dziennikarze z ca\u0142ego \u015bwiata. A jednak ze szczyt\u00f3w Unii Europejskiej nie pad\u0142a \u017cadna odpowied\u017a. Na temat tych wydarze\u0144 nie wypowiedzia\u0142a si\u0119 ani Urszula von der Leyen, ani te\u017c Charles Michel. Na pocz\u0105tku tego tygodnia przemawia\u0142em w trakcie manifestacji solidarno\u015bci przed polsk\u0105 ambasad\u0105 na W\u0119grzech; silne by\u0142o rozczarowanie Uni\u0105 Europejsk\u0105. Ludzie LGBT na W\u0119grzech od lat czuj\u0105 si\u0119 opuszczeni przez UE. Teraz, tak jak w przypadku Polski, obawiaj\u0105 si\u0119 pobi\u0107 i aresztowa\u0144 ze strony pa\u0144stwa\u201d &#8211; czytamy.<\/p>\r\n<p>Dowiadujemy si\u0119, \u017ce w ci\u0105gu ostatnich lat unijne organy tak wiele m\u00f3wi\u0142y o \u201eprawach LGBT\u201d, a zrobione zosta\u0142o tak niewiele. W Komisji Europejskiej trwaj\u0105 prace nad now\u0105 \u201estrategi\u0105 LGBT\u201d na kolejnych 5 lat, ale to nie przyniesie oczekiwanego skutku. Dlaczego? Ano dlatego, \u017ce &#8211; wed\u0142ug Bonny\u2019ego &#8211; Komisja powinna koniecznie przyj\u0105\u0107 \u201eszersz\u0105 strategi\u0119 strukturaln\u0105 zapobiegaj\u0105c\u0105 upadkowi demokracji w krajach Europy \u015arodkowej i Wschodniej\u201d\u2026<\/p>\r\n<p>\u201eW poniedzia\u0142ek, kiedy skontaktowa\u0142em si\u0119 z wieloma znajomymi z gabinetu von der Leyen, nie mog\u0142em da\u0107 wiary ich reakcjom. Moje kontakty o\u015bwiadczy\u0142y, \u017ce &#8211; wbrew w\u0142asnej woli &#8211; nie b\u0119dzie \u017cadnego o\u015bwiadczenia poniewa\u017c Polska zagrozi\u0142a g\u0142osowaniem przeciwko unijnym wieloletnim ramom finansowym (MFF) je\u015bli komisja zrobi co\u015b w sprawie przemocy wymierzonej w LGBT. Jednak\u017ce na wniosek polskiego premiera Mateusza Morawieckiego von der Leyen tego samego dnia pot\u0119pi\u0142a przemoc bia\u0142oruskich w\u0142adz wzgl\u0119dem demonstrant\u00f3w. Czysta hipokryzja\u201d &#8211; przekonuje R\u00c3\u00a9my Bonny.<\/p>\r\n<p>Unia ma kr\u00f3tkowzrocznie przedk\u0142ada\u0107 dobro gospodarki nad dobro unijnych obywateli, a ignorowanie przemocy wobec obywateli przekre\u015bla\u0107 ma pokojowy charakter samej integracji. W tej sytuacji Bonny wzywa Rad\u0119 Europejsk\u0105, aby kolejne spotkanie tego gremium po\u015bwi\u0119cone zosta\u0142o autorytaryzmowi pe\u0142zaj\u0105cemu na wschodnich i po\u0142udniowych rubie\u017cach Unii. \u201eJe\u015bli Komisja Europejska nie chce podj\u0105\u0107 inicjatywy w celu ochrony obywateli, to powinny to zrobi\u0107 pa\u0144stwa cz\u0142onkowskie\u201d &#8211; czytamy.<\/p>\r\n<p>Kim jest R\u00c3\u00a9my Bonny, autor tego porywaj\u0105cego apelu? To &#8211; nie b\u0119dzie tu niespodzianki &#8211; oczywi\u015bcie \u201edzia\u0142acz LGBT z Belgii\u201d\u2026 Przedstawia si\u0119 zreszt\u0105 nie tylko jako dzia\u0142acz, ale tak\u017ce i jako ekspert w zakresie kwestii LGBT na p\u0142aszczy\u017anie relacji mi\u0119dzynarodowych, specjalizuj\u0105cy si\u0119 w problematyce Europy Wschodniej i centralnej Azji. Jak mo\u017cemy przeczyta\u0107 na jego oficjalnej stronie internetowej, \u201ew ci\u0105gu ostatnich lat R\u00c3\u00a9my prowadzi\u0142 badania nad relacjami istniej\u0105cymi pomi\u0119dzy sterowanymi demokracjami takimi jak Rosja W\u0142adimira Putina a Uni\u0105 Europejsk\u0105 i dawnymi republikami sowieckimi. St\u0105d te\u017c mieszka\u0142 w Budapeszcie, Brukseli, Warszawie i Wenecji\u201d. Dowiadujemy si\u0119 te\u017c, \u017ce jako dzia\u0142acz i badacz, Bonny \u201epodr\u00f3\u017cuje po ca\u0142ym \u015bwiecie rozmawiaj\u0105c o swoich badaniach i sytuacji w danym kraju i w UE z organizacjami LGBTI, politykami wysokiego szczebla oraz z naukowcami\u201d. Ben Hunte, specjalny korespondent BBC zajmuj\u0105cy si\u0119 sprawami LGBT, w wystawionej Bonny\u2019emu laurce podkre\u015bla, \u017ce wykonywana przez Belga praca jest niezwykle wa\u017cna i przynosi efekty\u2026<\/p>\r\n<p>\u0179r\u00f3d\u0142o: euobserver.com<\/p>\r\n<p>mat<\/p>\r\n<p class=\"zrodlo\">Za: <a href=\"https:\/\/www.pch24.pl\/europa-nie-potrafi-ochronic-obywateli-lgbt--teczowi-aktywisci-szerza-fake-newsy-o-polsce,77888,i.html\">PoloniaChristiana &#8211; pch24.pl (2020-08-18)<\/a><\/p>\r\n<h4>&nbsp;<\/h4>\r\n<hr style=\"background-color: #000000; border-width: 0; color: #000000; height: 2px; line-height: 0; text-align: center; width: 100%;\">\r\n<h4>&nbsp;<\/h4>\r\n<h4>&nbsp;<\/h4>\r\n<hr style=\"background-color: #000000; border-width: 0; color: #000000; height: 2px; line-height: 0; text-align: center; width: 100%;\">\r\n<h4>&nbsp;<\/h4>","protected":false},"excerpt":{"rendered":"&#8211; Mo\u017ce warto najpierw zapyta\u0107 \u015brodowiska LGBT, dlaczego tak agresywnie zacz\u0119\u0142y prowokowa\u0107, obra\u017ca\u0107 chrze\u015bcijan, zw\u0142aszcza katolik\u00f3w, zniewa\u017ca\u0107 symbole religijne, napada\u0107 ludzi na ulicach &#8211; m\u00f3wi w rozmowie z dziennikiem \u201eRzeczpospolita\u201d minister sprawiedliwo\u015bci Zbigniew Ziobro. W ocenie Zbigniewa Ziobry w Polsce trwa \u201ewojna kulturowa o nasz\u0105 to\u017csamo\u015b\u0107, o nasz\u0105 dusz\u0119\u201d. Jego zdaniem walka nie b\u0119dzie \u0142atwa, [&hellip;]","protected":false},"author":1,"featured_media":0,"comment_status":"closed","ping_status":"closed","sticky":false,"template":"","format":"standard","meta":{"_acf_changed":false,"_monsterinsights_skip_tracking":false,"_monsterinsights_sitenote_active":false,"_monsterinsights_sitenote_note":"","_monsterinsights_sitenote_category":0,"ngg_post_thumbnail":0,"footnotes":"","_wp_rev_ctl_limit":""},"categories":[8],"tags":[65,23,26,98,20],"acf":[],"_links":{"self":[{"href":"https:\/\/www.bibula.com\/index.php?rest_route=\/wp\/v2\/posts\/116335"}],"collection":[{"href":"https:\/\/www.bibula.com\/index.php?rest_route=\/wp\/v2\/posts"}],"about":[{"href":"https:\/\/www.bibula.com\/index.php?rest_route=\/wp\/v2\/types\/post"}],"author":[{"embeddable":true,"href":"https:\/\/www.bibula.com\/index.php?rest_route=\/wp\/v2\/users\/1"}],"replies":[{"embeddable":true,"href":"https:\/\/www.bibula.com\/index.php?rest_route=%2Fwp%2Fv2%2Fcomments&post=116335"}],"version-history":[{"count":0,"href":"https:\/\/www.bibula.com\/index.php?rest_route=\/wp\/v2\/posts\/116335\/revisions"}],"wp:attachment":[{"href":"https:\/\/www.bibula.com\/index.php?rest_route=%2Fwp%2Fv2%2Fmedia&parent=116335"}],"wp:term":[{"taxonomy":"category","embeddable":true,"href":"https:\/\/www.bibula.com\/index.php?rest_route=%2Fwp%2Fv2%2Fcategories&post=116335"},{"taxonomy":"post_tag","embeddable":true,"href":"https:\/\/www.bibula.com\/index.php?rest_route=%2Fwp%2Fv2%2Ftags&post=116335"}],"curies":[{"name":"wp","href":"https:\/\/api.w.org\/{rel}","templated":true}]}}