{"id":116159,"date":"2020-08-13T11:04:31","date_gmt":"2020-08-13T15:04:31","guid":{"rendered":"http:\/\/www.bibula.com\/?p=116159"},"modified":"2020-12-04T16:15:43","modified_gmt":"2020-12-04T21:15:43","slug":"nie-odbedzie-sie-tegoroczne-spotkanie-mlodych-taize","status":"publish","type":"post","link":"https:\/\/www.bibula.com\/?p=116159","title":{"rendered":"Nie odb\u0119dzie si\u0119 tegoroczne spotkanie m\u0142odych Taiz\u00e9"},"content":{"rendered":"<p>&#8222;Z powodu pandemii koronawirusa nie odb\u0119dzie si\u0119 tegoroczne spotkanie m\u0142odych Taiz\u00e9, kt\u00f3re na prze\u0142omie grudnia i stycznia mia\u0142o by\u0107 zorganizowane w Turynie.<\/p>\r\n<p>O decyzji poinformowali organizatorzy spotkania za po\u015brednictwem medi\u00f3w spo\u0142eczno\u015bciowych. \u201eSpotkanie musi odbywa\u0107 si\u0119 w bezpiecznych warunkach dla m\u0142odych. Uczestnicy odwiedzaliby nasze muzea, poznawali ludzi i uczestniczyli w licznych spotkaniach. W obecnym czasie nie mo\u017cemy zagwarantowa\u0107 im bezpiecze\u0144stwa\u201d &#8211; czytamy w komunikacie.<\/p>\r\n<p>Organizatorzy zapewniaj\u0105, \u017ce nie trac\u0105 czasu. \u201eNawi\u0105zano kontakty i podj\u0119to zobowi\u0105zania, wyznaczono ju\u017c miejsca spotka\u0144 i miejsca noclegowe. Podj\u0119to z\u0142o\u017cone dzia\u0142ania logistyczne, aby w ci\u0105gu kilku dni przyj\u0105\u0107 ok. 20 tys. os\u00f3b\u201d &#8211; czytamy w o\u015bwiadczeniu.<\/p>\r\n<p>W ubieg\u0142orocznym spotkaniu, kt\u00f3re odby\u0142o si\u0119 we Wroc\u0142awiu, wzi\u0119\u0142o udzia\u0142 ponad 15 tys. pielgrzym\u00f3w z ok. 60 pa\u0144stw Europy i \u015bwiata.Wed\u0142ug statystyk, na terenie W\u0142och stwierdzono dot\u0105d blisko 252 tys. zaka\u017ce\u0144 koronawirusem COVID-19. Do tej pory zmar\u0142o ponad 35,2 tys. os\u00f3b, a obecnie choruje ponad 13,7 tys., w\u015br\u00f3d kt\u00f3rych nie ma os\u00f3b w stanie powa\u017cnym, ani krytycznym.<\/p>\r\n<p><em><b>\u0141ukasz So\u015bniak SJ<\/b><\/em> &#8211; Watykan&#8221;<\/p>\r\n<p class=\"zrodlo\">Za: <a href=\"https:\/\/www.vaticannews.va\/pl\/kosciol\/news\/2020-08\/nie-odbedzie-sie-tegoroczne-spotkanie-mlodych-taize.html\">VaticanNews (13 sierpnia 2020)<\/a><\/p>\r\n<h4>&nbsp;<\/h4>\r\n<hr style=\"background-color: #000000; border-width: 0; color: #000000; height: 2px; line-height: 0; text-align: center; width: 100%;\">\r\n<h4>&nbsp;<\/h4>\r\n<blockquote>\r\n<p><strong>KOMENTARZ <em>BIBU\u0141Y<\/em><\/strong>: Jak wiemy, sterowana tzw. pandemia koronawirusa, obok oczywistych katastrof, w niekt\u00f3rych przypadkach doprowadzi\u0142a do ca\u0142kiem pozytywnych skutk\u00f3w [np.: &#8222;<span style=\"text-decoration: underline;\"><a href=\"http:\/\/www.bibula.com\/?p=115577\">Pozytywne skutki &#8222;pandemii\u201d: 40 milion\u00f3w dzieci mia\u0142y wi\u0119kszy kontakt z rodzicami<\/a><\/span>&#8222;].<\/p>\r\n<p>Z wielk\u0105 rado\u015bci\u0105 dowiadujemy si\u0119 wi\u0119c o kolejnym s\u0142odkim owocu tej\u017ce \u015bwiatowej paniki, czyli o odwo\u0142aniu antykatolickich spotka\u0144 w Taiz\u00e9. B\u00f3g potrafi wyprowadzi\u0107 dobro nawet w obliczu najwi\u0119kszego z\u0142a.<\/p>\r\n<ul>\r\n\t<li>CZYTAJ\/S\u0141UCHAJ: <span style=\"text-decoration: underline;\"><a href=\"http:\/\/www.bibula.com\/?p=71741\"><strong>Dok\u0105d prowadzi Taiz\u00c3\u00a9? &#8211; <em>wyk\u0142ad ks. Jana Jenkinsa<\/em><\/strong><\/a><\/span><\/li>\r\n<\/ul>\r\n<\/blockquote>\r\n<h4>&nbsp;<\/h4>\r\n<hr style=\"background-color: #000000; border-width: 0; color: #000000; height: 2px; line-height: 0; text-align: center; width: 100%;\">\r\n<h4>&nbsp;<\/h4>","protected":false},"excerpt":{"rendered":"&#8222;Z powodu pandemii koronawirusa nie odb\u0119dzie si\u0119 tegoroczne spotkanie m\u0142odych Taiz\u00e9, kt\u00f3re na prze\u0142omie grudnia i stycznia mia\u0142o by\u0107 zorganizowane w Turynie. O decyzji poinformowali organizatorzy spotkania za po\u015brednictwem medi\u00f3w spo\u0142eczno\u015bciowych. \u201eSpotkanie musi odbywa\u0107 si\u0119 w bezpiecznych warunkach dla m\u0142odych. Uczestnicy odwiedzaliby nasze muzea, poznawali ludzi i uczestniczyli w licznych spotkaniach. W obecnym czasie nie [&hellip;]","protected":false},"author":1,"featured_media":0,"comment_status":"closed","ping_status":"closed","sticky":false,"template":"","format":"standard","meta":{"_acf_changed":false,"_monsterinsights_skip_tracking":false,"_monsterinsights_sitenote_active":false,"_monsterinsights_sitenote_note":"","_monsterinsights_sitenote_category":0,"ngg_post_thumbnail":0,"footnotes":"","_wp_rev_ctl_limit":""},"categories":[451,3],"tags":[433,33],"acf":[],"_links":{"self":[{"href":"https:\/\/www.bibula.com\/index.php?rest_route=\/wp\/v2\/posts\/116159"}],"collection":[{"href":"https:\/\/www.bibula.com\/index.php?rest_route=\/wp\/v2\/posts"}],"about":[{"href":"https:\/\/www.bibula.com\/index.php?rest_route=\/wp\/v2\/types\/post"}],"author":[{"embeddable":true,"href":"https:\/\/www.bibula.com\/index.php?rest_route=\/wp\/v2\/users\/1"}],"replies":[{"embeddable":true,"href":"https:\/\/www.bibula.com\/index.php?rest_route=%2Fwp%2Fv2%2Fcomments&post=116159"}],"version-history":[{"count":2,"href":"https:\/\/www.bibula.com\/index.php?rest_route=\/wp\/v2\/posts\/116159\/revisions"}],"predecessor-version":[{"id":120991,"href":"https:\/\/www.bibula.com\/index.php?rest_route=\/wp\/v2\/posts\/116159\/revisions\/120991"}],"wp:attachment":[{"href":"https:\/\/www.bibula.com\/index.php?rest_route=%2Fwp%2Fv2%2Fmedia&parent=116159"}],"wp:term":[{"taxonomy":"category","embeddable":true,"href":"https:\/\/www.bibula.com\/index.php?rest_route=%2Fwp%2Fv2%2Fcategories&post=116159"},{"taxonomy":"post_tag","embeddable":true,"href":"https:\/\/www.bibula.com\/index.php?rest_route=%2Fwp%2Fv2%2Ftags&post=116159"}],"curies":[{"name":"wp","href":"https:\/\/api.w.org\/{rel}","templated":true}]}}