{"id":11599,"date":"2009-07-24T17:08:44","date_gmt":"2009-07-24T21:08:44","guid":{"rendered":"http:\/\/www.bibula.com\/?p=11599"},"modified":"2009-07-24T17:08:44","modified_gmt":"2009-07-24T22:08:44","slug":"","status":"publish","type":"post","link":"https:\/\/www.bibula.com\/?p=11599","title":{"rendered":"W Bielsku-Bia\u0142ej odprawiono Msz\u0119 \u015bw. w intencji ofiar rewolucji francuskiej"},"content":{"rendered":"<p><strong>Za ofiary rewolucji francuskiej modlono si\u0119 18 lipca w ko\u015bciele Naj\u015bwi\u0119tszego Serca Pana Jezusa w Bielsku-Bia\u0142ej. Inicjatorem Mszy \u015bw. w intencji m.in. zamordowanych powsta\u0144c\u00f3w z Wandei byli przedstawiciele bielskiego komitetu za\u0142o\u017cycielskiego Towarzystwa Katolicko-Konserwatywnego.<br \/>\r\n <\/strong><br \/>\r\n Henryk Urban, jeden z inicjator\u00f3w sobotnich modlitw, podkre\u015bla, \u017ce rewolucja francuska powinna si\u0119 kojarzy\u0107 nie tylko ze \u015bwiat\u0142ymi has\u0142ami, ale tak\u017ce z ludob\u00f3jstwem. &#8211; <em>Chcemy przypomnie\u0107 na przyk\u0142ad o setkach tysi\u0119cy prostych ludzi z Wandei, kt\u00f3rzy w obronie wiary stracili \u017cycie, zostali w bestialski spos\u00f3b zamordowani. Oni szli broni\u0107 si\u0119 przed rewolucj\u0105, przed dechrystianizacj\u0105, z r\u00f3\u017ca\u0144cem w r\u0119ku<\/em> &#8211; powiedzia\u0142 by\u0142y cz\u0142onek bielskiego zarz\u0105du miasta.<br \/>\r\n <br \/>\r\n O. Karol W\u0119grzyn SDS w homilii przypomnia\u0142, \u017ce 14 lipca min\u0119\u0142o 220 lat od czasu, gdy rewolucja zamieni\u0142a ziemi\u0119 francusk\u0105 w krwaw\u0105 Golgot\u0119. Salwatorianin doda\u0142, \u017ce do tej pory zosta\u0142o beatyfikowanych setki os\u00f3b &#8211; ofiar rewolucyjnego terroru i obro\u0144c\u00f3w wiary, a watyka\u0144ska Kongregacja Spraw Kanonizacyjnych wci\u0105\u017c rozpatruje sprawy 541 m\u0119czennik\u00f3w francuskich z lat 1790-1800.<br \/>\r\n <br \/>\r\n Wed\u0142ug kap\u0142ana historia dowodzi, \u017ce konfrontacja Ko\u015bcio\u0142a ze \u015bwiatem, kt\u00f3ry m\u00f3wi Bogu zdecydowane \u201enie\u201d jest nieunikniona. &#8211; <em>Nie wolno nam jednak zapomnie\u0107, \u017ce z takich prze\u015bladowa\u0144 w przesz\u0142o\u015bci Ko\u015bci\u00f3\u0142 podni\u00f3s\u0142 si\u0119 jeszcze wspanialszy i pot\u0119\u017cniejszy. Czy stanie si\u0119 tak samo dzisiaj? Czy b\u0119dziemy mieli odwag\u0119 dzi\u015b opowiedzie\u0107 si\u0119 za Bogiem i mi\u0142o\u015bci\u0105<\/em> &#8211; pyta\u0142 31-letni kap\u0142an.<br \/>\r\n <br \/>\r\n W sobotniej liturgii udzia\u0142 wzi\u0119li m.in. pos\u0142owie PiS &#8211; Stanis\u0142aw Pi\u0119ta i Artur G\u00f3rski.<br \/>\r\n <br \/>\r\n Towarzystwo Katolicko-Konserwatywne powsta\u0142o pod koniec marca br. Jest organizacj\u0105 apolityczn\u0105 maj\u0105c\u0105 jednoczy\u0107 osoby wyznaj\u0105ce tradycyjne, katolickie zasady i pragn\u0105ce aktywnie ich broni\u0107.W Forum Patronackim Towarzystwa znalaz\u0142o si\u0119 m.in. kilkunastu pos\u0142\u00f3w PiS, jego przewodnicz\u0105cym zosta\u0142 wybrany Zbigniew Girzy\u0144ski, natomiast szefem Rady Programowej Towarzystwa zosta\u0142 Artur Gorski.<br \/>\r\n <br \/>\r\n \u0179r\u00f3d\u0142o: KAI, \u201eNasz Dziennik\u201d<\/p>","protected":false},"excerpt":{"rendered":"Za ofiary rewolucji francuskiej modlono si\u0119 18 lipca w ko\u015bciele Naj\u015bwi\u0119tszego Serca Pana Jezusa w Bielsku-Bia\u0142ej. Inicjatorem Mszy \u015bw. w intencji m.in. zamordowanych powsta\u0144c\u00f3w z Wandei byli przedstawiciele bielskiego komitetu za\u0142o\u017cycielskiego Towarzystwa Katolicko-Konserwatywnego. Henryk Urban, jeden z inicjator\u00f3w sobotnich modlitw, podkre\u015bla, \u017ce rewolucja francuska powinna si\u0119 kojarzy\u0107 nie tylko ze \u015bwiat\u0142ymi has\u0142ami, ale tak\u017ce z [&hellip;]","protected":false},"author":1,"featured_media":0,"comment_status":"closed","ping_status":"closed","sticky":false,"template":"","format":"standard","meta":{"_acf_changed":false,"_monsterinsights_skip_tracking":false,"_monsterinsights_sitenote_active":false,"_monsterinsights_sitenote_note":"","_monsterinsights_sitenote_category":0,"ngg_post_thumbnail":0,"footnotes":"","_wp_rev_ctl_limit":""},"categories":[5],"tags":[100],"acf":[],"_links":{"self":[{"href":"https:\/\/www.bibula.com\/index.php?rest_route=\/wp\/v2\/posts\/11599"}],"collection":[{"href":"https:\/\/www.bibula.com\/index.php?rest_route=\/wp\/v2\/posts"}],"about":[{"href":"https:\/\/www.bibula.com\/index.php?rest_route=\/wp\/v2\/types\/post"}],"author":[{"embeddable":true,"href":"https:\/\/www.bibula.com\/index.php?rest_route=\/wp\/v2\/users\/1"}],"replies":[{"embeddable":true,"href":"https:\/\/www.bibula.com\/index.php?rest_route=%2Fwp%2Fv2%2Fcomments&post=11599"}],"version-history":[{"count":0,"href":"https:\/\/www.bibula.com\/index.php?rest_route=\/wp\/v2\/posts\/11599\/revisions"}],"wp:attachment":[{"href":"https:\/\/www.bibula.com\/index.php?rest_route=%2Fwp%2Fv2%2Fmedia&parent=11599"}],"wp:term":[{"taxonomy":"category","embeddable":true,"href":"https:\/\/www.bibula.com\/index.php?rest_route=%2Fwp%2Fv2%2Fcategories&post=11599"},{"taxonomy":"post_tag","embeddable":true,"href":"https:\/\/www.bibula.com\/index.php?rest_route=%2Fwp%2Fv2%2Ftags&post=11599"}],"curies":[{"name":"wp","href":"https:\/\/api.w.org\/{rel}","templated":true}]}}