{"id":115932,"date":"2020-08-05T10:10:13","date_gmt":"2020-08-05T14:10:13","guid":{"rendered":"http:\/\/www.bibula.com\/?p=115932"},"modified":"2020-08-05T10:10:13","modified_gmt":"2020-08-05T14:10:13","slug":"rzecznik-kurii-straszy-ks-isakowicza-zaleskiego-kancelaria-a-niech-mnie-skarza","status":"publish","type":"post","link":"https:\/\/www.bibula.com\/?p=115932","title":{"rendered":"Rzecznik kurii straszy ks. Isakowicza-Zaleskiego kancelari\u0105. ,,A niech mnie skar\u017c\u0105!&#8221;"},"content":{"rendered":"<p>Przed trzema dniami, 2 sierpnia, ks. Tadeusz Isakowicz-Zaleski przedstawi\u0142 na blogu wstrz\u0105saj\u0105c\u0105 histori\u0119 pana Andrzeja, kt\u00f3ry mia\u0142 by\u0107 molestowany w wieku 13 lat przez ks. Stanis\u0142awa P. z diecezji tarnowskiej. W odpowiedzi ksi\u0105dz Ryszard Nowak rzecznik prasowy biskupa tarnowskiego opublikowa\u0142 o\u015bwiadczenie, w kt\u00f3rym zarzuca ks. Isakowiczowi-Zaleskiemu, \u017ce jego tekst &#8222;zawiera os\u0105d wydany z pomini\u0119ciem dowod\u00f3w i oparty na jednostronnej relacji\u201d.<\/p>\r\n<p>Rzecznik doda\u0142 te\u017c: Przytoczona sprawa by\u0142a przedmiotem procesu karno-administracyjnego, kt\u00f3ry zosta\u0142 zako\u0144czony i zatwierdzony przez Kongregacj\u0119 Nauki Wiary w 2013 roku&#8221;. Zapowiedzia\u0142 r\u00f3wnie\u017c, \u017ce z powodu opublikowania nazwisk i urz\u0119d\u00f3w oraz &#8222;zasugerowania zaniedba\u0144 w tym dochodzeniu, w najbli\u017cszym czasie sprawa zostanie skierowana do kancelarii prawnej, by na tej drodze broni\u0107 dobrego imienia, kt\u00f3re w spos\u00f3b ewidentny zosta\u0142o naruszone przez tekst publikacji&#8221;.<\/p>\r\n<p>Ks. Isakowicz-Zaleski tak odpowiedzia\u0142 za Twitterze:<\/p>\r\n<p>&#8222;Kuria tarnowska straszy mnie, szeregowego ksi\u0119dza, kancelari\u0105 adwokack\u0105. A niech mnie skar\u017c\u0105. Nie ul\u0105k\u0142em si\u0119 bp Skworca, (dzi\u015b abp @arch_katowicka), kt\u00f3rego akta TW SB &#8222;D\u0105browski&#8221; opisa\u0142em w 2007 r., to i nie ul\u0119kn\u0119 si\u0119 teraz&#8221;.<\/p>\r\n<p>Post\u0119powanie rzecznika kurii tarnowskiej skomentowa\u0142 te\u017c na Twitterze by\u0142y pose\u0142 Kukiz&#8217;15 Tomasz Jask\u00f3\u0142a:<\/p>\r\n<p>&#8222;Kolejny raz Ko\u015bci\u00f3\u0142 strzela sobie w kolano&#8221;. &#8222;I kolejny raz wida\u0107, \u017ce stan\u0105\u0107 w prawdzie to pusty slogan dla niekt\u00f3rych, a ten co prawdzie s\u0142u\u017cy ksi\u0105dz Isakowicz jest niszczony, straszony albo nie chce si\u0119 go Komisji&#8221; &#8211; napisa\u0142. &#8222;Czy kto\u015b w Kurii my\u015bli, czy zatraci\u0142 resztki instynktu?&#8221;<\/p>\r\n<blockquote class=\"twitter-tweet\">\r\n<p dir=\"ltr\" lang=\"pl\">Kuria <a href=\"https:\/\/twitter.com\/DiecezjaTarnow?ref_src=twsrc%5Etfw\">@DiecezjaTarnow<\/a> straszy mnie, szeregowego ksi\u0119dza, kancelari\u0105 adwokack\u0105. A niech mnie skar\u017c\u0105. Nie ul\u0105k\u0142em si\u0119 bp Skworca, (dzi\u015b abp <a href=\"https:\/\/twitter.com\/arch_katowicka?ref_src=twsrc%5Etfw\">@arch_katowicka<\/a>), kt\u00f3rego akta TW SB &#8222;D\u0105browski&#8221; opisa\u0142em w 2007 r., to i nie ul\u0119kn\u0119 si\u0119 teraz. <a href=\"https:\/\/twitter.com\/hashtag\/homolobby?src=hash&amp;ref_src=twsrc%5Etfw\">#homolobby<\/a> <a href=\"https:\/\/twitter.com\/hashtag\/pedofilia?src=hash&amp;ref_src=twsrc%5Etfw\">#pedofilia<\/a> <a href=\"https:\/\/t.co\/W8V9o5WCZm\">https:\/\/t.co\/W8V9o5WCZm<\/a><\/p>\r\n\r\n\u201d\u201d Isakowicz-Zaleski (@IsakowiczZalesk) <a href=\"https:\/\/twitter.com\/IsakowiczZalesk\/status\/1290639792439529472?ref_src=twsrc%5Etfw\">August 4, 2020<\/a><\/blockquote>\r\n<p><script async=\"\" src=\"https:\/\/platform.twitter.com\/widgets.js\" charset=\"utf-8\"><\/script><\/p>\r\n<blockquote class=\"twitter-tweet\">\r\n<p dir=\"ltr\" lang=\"pl\">Kolejny raz Ko\u015bci\u00f3\u0142 strzela sobie w kolano. I kolejny raz wida\u0107, \u017ce stan\u0105\u0107 w prawdzie to pusty slogan dla niekt\u00f3rych, a ten co prawdzie s\u0142u\u017cy ksi\u0105dz Isakowicz jest niszczony, straszony albo nie chce si\u0119 go Komisji. Czy kto\u015b w Kurii my\u015bli, czy zatraci\u0142 resztki instynktu? <a href=\"https:\/\/t.co\/61peMYYo1i\">https:\/\/t.co\/61peMYYo1i<\/a><\/p>\r\n\r\n\u201d\u201d Tomasz Jask\u00f3\u0142a (@TJaskola) <a href=\"https:\/\/twitter.com\/TJaskola\/status\/1290664628322816000?ref_src=twsrc%5Etfw\">August 4, 2020<\/a><\/blockquote>\r\n<p><script async=\"\" src=\"https:\/\/platform.twitter.com\/widgets.js\" charset=\"utf-8\"><\/script> erl\/gosc.pl,twitter<\/p>","protected":false},"excerpt":{"rendered":"Przed trzema dniami, 2 sierpnia, ks. Tadeusz Isakowicz-Zaleski przedstawi\u0142 na blogu wstrz\u0105saj\u0105c\u0105 histori\u0119 pana Andrzeja, kt\u00f3ry mia\u0142 by\u0107 molestowany w wieku 13 lat przez ks. Stanis\u0142awa P. z diecezji tarnowskiej. W odpowiedzi ksi\u0105dz Ryszard Nowak rzecznik prasowy biskupa tarnowskiego opublikowa\u0142 o\u015bwiadczenie, w kt\u00f3rym zarzuca ks. Isakowiczowi-Zaleskiemu, \u017ce jego tekst &#8222;zawiera os\u0105d wydany z pomini\u0119ciem dowod\u00f3w [&hellip;]","protected":false},"author":1,"featured_media":0,"comment_status":"closed","ping_status":"closed","sticky":false,"template":"","format":"standard","meta":{"_acf_changed":false,"_monsterinsights_skip_tracking":false,"_monsterinsights_sitenote_active":false,"_monsterinsights_sitenote_note":"","_monsterinsights_sitenote_category":0,"ngg_post_thumbnail":0,"footnotes":"","_wp_rev_ctl_limit":""},"categories":[5],"tags":[16,86,33],"acf":[],"_links":{"self":[{"href":"https:\/\/www.bibula.com\/index.php?rest_route=\/wp\/v2\/posts\/115932"}],"collection":[{"href":"https:\/\/www.bibula.com\/index.php?rest_route=\/wp\/v2\/posts"}],"about":[{"href":"https:\/\/www.bibula.com\/index.php?rest_route=\/wp\/v2\/types\/post"}],"author":[{"embeddable":true,"href":"https:\/\/www.bibula.com\/index.php?rest_route=\/wp\/v2\/users\/1"}],"replies":[{"embeddable":true,"href":"https:\/\/www.bibula.com\/index.php?rest_route=%2Fwp%2Fv2%2Fcomments&post=115932"}],"version-history":[{"count":0,"href":"https:\/\/www.bibula.com\/index.php?rest_route=\/wp\/v2\/posts\/115932\/revisions"}],"wp:attachment":[{"href":"https:\/\/www.bibula.com\/index.php?rest_route=%2Fwp%2Fv2%2Fmedia&parent=115932"}],"wp:term":[{"taxonomy":"category","embeddable":true,"href":"https:\/\/www.bibula.com\/index.php?rest_route=%2Fwp%2Fv2%2Fcategories&post=115932"},{"taxonomy":"post_tag","embeddable":true,"href":"https:\/\/www.bibula.com\/index.php?rest_route=%2Fwp%2Fv2%2Ftags&post=115932"}],"curies":[{"name":"wp","href":"https:\/\/api.w.org\/{rel}","templated":true}]}}