{"id":115783,"date":"2020-07-31T14:12:44","date_gmt":"2020-07-31T18:12:44","guid":{"rendered":"http:\/\/www.bibula.com\/?p=115783"},"modified":"2020-09-17T19:06:30","modified_gmt":"2020-09-17T23:06:30","slug":"300-mln-dawek-szczepionki-na-covid-19-ma-trafic-do-europy","status":"publish","type":"post","link":"https:\/\/www.bibula.com\/?p=115783","title":{"rendered":"300 mln dawek szczepionki na Covid-19 ma trafi\u0107 do Europy"},"content":{"rendered":"<p><strong>Komisja Europejska porozumia\u0142a si\u0119 z firm\u0105 Sanofi w sprawie zakupu dla kraj\u00f3w UE 300 mln dawek przysz\u0142ej szczepionki przeciwko Covid-19. Poinformowa\u0142a te\u017c, \u017ce kontynuuje intensywne rozmowy z innymi producentami szczepionek.<\/strong><\/p>\r\n<p>\u201eKomisja Europejska robi wszystko, co w jej mocy, aby zapewni\u0107 Europejczykom szybki dost\u0119p do szczepionki, kt\u00f3ra jest bezpieczna i chroni ich przed koronawirusem. Dzisiejszy krok z firm\u0105 Sanofi jest pierwszym wa\u017cnym kamieniem w\u0119gielnym znacznie szerszej europejskiej strategii szczepie\u0144. Wkr\u00f3tce pojawi si\u0119 ich wi\u0119cej. Prowadzimy zaawansowane rozmowy z kilkoma innymi firmami\u201d &#8211; o\u015bwiadczy\u0142a w pi\u0105tek przewodnicz\u0105ca KE Ursula von der Leyen.<\/p>\r\n<div class=\"cut1\">[&#8230;] <span class=\"podpis_sz\">Ca\u0142y tekst dost\u0119pny w materiale \u017ar\u00f3d\u0142owym<\/span><\/div>\r\n<p>\u0179r\u00f3d\u0142o: PAP<\/p>\r\n<p class=\"zrodlo\">Za: <a href=\"https:\/\/www.stefczyk.info\/2020\/07\/31\/300-mln-dawek-szczepionki-na-covid-19-ma-trafic-do-europy\/\">stefczyk.info (2020.07.31)<\/a><\/p>\r\n<h4>\u00a0<\/h4>\r\n<hr style=\"background-color: #000000; border-width: 0; color: #000000; height: 2px; line-height: 0; text-align: center; width: 100%;\" \/>\r\n<h4>\u00a0<\/h4>\r\n<h2>Polska negocjowa\u0142a umow\u0119 ws. szczepionek na COVID-19<\/h2>\r\n<p><strong>Minister zdrowia \u0141ukasz Szumowski potwierdzi\u0142, \u017ce Polska jest zainteresowana zakupem szczepionki na COVID-19 w ramach zam\u00f3wie\u0144 unijnych. Poinformowa\u0142, \u017ce Polska by\u0142a w gronie siedmiu pa\u0144stw, kt\u00f3re negocjowa\u0142y wst\u0119pn\u0105 umow\u0119 w tej sprawie z firm\u0105 Sanofi.<\/strong><\/p>\r\n<p>Komisja Europejska porozumia\u0142a si\u0119 z firm\u0105 Sanofi w sprawie zakupu dla kraj\u00f3w UE 300 mln dawek przysz\u0142ej szczepionki przeciwko COVID-19. Poinformowa\u0142a te\u017c, \u017ce kontynuuje intensywne rozmowy z innymi producentami szczepionek.<\/p>\r\n<div class=\"cut1\">[&#8230;] <span class=\"podpis_sz\">Ca\u0142y tekst dost\u0119pny w materiale \u017ar\u00f3d\u0142owym<\/span><\/div>\r\n<p>JG, PAP<\/p>\r\n<p class=\"zrodlo\">Za: <a href=\"https:\/\/naszdziennik.pl\/polska\/224417,polska-negocjowala-umowe-ws-szczepionek-na-covid-19.html\">Nasz Dziennik (31 lipca 2020)<\/a><\/p>\r\n<h4>\u00a0<\/h4>\r\n<hr style=\"background-color: #000000; border-width: 0; color: #000000; height: 2px; line-height: 0; text-align: center; width: 100%;\" \/>\r\n<h4>\u00a0<\/h4>","protected":false},"excerpt":{"rendered":"Komisja Europejska porozumia\u0142a si\u0119 z firm\u0105 Sanofi w sprawie zakupu dla kraj\u00f3w UE 300 mln dawek przysz\u0142ej szczepionki przeciwko Covid-19. Poinformowa\u0142a te\u017c, \u017ce kontynuuje intensywne rozmowy z innymi producentami szczepionek. \u201eKomisja Europejska robi wszystko, co w jej mocy, aby zapewni\u0107 Europejczykom szybki dost\u0119p do szczepionki, kt\u00f3ra jest bezpieczna i chroni ich przed koronawirusem. Dzisiejszy krok [&hellip;]","protected":false},"author":1,"featured_media":0,"comment_status":"closed","ping_status":"closed","sticky":false,"template":"","format":"standard","meta":{"_acf_changed":false,"_monsterinsights_skip_tracking":false,"_monsterinsights_sitenote_active":false,"_monsterinsights_sitenote_note":"","_monsterinsights_sitenote_category":0,"ngg_post_thumbnail":0,"footnotes":"","_wp_rev_ctl_limit":""},"categories":[451,6],"tags":[433,448,23,98,20],"acf":[],"_links":{"self":[{"href":"https:\/\/www.bibula.com\/index.php?rest_route=\/wp\/v2\/posts\/115783"}],"collection":[{"href":"https:\/\/www.bibula.com\/index.php?rest_route=\/wp\/v2\/posts"}],"about":[{"href":"https:\/\/www.bibula.com\/index.php?rest_route=\/wp\/v2\/types\/post"}],"author":[{"embeddable":true,"href":"https:\/\/www.bibula.com\/index.php?rest_route=\/wp\/v2\/users\/1"}],"replies":[{"embeddable":true,"href":"https:\/\/www.bibula.com\/index.php?rest_route=%2Fwp%2Fv2%2Fcomments&post=115783"}],"version-history":[{"count":2,"href":"https:\/\/www.bibula.com\/index.php?rest_route=\/wp\/v2\/posts\/115783\/revisions"}],"predecessor-version":[{"id":117063,"href":"https:\/\/www.bibula.com\/index.php?rest_route=\/wp\/v2\/posts\/115783\/revisions\/117063"}],"wp:attachment":[{"href":"https:\/\/www.bibula.com\/index.php?rest_route=%2Fwp%2Fv2%2Fmedia&parent=115783"}],"wp:term":[{"taxonomy":"category","embeddable":true,"href":"https:\/\/www.bibula.com\/index.php?rest_route=%2Fwp%2Fv2%2Fcategories&post=115783"},{"taxonomy":"post_tag","embeddable":true,"href":"https:\/\/www.bibula.com\/index.php?rest_route=%2Fwp%2Fv2%2Ftags&post=115783"}],"curies":[{"name":"wp","href":"https:\/\/api.w.org\/{rel}","templated":true}]}}