{"id":115768,"date":"2020-07-31T10:10:44","date_gmt":"2020-07-31T14:10:44","guid":{"rendered":"http:\/\/www.bibula.com\/?p=115768"},"modified":"2020-07-31T10:10:44","modified_gmt":"2020-07-31T14:10:44","slug":"raport-o-zydowskich-roszczeniach-wiceminister-nie-zauwaza-zagrozen","status":"publish","type":"post","link":"https:\/\/www.bibula.com\/?p=115768","title":{"rendered":"Raport o \u017cydowskich roszczeniach. Wiceminister nie zauwa\u017ca zagro\u017ce\u0144"},"content":{"rendered":"<p><strong>Sebastian Kaleta, wiceminister sprawiedliwo\u015bci w rozmowie z Onet.pl skomentowa\u0142 opublikowany przez Departament Stanu USA raport o roszczeniach w sprawie mienia \u017cydowskiego w Polsce. Raport jest cz\u0119\u015bci\u0105 tzw. Ustawy 447.&nbsp;<\/strong><strong>&#8211; <em>Raport jest sprawozdaniem i informacj\u0105 rz\u0105du ameryka\u0144skiego dla Kongresu. Nie ma tutaj \u017cadnej ingerencji w polskie sprawy<\/em> &#8211; oceni\u0142, najwyra\u017aniej bagatelizuj\u0105c znaczenie ameryka\u0144skiego dokumentu.<\/strong><\/p>\r\n<p>W ocenie Kalety, tre\u015b\u0107 raportu nie jest nowo\u015bci\u0105, a dokument ma jedynie charakter sprawozdawczo-informacyjny. Podkre\u015blono w nim, \u017ce Polska jest jedynym krajem UE, w kt\u00f3rym dot\u0105d nie rozwi\u0105zano kompleksowo kwestii mienia po\u017cydowskiego. Jest te\u017c zach\u0119ta do dzia\u0142a\u0144. Raport nie nak\u0142ada na Polsk\u0119 \u017cadnych obci\u0105\u017ce\u0144 i zauwa\u017ca starania polskich w\u0142adz w zakresie utrzymania pami\u0119ci o zbrodni Holocaustu.<\/p>\r\n<p>Inaczej spraw\u0119 postrzega mec. Jerzy Kwasniewski, prezes Ordo Iuris, kt\u00f3ry wskazuje na potrzeb\u0119 polksiej odpowiedzi na raport i podj\u0119cie konkretnych dzia\u0142a\u0144. <a href=\"https:\/\/www.pch24.pl\/prezes-ordo-iuris--usa-robia-krok-naprzod-w-sprawie-roszczen-zydowskich--ale-mozna-temu-zaradzic,77553,i.html\" target=\"_blank\" rel=\"noopener noreferrer\">Wi\u0119cej o sprawie piszemy TUTAJ.<\/a><\/p>\r\n<p>Zdaniem wiceministra sprawiedliwo\u015bci, sprawa reprywatyzacji, to nie tylko kwestia os\u00f3b pochodzenia \u017cydowskiego, ale nade wszystko obywateli polskich. To pok\u0142osie proces\u00f3w komunistycznej nacjonalizacji, transformacji i reprywatyzacji z lat 90-tych. Jak m\u00f3wi\u0142, \u201eproblem uregulowania stosunk\u00f3w w\u0142asno\u015bciowych pozostaje do dzi\u015b otwarty\u201d i jest to te\u017c wynik \u201er\u00f3\u017cnorodno\u015bci postulat\u00f3w, jak ten proces zako\u0144czy\u0107\u201d.<\/p>\r\n<p>Kaleta pytany czy ustawa 447 zmusza Polsk\u0119 do wyp\u0142at odszkodowa\u0144 dla ofiar Holocaustu zaprzeczy\u0142 i zaznaczy\u0142, \u017ce to akt wewn\u0119trzny prawa ameryka\u0144skiego, kt\u00f3ry nie ingeruje w polskie sprawy. W podobnym tonie spraw\u0119 oceni\u0142o Ministerstwo Spraw Zagranicznych, kt\u00f3re wskaza\u0142o, \u017ce \u201eani Deklaracja Terezi\u0144ska, ani ustawa Just Act (447) nie s\u0105 instrumentami, kt\u00f3re stanowi\u0142yby jak\u0105kolwiek podstaw\u0119 prawn\u0105 do wysuwania roszcze\u0144 o zwrot mienia w Polsce\u201d.<\/p>\r\n<p>Kaleta wskaza\u0142 te\u017c, \u017ce w polskim porz\u0105dku prawnym nie ma problemu tzw. mienia bezspadkowego. Taka informacja znalaz\u0142a si\u0119 w raporcie i dotrze do kongresmen\u00f3w. Wiceminister spraw\u0119 \u0142\u0105czy z kwesti\u0105 reparacji wojennych nale\u017cnych Polsce od Niemc\u00f3w za dokonane zniszczenia. Jego zdaniem, kwestie dotycz\u0105ce rozliczenia procesu reprywatyzacji s\u0105 \u015bci\u015ble powi\u0105zane z tymi odszkodowaniami. Problematyka jest szeroka i otwarta. &#8211; <em>Nie mamy aktu prawnego, kt\u00f3ry te sprawy ko\u0144czy. Aktualnie proces reprywatyzacji w Polsce wprowadzany jest na podstawie og\u00f3lnych zasad prawa administracyjnego i cywilnego<\/em> &#8211; oceni\u0142.<\/p>\r\n<p>Jak m\u00f3wi\u0142 dalej, poruszaj\u0105c si\u0119 wedle zasad prawa administracyjnego, w pierwszej kolejno\u015bci \u201enale\u017cy usun\u0105\u0107 z obrotu prawnego decyzj\u0119 nacjonalizacyjn\u0105 z lat 40. XX w., a wnioski z dekret\u00f3w powojennych z\u0142o\u017cone wtedy <em>o\u017cywaj\u0105<\/em> i s\u0105 rozpatrywane ponownie po kilkudziesi\u0119ciu latach\u201d. Tak w zasadzie prowadzono proces warszawskiej reprywatyzacji (na podstawie kodeksu post\u0119powania administracyjnego oraz dekretu Bieruta).<\/p>\r\n<p>Kaleta doda\u0142, \u017ce procedowanie wedle tych zasad jest trudne, bo w pierwszej kolejno\u015bci&nbsp; \u201etrzeba usun\u0105\u0107 decyzje z czas\u00f3w komunistycznych, ustali\u0107 kr\u0105g spadkobierc\u00f3w, a nast\u0119pnie na podstawie dekretu Bieruta rozstrzyga si\u0119, czy mo\u017cna dochodzi\u0107 zwrotu danej nieruchomo\u015bci\u201d. Wiceminister zaznaczy\u0142, \u017ce innego rozwi\u0105zania p\u00f3ki co nie ma, za\u015b raport Departamentu Stanu USA nic w tym zakresie nie zmienia.<\/p>\r\n<p>Uspokaja\u0105cy ton przedstawiciela rz\u0105du, jak i resortu spraw zagranicznych niepokoi. Zak\u0142ada bowiem ca\u0142kowit\u0105 neutralno\u015b\u0107 ameryka\u0144skiego raportu, co wskazjuje na bagatelizacj\u0119 podnoszonego w USA problemu roszcze\u0144 bezspadkowego mienia po\u017cydowskiego (tzw. ustawa 447). Tymczasem, co wskazuje mec. Kwa\u015bniewski, raport, to &#8222;krok naprz\u00f3d w realizacji d\u0142ugofalowej strategii nadania roszczeniom organizacji spo\u0142ecznych przypisuj\u0105cych sobie prawo do reprezentowania ofiar Holocuastu podstawy prawnej w rodz\u0105cej si\u0119 normie prawa mi\u0119dzynarodowego&#8221;.<\/p>\r\n<p>\u0179r\u00f3d\u0142o: onet.pl, pch24.pl<\/p>\r\n<p>MA<\/p>\r\n<p class=\"zrodlo\">Za: <a href=\"https:\/\/www.pch24.pl\/raport-o-zydowskich-roszczeniach--wiceminister-nie-zauwaza-zagrozen,77552,i.html\">PoloniaChristiana &#8211; pch24.pl (2020-07-31)<\/a><\/p>\r\n<h4>&nbsp;<\/h4>\r\n<hr style=\"background-color: #000000; border-width: 0; color: #000000; height: 2px; line-height: 0; text-align: center; width: 100%;\">\r\n<h4>&nbsp;<\/h4>\r\n<h2>UJAWNIAMY! Polska wyp\u0142aca ju\u017c rekompensaty dla \u017byd\u00f3w! Prawie 30 miliard\u00f3w przez ostatnie 5 lat [WIDEO]<\/h2>\r\n<p><strong>Tu\u017c po wyborach pojawi\u0142 si\u0119 \u201eRaport Just Act\u201d, kt\u00f3ry jest za\u0142\u0105cznikiem do s\u0142ynnej ustawy 447. Na antenie NCzasTV odni\u00f3s\u0142 si\u0119 do niego Tomasz Sommer, kt\u00f3ry zwr\u00f3ci\u0142 uwag\u0119 na ciekaw\u0105 kwesti\u0119 wyp\u0142acania \u015bwiadcze\u0144 dla \u017byd\u00f3w \u201eocala\u0142ych z Holocaustu\u201d, o kt\u00f3rym pisze Departament Stanu.<\/strong><\/p>\r\n<p>W raporcie Polska rugana jest m.in. za brak odpowiedniego ustawodawstwa czy te\u017c za powolny zwrot mienia gminom \u017cydowskim. Jej fragment odnosi si\u0119 do os\u00f3b \u201eocala\u0142ych z Holocaustu\u201d, kt\u00f3rym Polska wyp\u0142aca co miesi\u0105c specjalne \u015bwiadczenia.<\/p>\r\n<h4>\u015awiadczenia dla \u201eocala\u0142ych\u201d<\/h4>\r\n<p>&#8211; W 2014 r. Polska przyj\u0119\u0142a ustaw\u0119, na mocy kt\u00f3rej osoby ocala\u0142e z Holokaustu pochodz\u0105ce z Polski, bez wzgl\u0119du na obecne miejsce zamieszkania, otrzymuj\u0105 comiesi\u0119czne \u015bwiadczenie w wysoko\u015bci r\u00f3wnej \u015bwiadczeniom otrzymywanym przez emeryt\u00f3w w Polsce &#8211; czytamy w raporcie Departamentu Stanu.<\/p>\r\n<p>Zdaniem ameryka\u0144skich urz\u0119dnik\u00f3w samo przyznawanie \u015bwiadcze\u0144 mog\u0142oby by\u0107 jednak \u0142atwiejsze. Okazuje si\u0119, \u017ce polscy ustawodawcy przewidzieli konieczno\u015b\u0107 przedstawienia odpowiednich dokument\u00f3w, a te niekt\u00f3rzy mogli utraci\u0107 w czasie II Wojny \u015awiatowej. By\u0107 mo\u017ce zatem \u015bwiadczenia te powinny by\u0107 wyp\u0142acane po prostu na \u0142adne, \u017cydowskie oczy.<\/p>\r\n<h4>Prawie 30 miliard\u00f3w<\/h4>\r\n<p>W raporcie pojawia si\u0119 te\u017c konkretna kwota ponad 28 miliard\u00f3w z\u0142otych, kt\u00f3re Polska mia\u0142a zap\u0142aci\u0107 z tytu\u0142u tych \u015bwiadcze\u0144. Obejmuje to okres ostatnich 5 lat, od kiedy ustawa wesz\u0142a w \u017cycie.<\/p>\r\n<p><a href=\"https:\/\/nczas.com\/wp-content\/uploads\/2020\/07\/holocaustu-696x389.jpg\"><img fetchpriority=\"high\" decoding=\"async\" class=\"aligncenter\" src=\"https:\/\/nczas.com\/wp-content\/uploads\/2020\/07\/holocaustu-696x389.jpg\" width=\"598\" height=\"334\"><\/a><\/p>\r\n<p>&#8211; <em>Przez dziesi\u0119\u0107 lat to ju\u017c b\u0119dzie 60 miliard\u00f3w, a przez dwadzie\u015bcia 120 miliard\u00f3w<\/em> &#8211; wskazuje Tomasz Sommer. Cho\u0107, jak mo\u017cna zak\u0142ada\u0107 kwoty te b\u0119d\u0105 spada\u0107, wraz z naturalnym ubytkiem ocala\u0142ych z Holocaustu. Jednak i ta kwota jest ogromna, gdy\u017c tych \u201eocala\u0142ych\u201d wg oficjalnych danych nie by\u0142o tak wielu, a przecie\u017c od zako\u0144czenia wojny min\u0119\u0142o ju\u017c 75 lat.<\/p>\r\n<p>&#8211; <em>Je\u015bli tylko 300 tysi\u0119cy ludzi &#8211; wed\u0142ug \u015brednich ocen &#8211; prze\u017cy\u0142o, to po 70 latach tych ludzi zosta\u0142aby tylko garstka. Ja my\u015bla\u0142em, \u017ce to jest jakie\u015b takie symboliczne uhonorowanie tych bardzo starych ludzi. Okazuje si\u0119, \u017ce niekoniecznie, \u017ce to jakie\u015b szersze kr\u0119gi dostaj\u0105. No, bo na kogo\u015b te 6 miliard\u00f3w musi i\u015b\u0107<\/em> &#8211; m\u00f3wi redaktor Sommer.<\/p>\r\n<p>[youtube =dD-tYzPSGvc width=&#8221;600&#8243;]<\/p>\r\n<h4>\u201e\u017bydowe plus\u201d<\/h4>\r\n<p>Ca\u0142ej sprawie kontrowersji dodaje fakt, \u017ce tak naprawd\u0119 nie wiadomo, kto dostaje te pieni\u0105dze. Sprawa nie wzbudzi\u0142a te\u017c zainteresowania najwi\u0119kszych medi\u00f3w.<\/p>\r\n<p>&#8211; Zada\u0142em wczoraj pytanie o 30 miliard\u00f3w jakie wg Departamentu Stanu USA Polska wyp\u0142aci\u0142a jakim\u015b tajemniczym \u201eHolocaust survivals\u201d licz\u0105c, \u017ce kto\u015b z r\u00f3\u017cnych \u201eRmf-\u00f3w, Zetek itp.\u201d zapyta o to kogo\u015b z rz\u0105du. A tu grobowa cisza. Czy\u017cby\u015bmy ju\u017c p\u0142acili \u017bydowe+? &#8211; pisze na Twitterze Sommer.<\/p>\r\n<blockquote class=\"twitter-tweet\">\r\n<p dir=\"ltr\" lang=\"pl\">Zada\u0142em wczoraj pytanie o 30 miliard\u00f3w jakie wg Departamentu Stanu USA Polska wyp\u0142aci\u0142a jakim\u015b tajemniczym &#8222;Holocaust survivals&#8221; licz\u0105c, \u017ce kto\u015b z r\u00f3\u017cnych &#8222;Rmf-\u00f3w, Zetek itp.&#8221; zapyta o to kogo\u015b z rz\u0105du. A tu grobowa cisza. Czy\u017cby\u015bmy ju\u017c p\u0142acili \u017bydowe+?<\/p>\r\n\r\n\u201d\u201d Tomasz Sommer (@1972tomek) <a href=\"https:\/\/twitter.com\/1972tomek\/status\/1289115436660011009?ref_src=twsrc%5Etfw\">July 31, 2020<\/a><\/blockquote>\r\n<p><script async=\"\" src=\"https:\/\/platform.twitter.com\/widgets.js\" charset=\"utf-8\"><\/script><\/p>\r\n<p>Czytaj wi\u0119cej: <a href=\"https:\/\/nczas.com\/2020\/07\/30\/ujawniamy-cala-prawde-o-raporcie-ws-447-polska-na-celowniku-departamentu-stanu-usa\/\">Ujawniamy ca\u0142\u0105 prawd\u0119 o raporcie ws. 447. Polska na celowniku Departamentu Stanu USA<\/a><\/p>\r\n<p class=\"zrodlo\">Za: <a href=\"https:\/\/nczas.com\/2020\/07\/31\/ujawniamy-polska-wyplaca-juz-rekompensaty-dla-zydow-prawie-30-miliardow-przez-ostatnie-5-lat-wideo\/\">Najwy\u017cszy Czas! (31 lipca 2020)<\/a><\/p>\r\n<h4>&nbsp;<\/h4>\r\n<hr style=\"background-color: #000000; border-width: 0; color: #000000; height: 2px; line-height: 0; text-align: center; width: 100%;\">\r\n<h4>&nbsp;<\/h4>","protected":false},"excerpt":{"rendered":"Sebastian Kaleta, wiceminister sprawiedliwo\u015bci w rozmowie z Onet.pl skomentowa\u0142 opublikowany przez Departament Stanu USA raport o roszczeniach w sprawie mienia \u017cydowskiego w Polsce. Raport jest cz\u0119\u015bci\u0105 tzw. Ustawy 447.&nbsp;&#8211; Raport jest sprawozdaniem i informacj\u0105 rz\u0105du ameryka\u0144skiego dla Kongresu. Nie ma tutaj \u017cadnej ingerencji w polskie sprawy &#8211; oceni\u0142, najwyra\u017aniej bagatelizuj\u0105c znaczenie ameryka\u0144skiego dokumentu. W ocenie [&hellip;]","protected":false},"author":1,"featured_media":0,"comment_status":"closed","ping_status":"closed","sticky":false,"template":"","format":"standard","meta":{"_acf_changed":false,"_monsterinsights_skip_tracking":false,"_monsterinsights_sitenote_active":false,"_monsterinsights_sitenote_note":"","_monsterinsights_sitenote_category":0,"ngg_post_thumbnail":0,"footnotes":"","_wp_rev_ctl_limit":""},"categories":[8],"tags":[65,22,98,53,20],"acf":[],"_links":{"self":[{"href":"https:\/\/www.bibula.com\/index.php?rest_route=\/wp\/v2\/posts\/115768"}],"collection":[{"href":"https:\/\/www.bibula.com\/index.php?rest_route=\/wp\/v2\/posts"}],"about":[{"href":"https:\/\/www.bibula.com\/index.php?rest_route=\/wp\/v2\/types\/post"}],"author":[{"embeddable":true,"href":"https:\/\/www.bibula.com\/index.php?rest_route=\/wp\/v2\/users\/1"}],"replies":[{"embeddable":true,"href":"https:\/\/www.bibula.com\/index.php?rest_route=%2Fwp%2Fv2%2Fcomments&post=115768"}],"version-history":[{"count":0,"href":"https:\/\/www.bibula.com\/index.php?rest_route=\/wp\/v2\/posts\/115768\/revisions"}],"wp:attachment":[{"href":"https:\/\/www.bibula.com\/index.php?rest_route=%2Fwp%2Fv2%2Fmedia&parent=115768"}],"wp:term":[{"taxonomy":"category","embeddable":true,"href":"https:\/\/www.bibula.com\/index.php?rest_route=%2Fwp%2Fv2%2Fcategories&post=115768"},{"taxonomy":"post_tag","embeddable":true,"href":"https:\/\/www.bibula.com\/index.php?rest_route=%2Fwp%2Fv2%2Ftags&post=115768"}],"curies":[{"name":"wp","href":"https:\/\/api.w.org\/{rel}","templated":true}]}}