{"id":115661,"date":"2020-07-27T12:32:15","date_gmt":"2020-07-27T16:32:15","guid":{"rendered":"http:\/\/www.bibula.com\/?p=115661"},"modified":"2020-07-27T12:32:15","modified_gmt":"2020-07-27T16:32:15","slug":"muzulmanie-domagaja-sie-zwrotu-katedry-w-kordobie-ich-zdaniem-kosciol-nie-jest-wart-takiego-daru","status":"publish","type":"post","link":"https:\/\/www.bibula.com\/?p=115661","title":{"rendered":"Muzu\u0142manie domagaj\u0105 si\u0119 zwrotu katedry w Kordobie. Ich zdaniem \u201eKo\u015bci\u00f3\u0142 nie jest wart takiego daru&#8221;"},"content":{"rendered":"<p><strong>\u201eJeden z emirat\u00f3w arabskich za\u017c\u0105da\u0142 zwr\u00f3cenia muzu\u0142manom s\u0142ynnej katedry w Kordobie, dawnego meczetu\u201d &#8211; poinformowa\u0142a hiszpa\u0144ska telewizja Antena3.<\/strong><\/p>\r\n<p><img fetchpriority=\"high\" decoding=\"async\" class=\"aligncenter\" src=\"https:\/\/www.pch24.pl\/images\/min_mid_big\/big\/77451.jpg?r=1595864717\" alt=\"Muzu\u0142manie domagaj\u0105 si\u0119 zwrotu katedry w Kordobie. Ich zdaniem \u201eKo\u015bci\u00f3\u0142 nie jest wart takiego daru\u201d\" width=\"597\" height=\"343\"><\/p>\r\n<p style=\"text-align: center;\"><em>fot. Susana Ferreira Machado \/ CC BY-SA (https:\/\/creativecommons.org\/licenses\/by-sa\/2.0)<\/em><\/p>\r\n<p>W\u0142adcy emiratu Szard\u017ca, Sultan III ibn Muhammad al-Kasimi w wywiadzie udzielonym Sharjah News powiedzia\u0142, \u017ce wielu muzu\u0142man\u00f3w \u201e\u017c\u0105da zwrotu meczetu w Kordobie, gdy\u017c uwa\u017ca, \u017ce jest on ich w\u0142asno\u015bci\u0105 i zosta\u0142 przekazany Ko\u015bcio\u0142owi jako prezent, a nie jest on tego prezentu wart\u201d.<\/p>\r\n<p>Emir stwierdzi\u0142 r\u00f3wnie\u017c, \u017ce po przekszta\u0142ceniu Hagii Sophii w meczet wyznawcy Allaha powinni p\u00f3j\u015b\u0107 krok dalej i dokona\u0107 rewindykacji katedry w Kordobie, zwanej Mezquita Catedral (meczet-katedra).<\/p>\r\n<p>Polemika wok\u00f3\u0142 w\u0142asno\u015bci Mezquita Catedral trwa od wielu lat. W roku 2004 jeden z hiszpa\u0144skich przyw\u00f3dc\u00f3w muzu\u0142ma\u0144skich Muhammad Manan o\u015bwiadczy\u0142, \u017ce w\u0142adze powinny \u201ezwolni\u0107\u201d dla muzu\u0142man\u00f3w meczet w Kordobie.<\/p>\r\n<p>W odpowiedzi na to wezwanie biskup Kordoby Demetrio Fernandez wielokrotnie zapowiada\u0142, \u017ce nie pozwoli wsp\u00f3lnotom muzu\u0142ma\u0144skim na odbywanie mod\u0142\u00f3w w katedrze. Wed\u0142ug hierarchy, taki \u201enieodpowiedzialny\u201d pomys\u0142 doprowadzi\u0142by do usuni\u0119cia katolik\u00f3w ze \u015bwi\u0105tyni. Zdaniem hierarchy katedra nale\u017ca\u0142a do chrze\u015bcijan przez 16 wiek\u00f3w, podczas gdy muzu\u0142manie okupowali j\u0105 przez 400 lat.<\/p>\r\n<p>Katedra zajmuje budynek, kt\u00f3ry by\u0142 kiedy\u015b meczetem. Powsta\u0142 on w VIII wieku na miejscu katolickiego ko\u015bcio\u0142a z czas\u00f3w Wizygot\u00f3w, zburzonego w wyniku arabskiej inwazji na Hiszpani\u0119 w 711 r. Do ko\u0144ca X wieku w meczecie mogli modli\u0107 si\u0119 tak\u017ce chrze\u015bcijanie i \u017bydzi, do czasu kiedy kalif Al-Mansur uczyni\u0142 go wy\u0142\u0105cznie islamskim miejscem kultu.<\/p>\r\n<p>W wyniku rekonkwisty meczet sta\u0142 si\u0119 w 1236 r. katedr\u0105 katolick\u0105. Ko\u015bci\u00f3\u0142 zachowa\u0142 struktur\u0119 budynku, kt\u00f3ry zosta\u0142 cz\u0119\u015bciowo przebudowany na gotycko-renesansow\u0105 katedr\u0119.<\/p>\r\n<p>\u0179r\u00f3d\u0142o: telewizja Antena3, tvp.info<\/p>\r\n<p>TK<\/p>\r\n<blockquote>\r\n<p>[<strong>Wybrane wypowiedzi internaut\u00f3w pod w\/w tekstem na stronie \u017ar\u00f3d\u0142owej:<\/strong>]<\/p>\r\n<p>na pocz\u0105tek likwidujemy dni islamu w Ko\u015bciele, a p\u00f3\u017aniej zastanawiamy si\u0119 jak zatrzyma\u0107 i wypleni\u0107 to z\u0142o islamskie, kt\u00f3re zaczyna si\u0119 ju\u017c te\u017c szerzy\u0107 w naszym Kraju<br>\r\n<em>anty<\/em><br>\r\n<br>\r\nW tym,\u017ce Ko\u015bci\u00f3\u0142 nie jest wart tego obiektu le\u017cy g\u0142\u0119boka prawda niestety-koscioly ziej\u0105 pustk\u0105 gdy tymczasem meczety s\u0105 zape\u0142nione po brzegi.Muzu\u0142manie naprawd\u0119 si\u0119 modl\u0105,niech lepiej s\u0142u\u017cy im ten budynek ni\u017c ma sta\u0107 pusty lub zosta\u0107 zamieniony na muzeum w najlepszym razie,je\u015bli nie na bar czy dyskotek\u0119, co jest tylko kwesti\u0105 czasu.<br>\r\n<em>Krzysztof Sciep<\/em><br>\r\n<br>\r\nJak patrz\u0119 na to, co Ko\u015bci\u00f3\u0142 katolicki w Europie Zachodniej zrobi\u0142 ze swojej wiary, to te\u017c si\u0119 zastanawiam, czy zas\u0142uguje.<br>\r\n<em>Zgry\u017aliwy tetr<\/em><\/p>\r\n<\/blockquote>","protected":false},"excerpt":{"rendered":"\u201eJeden z emirat\u00f3w arabskich za\u017c\u0105da\u0142 zwr\u00f3cenia muzu\u0142manom s\u0142ynnej katedry w Kordobie, dawnego meczetu\u201d &#8211; poinformowa\u0142a hiszpa\u0144ska telewizja Antena3. fot. Susana Ferreira Machado \/ CC BY-SA (https:\/\/creativecommons.org\/licenses\/by-sa\/2.0) W\u0142adcy emiratu Szard\u017ca, Sultan III ibn Muhammad al-Kasimi w wywiadzie udzielonym Sharjah News powiedzia\u0142, \u017ce wielu muzu\u0142man\u00f3w \u201e\u017c\u0105da zwrotu meczetu w Kordobie, gdy\u017c uwa\u017ca, \u017ce jest on ich w\u0142asno\u015bci\u0105 [&hellip;]","protected":false},"author":1,"featured_media":0,"comment_status":"closed","ping_status":"closed","sticky":false,"template":"","format":"standard","meta":{"_acf_changed":false,"_monsterinsights_skip_tracking":false,"_monsterinsights_sitenote_active":false,"_monsterinsights_sitenote_note":"","_monsterinsights_sitenote_category":0,"ngg_post_thumbnail":0,"footnotes":"","_wp_rev_ctl_limit":""},"categories":[6],"tags":[132,70,189],"acf":[],"_links":{"self":[{"href":"https:\/\/www.bibula.com\/index.php?rest_route=\/wp\/v2\/posts\/115661"}],"collection":[{"href":"https:\/\/www.bibula.com\/index.php?rest_route=\/wp\/v2\/posts"}],"about":[{"href":"https:\/\/www.bibula.com\/index.php?rest_route=\/wp\/v2\/types\/post"}],"author":[{"embeddable":true,"href":"https:\/\/www.bibula.com\/index.php?rest_route=\/wp\/v2\/users\/1"}],"replies":[{"embeddable":true,"href":"https:\/\/www.bibula.com\/index.php?rest_route=%2Fwp%2Fv2%2Fcomments&post=115661"}],"version-history":[{"count":0,"href":"https:\/\/www.bibula.com\/index.php?rest_route=\/wp\/v2\/posts\/115661\/revisions"}],"wp:attachment":[{"href":"https:\/\/www.bibula.com\/index.php?rest_route=%2Fwp%2Fv2%2Fmedia&parent=115661"}],"wp:term":[{"taxonomy":"category","embeddable":true,"href":"https:\/\/www.bibula.com\/index.php?rest_route=%2Fwp%2Fv2%2Fcategories&post=115661"},{"taxonomy":"post_tag","embeddable":true,"href":"https:\/\/www.bibula.com\/index.php?rest_route=%2Fwp%2Fv2%2Ftags&post=115661"}],"curies":[{"name":"wp","href":"https:\/\/api.w.org\/{rel}","templated":true}]}}