{"id":115593,"date":"2020-07-22T16:25:22","date_gmt":"2020-07-22T20:25:22","guid":{"rendered":"http:\/\/www.bibula.com\/?p=115593"},"modified":"2020-07-22T16:25:22","modified_gmt":"2020-07-22T20:25:22","slug":"islandczyk-zaplaci-grzywne-za-krytyke-zajec-o-lgbt-w-szkole","status":"publish","type":"post","link":"https:\/\/www.bibula.com\/?p=115593","title":{"rendered":"Islandczyk zap\u0142aci grzywn\u0119 za krytyk\u0119 zaj\u0119\u0107 o LGBT w szkole"},"content":{"rendered":"<p><strong>Europejski Trybuna\u0142 Praw Cz\u0142owieka w Strasburgu odrzuci\u0142 skarg\u0119 obywatela Islandii, kt\u00f3ry zosta\u0142 w swoim pa\u0144stwie skazany na grzywn\u0119 za to, \u017ce skrytykowa\u0142 wprowadzenie do szko\u0142y zaj\u0119\u0107 zawieraj\u0105cych tre\u015bci opracowywane przez promotor\u00f3w agendy LGBT.<\/strong><\/p>\r\n<p>Sprawa toczy si\u0119 od 2015 r. Jak opisuje portal dorzeczy.pl rada miejska miasteczka Hafnarfj\u00f6r\u00c3\u00b0ur zdecydowa\u0142a w\u00f3wczas, \u017ce w lokalnych szko\u0142ach podstawowych i \u015brednich zostan\u0105 wprowadzone zaj\u0119cia promuj\u0105ce agend\u0119 ruchu LGBT. Tego rodzaju uchwa\u0142a znalaz\u0142a swoich krytyk\u00f3w. Jeden z nich wyrazi\u0142 sw\u00f3j krytycyzm w komentarzach pod artyku\u0142em zamieszczonym przez jedn\u0105 z islandzkich rozg\u0142o\u015bni radiowych. Nazwa\u0142 on homoseksualizm \u201edewiacj\u0105 seksualn\u0105\u201d, a zaj\u0119cia na jego temat wed\u0142ug schemat\u00f3w przygotowanych przez homoseksualnych aktywist\u00f3w uzna\u0142 za \u201eindoktrynacj\u0119 dzieci\u201d.<\/p>\r\n<p>Jedna z islandzkich organizacji LGBT z\u0142o\u017cy\u0142a zawiadomienie o mo\u017cliwo\u015bci pope\u0142nienia przez autora komentarzy przest\u0119pstwa znies\u0142awienia \u201emniejszo\u015bci seksualnej\u201d. S\u0105d pierwszej instancji uniewinni\u0142 Islandczyka, jednak islandzki S\u0105d Najwy\u017cszy uchyli\u0142 ten wyrok i skaza\u0142 autora komentarzy na kar\u0119 grzywny w wysoko\u015bci 100 tys. koron (r\u00f3wnowarto\u015b\u0107 ok. 2800 z\u0142otych). Jak uzasadniano wyrok, komentarz by\u0142 \u201enader krzywdz\u0105cy i motywowany uprzedzeniami\u201d wobec os\u00f3b homoseksualnych.<\/p>\r\n<p>Po wyczerpaniu mo\u017cliwo\u015bci w swoim kraju skazany Islandczyk odwo\u0142a\u0142 si\u0119 w 2018 r. do Europejskiego Trybuna\u0142u Praw Cz\u0142owieka w Strasburgu. Jednak ten odrzuci\u0142 jego skarg\u0119. ETPCz uzna\u0142 komentarz Islandczyka za \u201emow\u0119 nienawi\u015bci\u201d, a kar\u0119 grzywny za uzasadnion\u0105.<\/p>\r\n<p>Dorzeczy.pl cytuje opini\u0119 Karoliny Paw\u0142owskiej z Centrum Prawa Mi\u0119dzynarodowego Instytutu Ordo Iuris &#8211; \u201eTo ju\u017c kolejne orzeczenie, w kt\u00f3rym Europejski Trybuna\u0142 Praw Cz\u0142owieka pos\u0142uguje si\u0119 mglistym poj\u0119ciem \u201emowy nienawi\u015bci\u201d wobec wypowiedzi krytycznie odnosz\u0105cych si\u0119 do promocji homoseksualizmu w przestrzeni publicznej. \u015awiadczy to o niepokoj\u0105cej tendencji tworzenia wy\u0142om\u00f3w w wolno\u015bci s\u0142owa zagwarantowanej w art. 10 Konwencji o ochronie praw cz\u0142owieka i podstawowych wolno\u015bci za pomoc\u0105 w\u0105tpliwych i nieprecyzyjnych zabieg\u00f3w interpretacyjnych\u201d.<\/p>\r\n<ul>\r\n\t<li>Czytaj tak\u017ce: <a href=\"https:\/\/kresy.pl\/wydarzenia\/regiony\/ameryka\/amerykanska-armia-promuje-idee-lgbt-i-bierze-udzial-w-miesiacu-dumy-homoseksualistow-video\/\">Ameryka\u0144ska armia promuj\u0119 ide\u0119 LGBT i bierze udzia\u0142 w \u201emiesi\u0105cu dumy\u201d homoseksualist\u00f3w [+VIDEO]<\/a><\/li>\r\n<\/ul>\r\n<p><a href=\"https:\/\/dorzeczy.pl\/swiat\/147965\/trybunal-w-strasburgu-po-stronie-lgbt-utrzymal-grzywne-dla-internauty.html\">dorzeczy.pl<\/a>\/kresy.pl<\/p>\r\n<p class=\"zrodlo\">Za: <a href=\"https:\/\/kresy.pl\/wydarzenia\/regiony\/europa-polnocna\/islandczyk-zaplaci-grzywne-za-krytyke-zajec-o-lgbt-w-szkole\/\">Kresy.pl (22 lipca 2020)<\/a><\/p>\r\n<h4>&nbsp;<\/h4>\r\n<hr style=\"background-color: #000000; border-width: 0; color: #000000; height: 2px; line-height: 0; text-align: center; width: 100%;\">\r\n<h4>&nbsp;<\/h4>","protected":false},"excerpt":{"rendered":"Europejski Trybuna\u0142 Praw Cz\u0142owieka w Strasburgu odrzuci\u0142 skarg\u0119 obywatela Islandii, kt\u00f3ry zosta\u0142 w swoim pa\u0144stwie skazany na grzywn\u0119 za to, \u017ce skrytykowa\u0142 wprowadzenie do szko\u0142y zaj\u0119\u0107 zawieraj\u0105cych tre\u015bci opracowywane przez promotor\u00f3w agendy LGBT. Sprawa toczy si\u0119 od 2015 r. Jak opisuje portal dorzeczy.pl rada miejska miasteczka Hafnarfj\u00f6r\u00c3\u00b0ur zdecydowa\u0142a w\u00f3wczas, \u017ce w lokalnych szko\u0142ach podstawowych i [&hellip;]","protected":false},"author":1,"featured_media":0,"comment_status":"closed","ping_status":"closed","sticky":false,"template":"","format":"standard","meta":{"_acf_changed":false,"_monsterinsights_skip_tracking":false,"_monsterinsights_sitenote_active":false,"_monsterinsights_sitenote_note":"","_monsterinsights_sitenote_category":0,"ngg_post_thumbnail":0,"footnotes":"","_wp_rev_ctl_limit":""},"categories":[6],"tags":[16,26,311],"acf":[],"_links":{"self":[{"href":"https:\/\/www.bibula.com\/index.php?rest_route=\/wp\/v2\/posts\/115593"}],"collection":[{"href":"https:\/\/www.bibula.com\/index.php?rest_route=\/wp\/v2\/posts"}],"about":[{"href":"https:\/\/www.bibula.com\/index.php?rest_route=\/wp\/v2\/types\/post"}],"author":[{"embeddable":true,"href":"https:\/\/www.bibula.com\/index.php?rest_route=\/wp\/v2\/users\/1"}],"replies":[{"embeddable":true,"href":"https:\/\/www.bibula.com\/index.php?rest_route=%2Fwp%2Fv2%2Fcomments&post=115593"}],"version-history":[{"count":0,"href":"https:\/\/www.bibula.com\/index.php?rest_route=\/wp\/v2\/posts\/115593\/revisions"}],"wp:attachment":[{"href":"https:\/\/www.bibula.com\/index.php?rest_route=%2Fwp%2Fv2%2Fmedia&parent=115593"}],"wp:term":[{"taxonomy":"category","embeddable":true,"href":"https:\/\/www.bibula.com\/index.php?rest_route=%2Fwp%2Fv2%2Fcategories&post=115593"},{"taxonomy":"post_tag","embeddable":true,"href":"https:\/\/www.bibula.com\/index.php?rest_route=%2Fwp%2Fv2%2Ftags&post=115593"}],"curies":[{"name":"wp","href":"https:\/\/api.w.org\/{rel}","templated":true}]}}