{"id":115472,"date":"2020-07-18T13:17:02","date_gmt":"2020-07-18T17:17:02","guid":{"rendered":"http:\/\/www.bibula.com\/?p=115472"},"modified":"2020-07-18T13:17:02","modified_gmt":"2020-07-18T17:17:02","slug":"wlochy-biskup-zrezygnowal-z-chrzestnych-nie-bedzie-ich-w-calej-diecezji","status":"publish","type":"post","link":"https:\/\/www.bibula.com\/?p=115472","title":{"rendered":"W\u0142ochy: Biskup zrezygnowa\u0142 z chrzestnych. Nie b\u0119dzie ich w ca\u0142ej diecezji"},"content":{"rendered":"<p><strong>W\u0142oski biskup uzna\u0142, \u017ce nie spos\u00f3b dzi\u015b znale\u017a\u0107 dla dziecka chrzestnych spe\u0142niaj\u0105cych warunki wyznaczone przez Katechizm. W zwi\u0105zku z tym zdecydowa\u0142 o usuni\u0119ciu tego powo\u0142ania w swojej diecezji na trzy lata.<\/strong><\/p>\r\n<p>Kodeks Prawa Kanonicznego m\u00f3wi, \u017ce cz\u0142owiek przyjmuj\u0105cy chrzest powinien mie\u0107, o ile to tylko mo\u017cliwe, chrzestnego. Mo\u017ce to by\u0107 jedna osoba lub dwoje os\u00f3b. Chrzestni winni \u201epomaga\u0107, \u017ceby ochrzczony prowadzi\u0142 \u017cycie chrze\u015bcija\u0144skie odpowiadaj\u0105ce przyj\u0119temu sakramentowi i wype\u0142nia\u0142 wiernie z\u0142\u0105czone z nim obowi\u0105zki\u201d (por. KKK 872-873). Okazuje si\u0119 jednak, \u017ce w niekt\u00f3rych miejscach w Europie nawet to nauczanie Ko\u015bcio\u0142a odchodzi ju\u017c do lamusa.<\/p>\r\n<p>Biskup Michele Fusco z Sulmony na po\u0142udniu Italii podj\u0105\u0142 decyzj\u0119 o&#8230; rezygnacji z chrzestnych. Jak stwierdzi\u0142, w\u0105tpi, by mia\u0142o to nadal sens, bo wi\u0119kszo\u015b\u0107 ludzi zg\u0142aszanych jako chrzestni nie wie w og\u00f3le, czego si\u0119 podejmuje, co ca\u0142kowicie odbiera sens ich misji. Wed\u0142ug biskupa zadanie towarzyszenia ochrzczonemu w \u017cyciu chrze\u015bcija\u0144skim nie odgrywa ju\u017c w wi\u0119kszo\u015bci wypadk\u00f3w \u017cadnej roli ani w wybieraniu chrzestnych przez rodzic\u00f3w, ani w decyzji samych chrzestnych. Co wi\u0119cej, podkre\u015bli\u0142 biskup, wiele os\u00f3b przynosz\u0105cych do chrztu dzieci i zg\u0142aszanych jako chrzestni \u017cyje w \u201ez\u0142o\u017conych sytuacjach rodzinnych\u201d.<\/p>\r\n<p>&nbsp;Wobec tego bp Fusco uzna\u0142, \u017ce na okres trzech lat pr\u00f3by urz\u0105d chrzestnego zostanie usuni\u0119ty. Decyzja zosta\u0142a uprzednio przedyskutowana ze \u015bwieckimi wsp\u00f3\u0142pracownikami w parafiach i zaakceptowana przez rad\u0119 kap\u0142a\u0144sk\u0105 diecezji. Hierarcha stwierdzi\u0142 przy tym, \u017ce Kodeks Prawa Kanonicznego wyznacza konkretne warunki powo\u0142ywania chrzestnych i nie uznaje tego urz\u0119du za niezb\u0119dny dla wa\u017cno\u015bci chrztu. Powo\u0142a\u0142 si\u0119 te\u017c na deklaracj\u0119 Konferencji Episkopatu W\u0142och z 2003 roku, w kt\u00f3rej wskazano, \u017ce chrzestni musz\u0105 by\u0107 osobami o dojrza\u0142ej wierze i by\u0107 w stanie religijnie wspiera\u0107 dziecko.<\/p>\r\n<p>\u0179r\u00f3d\u0142o: Katholisch.de<\/p>\r\n<p>Pach<\/p>\r\n<blockquote>\r\n<p>[<strong>Wybrane wypowiedzi internaut\u00f3w pod w\/w tekstem na stronie \u017ar\u00f3d\u0142owej:<\/strong>]<\/p>\r\n<p>Dzisiaj Jacek Kurski wzi\u0105\u0142 w krakowskich \u0141agiewnikach drugi \u015blub ko\u015bcielny. Poprzednie, katolickie ma\u0142\u017ce\u0144stwo Kurskich trwa\u0142o 24 lata a ze zwi\u0105zku narodzi\u0142o si\u0119 troje dzieci. Czy to raczej nie ta informacja powinna by\u0107 na czo\u0142\u00f3wce ?<br>\r\n<em>mf<\/em><br>\r\n<br>\r\n<strong>nowy amazo\u0144ski trend pod natchnieniem nowych w\u0142adz Koscio\u0142a: nalezy zrezygnowac ze wszystkiego, czego wierni nie s\u0105 w stanie wype\u0142nia\u0107: mszy sw., spowiedzi, komunii sw., praktykowania cn\u00f3t chrzescijanskich, modlitwy, ja\u0142mu\u017cny, pielgrzymek nie dotyczy diecezjalnych warszawskich do cadyk\u00f3w, chrztu, ostatniego namaszczenia, pogrzebu!!!<\/strong>! nalezy wspiera\u0107 modern\u0119, piranie, tolerancj\u0119 i islam!!!<br>\r\n<em>proroc<\/em><br>\r\n<br>\r\nZ Chrztu \u015aw. te\u017c zrezygnowa\u0107 bo nie wiadomo co z dzieciaka wyro\u015bnie. <strong>Zostawi\u0107 tylko op\u0142at\u0119 parafialn\u0105 bo co\u015b musi si\u0119 zgadza\u0107, najlepiej kasa.<\/strong><br>\r\n<em>observer<\/em><br>\r\n<br>\r\ndobrze \u017ce jeszcze jest chrzest&#8230; w czasach pot\u0119\u017cnej reformacji fra\u0144ciszkowej&#8230;<br>\r\n<em>www<\/em><\/p>\r\n<\/blockquote>","protected":false},"excerpt":{"rendered":"W\u0142oski biskup uzna\u0142, \u017ce nie spos\u00f3b dzi\u015b znale\u017a\u0107 dla dziecka chrzestnych spe\u0142niaj\u0105cych warunki wyznaczone przez Katechizm. W zwi\u0105zku z tym zdecydowa\u0142 o usuni\u0119ciu tego powo\u0142ania w swojej diecezji na trzy lata. Kodeks Prawa Kanonicznego m\u00f3wi, \u017ce cz\u0142owiek przyjmuj\u0105cy chrzest powinien mie\u0107, o ile to tylko mo\u017cliwe, chrzestnego. Mo\u017ce to by\u0107 jedna osoba lub dwoje os\u00f3b. [&hellip;]","protected":false},"author":1,"featured_media":0,"comment_status":"closed","ping_status":"closed","sticky":false,"template":"","format":"standard","meta":{"_acf_changed":false,"_monsterinsights_skip_tracking":false,"ngg_post_thumbnail":0,"footnotes":"","_wp_rev_ctl_limit":""},"categories":[3],"tags":[207,20,33],"acf":[],"_links":{"self":[{"href":"https:\/\/www.bibula.com\/index.php?rest_route=\/wp\/v2\/posts\/115472"}],"collection":[{"href":"https:\/\/www.bibula.com\/index.php?rest_route=\/wp\/v2\/posts"}],"about":[{"href":"https:\/\/www.bibula.com\/index.php?rest_route=\/wp\/v2\/types\/post"}],"author":[{"embeddable":true,"href":"https:\/\/www.bibula.com\/index.php?rest_route=\/wp\/v2\/users\/1"}],"replies":[{"embeddable":true,"href":"https:\/\/www.bibula.com\/index.php?rest_route=%2Fwp%2Fv2%2Fcomments&post=115472"}],"version-history":[{"count":0,"href":"https:\/\/www.bibula.com\/index.php?rest_route=\/wp\/v2\/posts\/115472\/revisions"}],"wp:attachment":[{"href":"https:\/\/www.bibula.com\/index.php?rest_route=%2Fwp%2Fv2%2Fmedia&parent=115472"}],"wp:term":[{"taxonomy":"category","embeddable":true,"href":"https:\/\/www.bibula.com\/index.php?rest_route=%2Fwp%2Fv2%2Fcategories&post=115472"},{"taxonomy":"post_tag","embeddable":true,"href":"https:\/\/www.bibula.com\/index.php?rest_route=%2Fwp%2Fv2%2Ftags&post=115472"}],"curies":[{"name":"wp","href":"https:\/\/api.w.org\/{rel}","templated":true}]}}