{"id":115455,"date":"2020-07-18T11:46:16","date_gmt":"2020-07-18T15:46:16","guid":{"rendered":"http:\/\/www.bibula.com\/?p=115455"},"modified":"2020-07-18T12:01:27","modified_gmt":"2020-07-18T16:01:27","slug":"usa-kolejne-profanacje-nie-wandalizm-lecz-przestepstwa-z-nienawisci","status":"publish","type":"post","link":"https:\/\/www.bibula.com\/?p=115455","title":{"rendered":"USA: kolejne profanacje, nie wandalizm, lecz przest\u0119pstwa z nienawi\u015bci"},"content":{"rendered":"<p>Wierz\u0105cy w Stanach Zjednoczonych s\u0105 bezradni wobec narastaj\u0105cej fali atak\u00f3w na chrze\u015bcija\u0144skie miejsca kultu. W ka\u017cdym tygodniu odnotowuje si\u0119 nowe przypadki. Zazwyczaj s\u0105 one zwi\u0105zane z protestami przeciw rasizmowi. Ko\u015bci\u00f3\u0142 domaga si\u0119, by przest\u0119pstwa te by\u0142y traktowane przez prawo jako akty nienawi\u015bci.<\/p>\r\n<p>W ostatnich dniach oblano farb\u0105 figur\u0119 Matki Bo\u017cej w Colorado Springs oraz obalono i pozbawiono g\u0142owy figur\u0119 Jezusa Dobrego Pasterza w Miami. Wcze\u015bniej du\u017co rozg\u0142os wywo\u0142a\u0142o obalenie pomnik\u00f3w \u015bw. Junipera Serry, aposto\u0142a Kalifornii. W ostatnich tygodniach sp\u0142on\u0119\u0142y te\u017c dwa ko\u015bcio\u0142y. Jeden to zabytkowa misja za\u0142o\u017cona przez \u015bw. Junipera. Policja jeszcze nie ustali\u0142a, czy by\u0142o to podpalenie. Drugi po\u017car strawi\u0142 w ubieg\u0142\u0105 sobot\u0119 parafialny ko\u015bci\u00f3\u0142 w Ocala na Florydzie. Tym razem policji uda\u0142o si\u0119 uj\u0105\u0107 podpalacza, kt\u00f3ry najpierw staranowa\u0142 samochodem drzwi ko\u015bcio\u0142a, a nast\u0119pnie pola\u0142 benzyn\u0105 pod\u0142og\u0119 \u015bwi\u0105tyni i pod\u0142o\u017cy\u0142 ogie\u0144.<\/p>\r\n<p>By\u0107 mo\u017ce prze\u0142om w podej\u015bciu do tych incydent\u00f3w wprowadzi postawa abp Thomasa Wenskiego. Po obaleniu na terenie jego diecezji figury Jezusa Dobrego Pasterza domaga si\u0119 on zmiany klasyfikacji takich przest\u0119pstw. Zar\u00f3wno wymiar sprawiedliwo\u015bci, jak i du\u017ca cz\u0119\u015b\u0107 opinii publicznej, postrzega je jako zwyczajne akty wandalizmu czy wr\u0119cz wyg\u0142upy m\u0142odocianych. Abp Wenski chce, by by\u0142y one \u015bcigane przez prawo jako przest\u0119pstwa pope\u0142niane z nienawi\u015bci do wiary i Ko\u015bcio\u0142a. W tym konkretnym wypadku jest bowiem jasne, \u017ce nie by\u0142 to wypadek czy chwilowy wybryk. Obalenie tak ci\u0119\u017ckiej figury musia\u0142o by\u0107 dobrze zaplanowane &#8211; m\u00f3wi pos\u0142uguj\u0105cy w tamtejszej parafii ks. Edvaldo DaSilva. Zapewnia on zarazem, \u017ce jego wsp\u00f3lnota modli si\u0119 za sprawc\u00f3w ataku. Na cokole po figurze Dobrego Pasterza, wierni umie\u015bcili napis: B\u00f3g zwyci\u0119\u017ca z\u0142o.<\/p>\r\n<p><em><b>Krzysztof Bronk<\/b><\/em> &#8211; Watykan<\/p>\r\n<p class=\"zrodlo\">Za: <a href=\"https:\/\/www.vaticannews.va\/pl\/kosciol\/news\/2020-07\/usa-profanacje-nie-wandalizm-nienawisci-wiara-kosciol.html\">VaticanNews.va (18 lipca 2020)<\/a><\/p>\r\n<h4>&nbsp;<\/h4>\r\n<hr style=\"background-color: #000000; border-width: 0; color: #000000; height: 2px; line-height: 0; text-align: center; width: 100%;\">\r\n<h4>&nbsp;<\/h4>\r\n<h2>USA: kolejne profanacje<\/h2>\r\n<p><strong>Wierz\u0105cy w Stanach Zjednoczonych s\u0105 bezradni wobec narastaj\u0105cej fali atak\u00f3w na chrze\u015bcija\u0144skie miejsca kultu. W ka\u017cdym tygodniu odnotowuje si\u0119 nowe przypadki. Zazwyczaj s\u0105 one zwi\u0105zane z protestami przeciw rasizmowi. Ko\u015bci\u00f3\u0142 domaga si\u0119, by przest\u0119pstwa te by\u0142y traktowane przez prawo jako akty nienawi\u015bci.<\/strong><br>\r\n<br>\r\nW ostatnich dniach oblano farb\u0105 figur\u0119 Matki Bo\u017cej w Colorado Springs oraz obalono i pozbawiono g\u0142owy figur\u0119 Jezusa Dobrego Pasterza w Miami. Wcze\u015bniej du\u017co rozg\u0142os wywo\u0142a\u0142o obalenie pomnik\u00f3w \u015bw. Junipera Serry, aposto\u0142a Kalifornii. W ostatnich tygodniach sp\u0142on\u0119\u0142y te\u017c dwa ko\u015bcio\u0142y. Jeden to zabytkowa misja za\u0142o\u017cona przez \u015bw. Junipera.<br>\r\n<br>\r\nPolicja jeszcze nie ustali\u0142a, czy by\u0142o to podpalenie. Drugi po\u017car strawi\u0142 w ubieg\u0142\u0105 sobot\u0119 parafialny ko\u015bci\u00f3\u0142 w Ocala na Florydzie. Tym razem policji uda\u0142o si\u0119 uj\u0105\u0107 podpalacza, kt\u00f3ry najpierw staranowa\u0142 samochodem drzwi ko\u015bcio\u0142a, a nast\u0119pnie pola\u0142 benzyn\u0105 pod\u0142og\u0119 \u015bwi\u0105tyni i pod\u0142o\u017cy\u0142 ogie\u0144.<br>\r\n<br>\r\nBy\u0107 mo\u017ce prze\u0142om w podej\u015bciu do tych incydent\u00f3w wprowadzi postawa abp Thomasa Wenskiego. Po obaleniu na terenie jego diecezji figury Jezusa Dobrego Pasterza domaga si\u0119 on zmiany klasyfikacji takich przest\u0119pstw. Zar\u00f3wno wymiar sprawiedliwo\u015bci, jak i du\u017ca cz\u0119\u015b\u0107 opinii publicznej, postrzega je jako zwyczajne akty wandalizmu czy wr\u0119cz wyg\u0142upy m\u0142odocianych. Abp Wenski chce, by by\u0142y one \u015bcigane przez prawo jako przest\u0119pstwa pope\u0142niane z nienawi\u015bci do wiary i Ko\u015bcio\u0142a. W tym konkretnym wypadku jest bowiem jasne, \u017ce nie by\u0142 to wypadek czy chwilowy wybryk. Obalenie tak ci\u0119\u017ckiej figury musia\u0142o by\u0107 dobrze zaplanowane &#8211; m\u00f3wi pos\u0142uguj\u0105cy w tamtejszej parafii ks. Edvaldo DaSilva. Zapewnia on zarazem, \u017ce jego wsp\u00f3lnota modli si\u0119 za sprawc\u00f3w ataku. Na cokole po figurze Dobrego Pasterza, wierni umie\u015bcili napis: B\u00f3g zwyci\u0119\u017ca z\u0142o.<\/p>\r\n<p>KM, KAI<\/p>\r\n<p class=\"zrodlo\">Za: <a href=\"https:\/\/naszdziennik.pl\/swiat\/223806,usa-kolejne-profanacje.html\">Nasz Dziennik (18 lipca 2020)<\/a><\/p>\r\n<h4>&nbsp;<\/h4>\r\n<hr style=\"background-color: #000000; border-width: 0; color: #000000; height: 2px; line-height: 0; text-align: center; width: 100%;\">\r\n<h4>&nbsp;<\/h4>\r\n<h2>Bia\u0142y Dom grozi surowym karaniem dewastator\u00f3w ko\u015bcio\u0142\u00f3w katolickich<\/h2>\r\n<p><strong>Francuski prezydent Macron m\u00f3g\u0142by bra\u0107 przyk\u0142ad ze swojego odpowiednika w USA. Donald Trump zapowiedzia\u0142 w\u0142a\u015bnie, \u017ce sprawcy profanacji ko\u015bcio\u0142\u00f3w b\u0119d\u0105 \u015bcigani \u201ez najwy\u017csz\u0105 surowo\u015bci\u0105\u201d.<\/strong><\/p>\r\n<p>Na marginesie \u201eantyrasistowskiego\u201d podniecenia aktywist\u00f3w Black Lives Matter dosz\u0142o do atak\u00f3w na katolickie \u015bwi\u0105tynie i symbole. Donald Trump zaj\u0105\u0142 tu stanowcz\u0105 postaw\u0119. Jak donosi Daily Caller, Bia\u0142y Dom o\u015bwiadczy\u0142, \u017ce sprawc\u00f3w takich atak\u00f3w nale\u017cy \u015bciga\u0107 i surowo kara\u0107.<\/p>\r\n<p>Administracja Trumpa uzna\u0142a ataki na symbole katolicyzmu za \u201eprzera\u017caj\u0105ce\u201d. \u201ePrezydent Trump do\u0142\u0105cza do wsp\u00f3lnoty katolickiej i przekazuje jej swoj\u0105 solidarno\u015b\u0107 w tych trudnych czasach. Prezydent Trump zawsze b\u0119dzie domaga\u0142 si\u0119 stosowania prawa i porz\u0105dku. (\u2026) Zapewnia, \u017ce \u201d\u2039\u201d\u2039wszyscy przest\u0119pcy pope\u0142niaj\u0105cy akty \u015bwi\u0119tokradztwa b\u0119d\u0105 \u015bcigani z zgodnie z surowo\u015bci\u0105 prawa\u201d- brzmi o\u015bwiadczenie.<br>\r\nReklama<\/p>\r\n<p>Prezydent Donald Trump podpisa\u0142 te\u017c rozporz\u0105dzenie wykonawcze dotycz\u0105ce karania za atakowanie publicznych monument\u00f3w. \u201ePrezydent Trump w \u017cadnym momencie nie pozwoli, aby przemoc kontrolowa\u0142a nasze ulice, zmienia\u0142a nasz\u0105 histori\u0119 i szkodzi\u0142a ameryka\u0144skiemu stylowi \u017cycia\u201d &#8211; czytamy.<\/p>\r\n<p>Prezydent USA pot\u0119pi\u0142 wzrost przemocy wobec symboli religijnych, prowadzonej ze strony \u201elewicowych radyka\u0142\u00f3w, kt\u00f3rzy za wszelk\u0105 cen\u0119 chc\u0105 niszczy\u0107 moraln\u0105 tkank\u0119 narodu\u201d. Wskaza\u0142 tu na pewne przyzwolenie dla takich dzia\u0142a\u0144 ze strony Demokrat\u00f3w i ich kandydata Joe Bidena. To Biden ma sta\u0107 za pojawieniem si\u0119 nietolerancji, a nawet marksizmu.<\/p>\r\n<p>Przypomnijmy, \u017ce w ostatnich tygodniach \u015bci\u0119to g\u0142ow\u0119 Pana Jezusa na pomniku w Miami na Florydzie, zdewastowanych zosta\u0142o kilka pos\u0105g\u00f3w Matki Boskiej, a inny pos\u0105g Jezusa zosta\u0142 sprofanowany w Albercie. Aresztowano te\u017c m\u0119\u017cczyzn\u0119, kt\u00f3ry atakowa\u0142 katolickie sanktuarium. Wla\u0142 do \u015brodka, gdzie przebywali wierni, benzyn\u0119 i podpali\u0142.<\/p>\r\n<blockquote class=\"twitter-tweet\">\r\n<p dir=\"ltr\" lang=\"en\">They are just doing what Shaun King told them to do<a href=\"https:\/\/t.co\/GoJxcrIQx1\">https:\/\/t.co\/GoJxcrIQx1<\/a><\/p>\r\n\r\n\u201d\u201d Tim Pool (@Timcast) <a href=\"https:\/\/twitter.com\/Timcast\/status\/1284105383733268482?ref_src=twsrc%5Etfw\">July 17, 2020<\/a><\/blockquote>\r\n<p><script async=\"\" src=\"https:\/\/platform.twitter.com\/widgets.js\" charset=\"utf-8\"><\/script><\/p>\r\n<p class=\"zrodlo\">Za: <a href=\"https:\/\/nczas.com\/2020\/07\/18\/bialy-dom-grozi-surowym-karaniem-dewastatorow-kosciolow-katolickich\/\">Najwy\u017cszy Czas! (18 lipca 2020)<\/a><\/p>\r\n<h4>&nbsp;<\/h4>\r\n<hr style=\"background-color: #000000; border-width: 0; color: #000000; height: 2px; line-height: 0; text-align: center; width: 100%;\">\r\n<h4>&nbsp;<\/h4>","protected":false},"excerpt":{"rendered":"Wierz\u0105cy w Stanach Zjednoczonych s\u0105 bezradni wobec narastaj\u0105cej fali atak\u00f3w na chrze\u015bcija\u0144skie miejsca kultu. W ka\u017cdym tygodniu odnotowuje si\u0119 nowe przypadki. Zazwyczaj s\u0105 one zwi\u0105zane z protestami przeciw rasizmowi. Ko\u015bci\u00f3\u0142 domaga si\u0119, by przest\u0119pstwa te by\u0142y traktowane przez prawo jako akty nienawi\u015bci. W ostatnich dniach oblano farb\u0105 figur\u0119 Matki Bo\u017cej w Colorado Springs oraz obalono [&hellip;]","protected":false},"author":1,"featured_media":0,"comment_status":"closed","ping_status":"closed","sticky":false,"template":"","format":"standard","meta":{"_acf_changed":false,"_monsterinsights_skip_tracking":false,"ngg_post_thumbnail":0,"footnotes":"","_wp_rev_ctl_limit":""},"categories":[4],"tags":[132,114,221],"acf":[],"_links":{"self":[{"href":"https:\/\/www.bibula.com\/index.php?rest_route=\/wp\/v2\/posts\/115455"}],"collection":[{"href":"https:\/\/www.bibula.com\/index.php?rest_route=\/wp\/v2\/posts"}],"about":[{"href":"https:\/\/www.bibula.com\/index.php?rest_route=\/wp\/v2\/types\/post"}],"author":[{"embeddable":true,"href":"https:\/\/www.bibula.com\/index.php?rest_route=\/wp\/v2\/users\/1"}],"replies":[{"embeddable":true,"href":"https:\/\/www.bibula.com\/index.php?rest_route=%2Fwp%2Fv2%2Fcomments&post=115455"}],"version-history":[{"count":0,"href":"https:\/\/www.bibula.com\/index.php?rest_route=\/wp\/v2\/posts\/115455\/revisions"}],"wp:attachment":[{"href":"https:\/\/www.bibula.com\/index.php?rest_route=%2Fwp%2Fv2%2Fmedia&parent=115455"}],"wp:term":[{"taxonomy":"category","embeddable":true,"href":"https:\/\/www.bibula.com\/index.php?rest_route=%2Fwp%2Fv2%2Fcategories&post=115455"},{"taxonomy":"post_tag","embeddable":true,"href":"https:\/\/www.bibula.com\/index.php?rest_route=%2Fwp%2Fv2%2Ftags&post=115455"}],"curies":[{"name":"wp","href":"https:\/\/api.w.org\/{rel}","templated":true}]}}