{"id":115404,"date":"2020-07-15T15:34:10","date_gmt":"2020-07-15T19:34:10","guid":{"rendered":"http:\/\/www.bibula.com\/?p=115404"},"modified":"2020-07-15T15:34:10","modified_gmt":"2020-07-15T19:34:10","slug":"prof-roberto-de-mattei-po-hagii-sophii-celem-islamu-jest-rzym","status":"publish","type":"post","link":"https:\/\/www.bibula.com\/?p=115404","title":{"rendered":"Prof. Roberto de Mattei: Po Hagii Sophii celem islamu jest Rzym"},"content":{"rendered":"<p><strong>\u201eCel islamu jest jasny &#8211; po \u015bwi\u0119tej Sofii, \u015bwi\u0119ty Piotr\u201d &#8211; powiedzia\u0142 prof. Roberto de Mattei, komentuj\u0105c decyzj\u0119 zamienienia s\u0142ynnej Hagii Sophii w meczet. W\u0142oski historyk ostrzega, \u017ce po ponownym zaj\u0119ciu staro\u017cytnej bazyliki bizantyjskiej, radykalni islami\u015bci b\u0119d\u0105 d\u0105\u017cy\u0107 do zdobycia Rzymu. Papie\u017c Franciszek po og\u0142oszeniu decyzji Turcji w sprawie roli budynku powiedzia\u0142 kr\u00f3tko: \u201eMy\u015bl\u0119 o Hagii Sophii i jestem bardzo zasmucony\u201d.<\/strong><\/p>\r\n<p>\u201ePapie\u017c Franciszek powiedzia\u0142, \u017ce jest bardzo zasmucony przemian\u0105 muzeum Hagii Sophii w meczet, ale czego innego m\u00f3g\u0142by si\u0119 spodziewa\u0107 po su\u0142tanie Erdo\u00c4\u0178anie?\u201d &#8211; skomentowa\u0142 s\u0142owa ojca \u015bwi\u0119tego prof. Roberto de Mattei. Historyk zwraca uwag\u0119 na fakt, \u017ce turecki prezydent, radykalny muzu\u0142manin, od lat ma na celu wkroczenie do Europy po to, aby podda\u0107 j\u0105 islamizacji.<\/p>\r\n<p>\u201eOstateczny cel tureckich podboj\u00f3w, zgodnie ze staro\u017cytn\u0105 tradycj\u0105, jest zwany <em>Czerwonym Jab\u0142kiem<\/em> (<em>Kizil-Elma<\/em>). To nazwa u\u017cywana na oznaczenie z\u0142otego globu podpieranego przez pos\u0105g cesarza Konstantyna w Konstantynopolu\u201d &#8211; wyja\u015bnia prof. de Mattei. Po zdobyciu Konstantynopola \u201eCzerwonym Jab\u0142kiem\u201d sta\u0142 si\u0119 Rzym, kt\u00f3rego zaj\u0119cie oznacza\u0142oby ostateczny triumf islamu nad chrze\u015bcija\u0144stwem.<\/p>\r\n<p>Prof. de Mattei przytacza s\u0142owa popularnego i znanego w \u015bwiecie islamskim telewizyjnego celebryty i muzu\u0142ma\u0144skiego uczonego Jusufa al-Kardawiego, kt\u00f3ry przypomnia\u0142, \u017ce Mahomet pytany o to, kt\u00f3re miasto b\u0119dzie zdobyte najpierw &#8211; Rzym czy Konstantynopol &#8211; wskaza\u0142 na Konstantynopol. Al-Kardawi wyrazi\u0142 przy tym nadziej\u0119, \u017ce Rzym, cho\u0107 pozostaje wci\u0105\u017c niezdobyty, mimo podejmowanych w przesz\u0142o\u015bci pr\u00f3b, spotka podobny los.<\/p>\r\n<p>27 lutego 2005 al-Kardawi og\u0142osi\u0142 fatw\u0119, m\u00f3wi\u0105c: \u201ePomimo pesymizmu w\u015br\u00f3d muzu\u0142man\u00f3w, w ko\u0144cu islam b\u0119dzie rz\u0105dzi\u0142 i b\u0119dzie przyw\u00f3dc\u0105 ca\u0142ego \u015bwiata\u201d. A nast\u0119pnie doda\u0142: \u201eJednym ze znak\u00f3w zwyci\u0119stwa b\u0119dzie to, \u017ce Rzym zostanie podbity, Europa b\u0119dzie zaj\u0119ta, chrze\u015bcijanie zostan\u0105 pokonani, a muzu\u0142manie urosn\u0105 liczebnie i stan\u0105 si\u0119 si\u0142\u0105, kt\u00f3ra b\u0119dzie panowa\u0107 nad ca\u0142ym kontynentem europejskim\u201d.<\/p>\r\n<p>Podobnego zdania do w\u0142oskiego historyka jest badacz islamu Robert Spencer, kt\u00f3ry zwraca uwag\u0119 na aspiracj\u0119 Erdo\u00c4\u0178ana, jak\u0105 jest \u201eprzywr\u00f3cenie jednego kalifatu, jednego zjednoczonego islamskiego rz\u0105du\u201d. Zdaniem Spencera Erdo\u00c4\u0178an stawia si\u0119 w roli Mehmeda II, zwanego te\u017c Zdobywc\u0105, kt\u00f3ry zaj\u0105\u0142 Konstantynopol w roku 1453. Po og\u0142oszeniu ponownego zamienienia budynku Hagii Sophii w meczet turecki prezydent \u015blubowa\u0142 \u201ewyzwoli\u0107 meczet Al-Aksa\u201d w Jerozolimie od Izraela.<\/p>\r\n<p>jjf\/ChurchMilitant.com<\/p>\r\n<p class=\"zrodlo\">Za: <a href=\"https:\/\/fronda.pl\/a\/prof-roberto-de-mattei-po-hagii-sophii-celem-islamu-jest-rzym,147374.html\">Fronda.pl (15.07.20)<\/a><\/p>\r\n<h4>&nbsp;<\/h4>\r\n<hr style=\"background-color: #000000; border-width: 0; color: #000000; height: 2px; line-height: 0; text-align: center; width: 100%;\">\r\n<h4>&nbsp;<\/h4>\r\n<p>&nbsp;<\/p>","protected":false},"excerpt":{"rendered":"\u201eCel islamu jest jasny &#8211; po \u015bwi\u0119tej Sofii, \u015bwi\u0119ty Piotr\u201d &#8211; powiedzia\u0142 prof. Roberto de Mattei, komentuj\u0105c decyzj\u0119 zamienienia s\u0142ynnej Hagii Sophii w meczet. W\u0142oski historyk ostrzega, \u017ce po ponownym zaj\u0119ciu staro\u017cytnej bazyliki bizantyjskiej, radykalni islami\u015bci b\u0119d\u0105 d\u0105\u017cy\u0107 do zdobycia Rzymu. Papie\u017c Franciszek po og\u0142oszeniu decyzji Turcji w sprawie roli budynku powiedzia\u0142 kr\u00f3tko: \u201eMy\u015bl\u0119 o [&hellip;]","protected":false},"author":1,"featured_media":0,"comment_status":"closed","ping_status":"closed","sticky":false,"template":"","format":"standard","meta":{"_acf_changed":false,"_monsterinsights_skip_tracking":false,"_monsterinsights_sitenote_active":false,"_monsterinsights_sitenote_note":"","_monsterinsights_sitenote_category":0,"ngg_post_thumbnail":0,"footnotes":"","_wp_rev_ctl_limit":""},"categories":[6],"tags":[132,70],"acf":[],"_links":{"self":[{"href":"https:\/\/www.bibula.com\/index.php?rest_route=\/wp\/v2\/posts\/115404"}],"collection":[{"href":"https:\/\/www.bibula.com\/index.php?rest_route=\/wp\/v2\/posts"}],"about":[{"href":"https:\/\/www.bibula.com\/index.php?rest_route=\/wp\/v2\/types\/post"}],"author":[{"embeddable":true,"href":"https:\/\/www.bibula.com\/index.php?rest_route=\/wp\/v2\/users\/1"}],"replies":[{"embeddable":true,"href":"https:\/\/www.bibula.com\/index.php?rest_route=%2Fwp%2Fv2%2Fcomments&post=115404"}],"version-history":[{"count":0,"href":"https:\/\/www.bibula.com\/index.php?rest_route=\/wp\/v2\/posts\/115404\/revisions"}],"wp:attachment":[{"href":"https:\/\/www.bibula.com\/index.php?rest_route=%2Fwp%2Fv2%2Fmedia&parent=115404"}],"wp:term":[{"taxonomy":"category","embeddable":true,"href":"https:\/\/www.bibula.com\/index.php?rest_route=%2Fwp%2Fv2%2Fcategories&post=115404"},{"taxonomy":"post_tag","embeddable":true,"href":"https:\/\/www.bibula.com\/index.php?rest_route=%2Fwp%2Fv2%2Ftags&post=115404"}],"curies":[{"name":"wp","href":"https:\/\/api.w.org\/{rel}","templated":true}]}}