{"id":115375,"date":"2020-07-15T10:11:27","date_gmt":"2020-07-15T14:11:27","guid":{"rendered":"http:\/\/www.bibula.com\/?p=115375"},"modified":"2020-07-15T10:11:27","modified_gmt":"2020-07-15T14:11:27","slug":"to-bylo-drenowanie-polakow-ostre-slowa-obajtka-o-orlenie-w-czasach-po","status":"publish","type":"post","link":"https:\/\/www.bibula.com\/?p=115375","title":{"rendered":"&#8222;To by\u0142o drenowanie Polak\u00f3w&#8221;. Ostre s\u0142owa Obajtka o Orlenie w czasach PO"},"content":{"rendered":"<p><strong>Prezes Orlenu Daniel Obajtek zwr\u00f3ci\u0142 uwag\u0119 w programie Go\u015b\u0107 Wiadomo\u015bci na ra\u017c\u0105c\u0105 dysproporcj\u0119 w zyskach Orlenu w czasach rz\u0105d\u00f3w PO i w czasach rz\u0105d\u00f3w PiS. Podkre\u015bli\u0142 tak\u017ce, \u017ce dzia\u0142ania mafii paliwowej szkodzi\u0142y nie tylko bud\u017cetowi ale tak\u017ce obywatelom.<\/strong><\/p>\r\n<p>Wczoraj informowali\u015bmy o tym, \u017ce KE wyrazi\u0142a zgod\u0119 na przej\u0119cie Lotosu a Orlen zacz\u0105\u0142 starania o konsolidacj\u0119 z PGNiG. Obajtek odni\u00f3s\u0142 si\u0119 do tego procesu.<strong> \u201ePo to chcemy naby\u0107 nast\u0119pny koncern, by zrobi\u0107 integracj\u0119, by zrobi\u0107 wsp\u00f3lne zakupy, by zoptymalizowa\u0107 koszty, by\u015bmy nie dublowali si\u0119 w przypadku inwestycyjnym, ale \u017ceby\u015bmy budowali silny koncern, kt\u00f3ry b\u0119dzie mia\u0142 zdecydowanie wi\u0119ksze mo\u017cliwo\u015bci inwestycyjne\u201d<\/strong> -skomentowa\u0142.<\/p>\r\n<p>Obajtek zaznaczy\u0142, \u017ce tak ambitne plany s\u0105 mo\u017cliwe dzi\u0119ki \u015bwietnej kondycji finansowej kierowanej przez niego sp\u00f3\u0142ki. Przy okazji zwr\u00f3ci\u0142 uwag\u0119 na szokuj\u0105c\u0105 dysproporcj\u0119 pomi\u0119dzy zyskami Orlenu w czasach rz\u0105d\u00f3w PiS i PO<strong>. \u201e<span class=\"pullquote\">Za rz\u0105d\u00f3w PO, w przeci\u0105gu 8 lat, Orlen mia\u0142 zysku 2 miliardy 900 mln. W przeci\u0105gu 4 lat Orlen ma zysku 23 miliardy z\u0142<\/span>. Oczywi\u015bcie, kryzys, pandemia powoduje zmniejszenie przychod\u00f3w, ale przetrwamy ten czas, bo wcze\u015bniej firma generowa\u0142a bardzo du\u017ce \u015brodki.\u201d<\/strong> &#8211; stwierdzi\u0142 &#8211;<strong> \u201eCa\u0142a ta patologia mafii paliwowej si\u0119 sko\u0144czy\u0142a w ko\u0144cu. Mafie przesta\u0142y niszczy\u0107 nasz narodowy biznes\u201d.<\/strong><\/p>\r\n<p>Prezes Orlenu zauwa\u017cy\u0142 te\u017c, \u017ce mafie paliwowe szkodzi\u0142y nie tylko zyskom Orlenu i wp\u0142ywom do bud\u017cetu pa\u0144stwa ale tak\u017ce zwyk\u0142ym obywatelom.<strong> \u201eTo by\u0142o drenowanie Polak\u00f3w, bo je\u015bli si\u0119 mniej paliwa sprzeda\u0142o na stacjach, to ceny by\u0142y wy\u017csze. Mafie grabi\u0142y zyski bud\u017cetu ale r\u00f3wnie\u017c Polacy drugi raz tracili, bo rafinerie nie pracowa\u0142y na pe\u0142nych obrotach i cena jednostkowa na stacji by\u0142a wy\u017csza.\u201d<\/strong> &#8211; stwierdzi\u0142 &#8211; <strong>\u201eIm wi\u0119cej si\u0119 w mniejszym odcinku czasu wyprodukuje, tym ta cena jest ni\u017csza\u201d.<\/strong><\/p>\r\n<p>\u0179r\u00f3d\u0142o: Stefczyk.info na podst. DoRzeczyAutor: WM<\/p>","protected":false},"excerpt":{"rendered":"Prezes Orlenu Daniel Obajtek zwr\u00f3ci\u0142 uwag\u0119 w programie Go\u015b\u0107 Wiadomo\u015bci na ra\u017c\u0105c\u0105 dysproporcj\u0119 w zyskach Orlenu w czasach rz\u0105d\u00f3w PO i w czasach rz\u0105d\u00f3w PiS. Podkre\u015bli\u0142 tak\u017ce, \u017ce dzia\u0142ania mafii paliwowej szkodzi\u0142y nie tylko bud\u017cetowi ale tak\u017ce obywatelom. Wczoraj informowali\u015bmy o tym, \u017ce KE wyrazi\u0142a zgod\u0119 na przej\u0119cie Lotosu a Orlen zacz\u0105\u0142 starania o konsolidacj\u0119 [&hellip;]","protected":false},"author":1,"featured_media":0,"comment_status":"closed","ping_status":"closed","sticky":false,"template":"","format":"standard","meta":{"_acf_changed":false,"_monsterinsights_skip_tracking":false,"_monsterinsights_sitenote_active":false,"_monsterinsights_sitenote_note":"","_monsterinsights_sitenote_category":0,"ngg_post_thumbnail":0,"footnotes":"","_wp_rev_ctl_limit":""},"categories":[8],"tags":[114,89,98,52],"acf":[],"_links":{"self":[{"href":"https:\/\/www.bibula.com\/index.php?rest_route=\/wp\/v2\/posts\/115375"}],"collection":[{"href":"https:\/\/www.bibula.com\/index.php?rest_route=\/wp\/v2\/posts"}],"about":[{"href":"https:\/\/www.bibula.com\/index.php?rest_route=\/wp\/v2\/types\/post"}],"author":[{"embeddable":true,"href":"https:\/\/www.bibula.com\/index.php?rest_route=\/wp\/v2\/users\/1"}],"replies":[{"embeddable":true,"href":"https:\/\/www.bibula.com\/index.php?rest_route=%2Fwp%2Fv2%2Fcomments&post=115375"}],"version-history":[{"count":0,"href":"https:\/\/www.bibula.com\/index.php?rest_route=\/wp\/v2\/posts\/115375\/revisions"}],"wp:attachment":[{"href":"https:\/\/www.bibula.com\/index.php?rest_route=%2Fwp%2Fv2%2Fmedia&parent=115375"}],"wp:term":[{"taxonomy":"category","embeddable":true,"href":"https:\/\/www.bibula.com\/index.php?rest_route=%2Fwp%2Fv2%2Fcategories&post=115375"},{"taxonomy":"post_tag","embeddable":true,"href":"https:\/\/www.bibula.com\/index.php?rest_route=%2Fwp%2Fv2%2Ftags&post=115375"}],"curies":[{"name":"wp","href":"https:\/\/api.w.org\/{rel}","templated":true}]}}