{"id":115332,"date":"2020-07-13T19:08:19","date_gmt":"2020-07-13T23:08:19","guid":{"rendered":"http:\/\/www.bibula.com\/?p=115332"},"modified":"2020-07-15T12:46:23","modified_gmt":"2020-07-15T16:46:23","slug":"ambasador-usa-miesza-sie-w-wewnetrzne-sprawy-polski-nie-przestrzega-konwencji-wiedenskiej","status":"publish","type":"post","link":"https:\/\/www.bibula.com\/?p=115332","title":{"rendered":"Ambasador USA miesza si\u0119 w wewn\u0119trzne sprawy Polski, nie przestrzega Konwencji Wiede\u0144skiej"},"content":{"rendered":"<p><strong>Ambasador USA w Warszawie Georgette Mosbacher zasugerowa\u0142a, \u017ce pose\u0142 Prawa i Sprawiedliwo\u015bci oraz by\u0142y minister obrony Antoni Macierewicz nie zachowuje si\u0119 jak \u201eprzyzwoity cz\u0142owiek\u201d.<\/strong><\/p>\r\n<p>Ameryka\u0144ska dyplomatka napisa\u0142a w poniedzia\u0142ek na Twitterze: \u201eW mojej ocenie tego typu dziel\u0105ce i nienawistne wypowiedzi s\u0105 okropne i godne po\u017ca\u0142owania. Ka\u017cdy przyzwoity cz\u0142owiek powinien odrzuci\u0107 tego rodzaju retoryk\u0119!\u201d. Skomentowa\u0142a w ten spos\u00f3b jeden z wpis\u00f3w pos\u0142a Prawa i Sprawiedliwo\u015bci Antoniego Macierewicza w kt\u00f3rym zamie\u015bci\u0142 on grafik\u0119 z tekstem dotycz\u0105cym telewizji TVN.<\/p>\r\n<blockquote class=\"twitter-tweet\">\r\n<p>W mojej ocenie tego typu dziel\u0105ce i nienawistne wypowiedzi s\u0105 okropne i godne po\u017ca\u0142owania. Ka\u017cdy przyzwoity cz\u0142owiek powinien odrzuci\u0107 tego rodzaju retoryk\u0119! <a href=\"https:\/\/t.co\/KcgyO7nV1b\">https:\/\/t.co\/KcgyO7nV1b<\/a><\/p>\r\n\r\n\u201d\u201d Georgette Mosbacher (@USAmbPoland) <a href=\"https:\/\/twitter.com\/USAmbPoland\/status\/1282748892770193408?ref_src=twsrc%5Etfw\">July 13, 2020<\/a><\/blockquote>\r\n<p><script async=\"\" src=\"https:\/\/platform.twitter.com\/widgets.js\" charset=\"utf-8\"><\/script><\/p>\r\n<p>Macierewicz napisa\u0142 \u201eDo wyborc\u00f3w Platformy Obywatelskiej\u201d i zamie\u015bci\u0142 grafik\u0119 sugeruj\u0105c\u0105, \u017ce <strong>telewizja nale\u017c\u0105ca do ameryka\u0144skiej korporacji Discovery ma powi\u0105zania z Wojskowymi S\u0142u\u017cbami Informacyjnymi<\/strong>, dzia\u0142a przeciwko polskich interesom i tradycjom.<\/p>\r\n<blockquote class=\"twitter-tweet\">\r\n<p>Do zwolennik\u00f3w Platformy Obywatelskiej <a href=\"https:\/\/t.co\/335ChBsjlt\">pic.twitter.com\/335ChBsjlt<\/a><\/p>\r\n\r\n\u201d\u201d Antoni Macierewicz (@Macierewicz_A) <a href=\"https:\/\/twitter.com\/Macierewicz_A\/status\/1281185244817821696?ref_src=twsrc%5Etfw\">July 9, 2020<\/a><\/blockquote>\r\n<p><script async=\"\" src=\"https:\/\/platform.twitter.com\/widgets.js\" charset=\"utf-8\"><\/script><\/p>\r\n<p>Na kolejn\u0105 bezpardonow\u0105 krytyk\u0119 Mosbacher pod adresem polskiego polityka i dotycz\u0105c\u0105 wewn\u0119trznych konflikt\u00f3w politycznych w Polsce zareagowa\u0142 by\u0142y minister spraw zagranicznych Witold Waszczykowski.<\/p>\r\n<blockquote class=\"twitter-tweet\">\r\n<p>To jest niebywa\u0142e, aby ambasador podejmowa\u0142 publiczn\u0105 polemik\u0119 polityczn\u0105 z politykami kraju, w kt\u00f3rym sprawuje funkcj\u0119 dyplomatyczn\u0105. Art 41 konwencji wiede\u0144skiej 1961 m\u00f3wi, aby nie miesza\u0107 si\u0119 do spraw wewn pa\u0144stwa przyjmuj\u0105cego <a href=\"https:\/\/twitter.com\/MSZ_RP?ref_src=twsrc%5Etfw\">@MSZ_RP<\/a> <a href=\"https:\/\/t.co\/4J7H7QWrCN\">https:\/\/t.co\/4J7H7QWrCN<\/a><\/p>\r\n\r\n\u201d\u201d Witold Waszczykowski (@WaszczykowskiW) <a href=\"https:\/\/twitter.com\/WaszczykowskiW\/status\/1282754021875490819?ref_src=twsrc%5Etfw\">July 13, 2020<\/a><\/blockquote>\r\n<p><script async=\"\" src=\"https:\/\/platform.twitter.com\/widgets.js\" charset=\"utf-8\"><\/script><\/p>\r\n<p>To nie pierwszy raz, gdy Mosbacher broni TVN przed politykami PiS i mediami z nimi zwi\u0105zanymi. Jak pisali\u015bmy, w&nbsp;2018 r. wystosowa\u0142a ona&nbsp;<a href=\"https:\/\/kresy.pl\/wydarzenia\/polityka\/pelen-tekst-skandalicznego-listu-ambasador-usa-do-premier-ujawniony-foto\/\">skandaliczny list do premiera Mateusza Morawieckiego<\/a>, w kt\u00f3rym w aroganckim tonie poucza\u0142a szefa polskiego rz\u0105du, w jaki spos\u00f3b wolno krytykowa\u0107 dziennikarzy TVN. Pod drukowan\u0105 tre\u015bci\u0105 listu, z ra\u017c\u0105cymi liter\u00f3wkami i b\u0142\u0119dami, znajdowa\u0142 si\u0119 jeszcze odr\u0119czny dopisek Mosbacher: \u201emusimy to rozwi\u0105za\u0107, to staje na drodze naprawd\u0119 bardzo wa\u017cnym sprawom\u201d. Przy innej okazji&nbsp;<a href=\"https:\/\/kresy.pl\/wydarzenia\/polityka\/ambasador-usa-ostrzegla-poslow-przed-probami-zmian-regulacji-rynku-medialnego\/\">ostrzega\u0142a te\u017c polskich pos\u0142\u00f3w&nbsp;przed pr\u00f3b\u0105 regulowania rynku medialnego<\/a>&nbsp;w kontek\u015bcie zapowiadanej przez PiS dekoncentracji i repolonizacji medi\u00f3w. Po interwencji ameryka\u0144skiej dyplomatki polski ob\u00f3z rz\u0105dz\u0105cy wycofa\u0142 si\u0119 ze swoich plan\u00f3w w tym wzgl\u0119dzie.<\/p>\r\n<p>W kwietniu br. Mosbacher&nbsp;<a href=\"https:\/\/kresy.pl\/wydarzenia\/polityka\/ambasador-usa-broni-tvn-przed-krytyka-wiadomosci\/\" target=\"_blank\" rel=\"noopener noreferrer\">publicznie pochwali\u0142a TVN i okre\u015bli\u0142a krytyk\u0119 wobec niej jako fa\u0142szyw\u0105<\/a>. \u201eFakty TVN jest cz\u0119\u015bci\u0105 rodziny Discovery, ameryka\u0144skiej firmy notowanej na gie\u0142dzie papier\u00f3w warto\u015bciowych w Nowym Jorku, kt\u00f3rej priorytetem jest przejrzysto\u015b\u0107, wolno\u015b\u0107 s\u0142owa oraz niezale\u017cne i odpowiedzialne dziennikarstwo. Sugestie, \u017ce jest inaczej, s\u0105 fa\u0142szywe\u201d &#8211; napisa\u0142a Mosbacher na Twitterze broni\u0105c TVN przed krytyk\u0105 ze strony \u201eWiadomo\u015bci\u201d TVP. Ostatni raz Mosbacher star\u0142a si\u0119 publicznie z politykiem PiS w sprawie TVN tydzie\u0144 temu gdy <a href=\"https:\/\/kresy.pl\/wydarzenia\/polska\/mosbacher-znow-broni-tvn-ostra-bura-dla-wicemarszalek-sejmu-z-pis\/\">skrytykowa\u0142a z kolei deputowan\u0105 Parlamentu Europejskiego z ramienia partii rz\u0105dz\u0105cej Beat\u0119 Mazurek<\/a>.<\/p>\r\n<p><a href=\"https:\/\/twitter.com\/USAmbPoland\/status\/1282748892770193408\">twitter.com<\/a>\/kresy.pl<\/p>\r\n<p class=\"zrodlo\">Za: <a href=\"https:\/\/kresy.pl\/wydarzenia\/polityka\/ambasador-mosbacher-ostro-o-macierewiczu-ocenia-ze-jego-nienawistne-wypowiedzi-sa-okropne\/\">Kresy.pl (13 lipca 2020)<\/a> &#8211; [Org. tytu\u0142: \u00abAmbasador Mosbacher ostro o Macierewiczu &#8211; ocenia, \u017ce jego \u201enienawistne wypowiedzi s\u0105 okropne\u201d\u00bb]<\/p>\r\n<h4>&nbsp;<\/h4>\r\n<hr style=\"background-color: #000000; border-width: 0; color: #000000; height: 2px; line-height: 0; text-align: center; width: 100%;\">\r\n<h4>&nbsp;<\/h4>\r\n<h2>Mosbacher nie mo\u017ce si\u0119 opanowa\u0107! Odpowiedzia\u0142a Macierewiczowi i Waszczykowskiemu<\/h2>\r\n<p><strong>Kilka godzin po tym jak Konfederacja zaapelowa\u0142a o uznanie ambasador USA w Polsce Georgette Mosbacher za persona non grata za \u0142amanie postanowie\u0144 Konwencji Wiede\u0144skiej, ta zn\u00f3w pokusi\u0142a si\u0119 o aroganckie wpisy w kierunku polityk\u00f3w partii rz\u0105dz\u0105cej. Ci natomiast wida\u0107, \u017ce siedz\u0105 z podkulonymi ogonami i daj\u0105 si\u0119 poucza\u0107 zwyk\u0142ej ambasador obcego kraju, zamiast wezwa\u0107 j\u0105 na dywanik.<\/strong><\/p>\r\n<p>W \u015brod\u0119 przed po\u0142udniem za\u017cenowani bezczelno\u015bci\u0105 Mosbacher pos\u0142owie Konfederacji zorganizowali konferencj\u0119, na kt\u00f3rej domagali si\u0119 uznania ambasador za osob\u0119 nieporz\u0105dn\u0105 i persona non grata.<\/p>\r\n<h4>\u201eMosbacher go home\u201d<\/h4>\r\n<p><em>&#8211; Bierno\u015b\u0107 w\u0142adz pa\u0144stwa polskiego wobec ewidentnych narusze\u0144 suwerenno\u015bci Polski przez niewczesne wypowiedzi przedstawicieli korpusu dyplomatycznego [USA &#8211; przyp. red.]. Dzi\u015b skupimy si\u0119 na aktywno\u015bci pani Georgette Mosbacher i wesp\u00f3\u0142 w zesp\u00f3\u0142 pos\u0142owie Konfederacji wznosz\u0105 has\u0142o: \u201eMosbacher go home\u201d &#8211;<\/em>&nbsp;takimi s\u0142owy konferencj\u0119 zacz\u0105\u0142 pose\u0142 Grzegorz Braun.<\/p>\r\n<p><em>&#8211; Ja mam tu wypisane co najmniej dziewi\u0119\u0107 ingerencji bezpo\u015brednio publicznych o kt\u00f3rych wiemy &#8211;<\/em>&nbsp;powiedzia\u0142 pose\u0142.<\/p>\r\n<p><em>&#8211; Spo\u015br\u00f3d tych dziewi\u0119ciu ingerencji, pi\u0119\u0107 dotyczy obrony stacji TVN &#8211;<\/em>&nbsp;zaznacza Winnicki. &#8211;&nbsp;<em>[\u2026] S\u0105 to wypowiedzi, kt\u00f3re naruszaj\u0105 Konwencj\u0119 Wiede\u0144sk\u0105.<\/em><\/p>\r\n<p>Przypomnijmy, \u017ce zgodnie z art. 41 konwencji wiede\u0144skiej dyplomata ma obowi\u0105zek nie miesza\u0107 si\u0119 do spraw wewn\u0119trznych przyjmuj\u0105cego pa\u0144stwa.<\/p>\r\n<p>Winnicki przypomnia\u0142, \u017ce w my\u015bl tej Konwencji pa\u0144stwo goszcz\u0105ce dyplomat\u0119 mo\u017ce &#8211; bez podawania powodu &#8211; poinformowa\u0107 pa\u0144stwo z kt\u00f3rego dyplomata pochodzi, \u017ce jest on persona non grata lub osob\u0105 niepo\u017c\u0105dan\u0105.<\/p>\r\n<p><em>&#8211; Dzisiaj nadszed\u0142 czas, by powiedzie\u0107, \u017ce akurat<strong>&nbsp;pani Mosbacher powinna by\u0107 osob\u0105 niepo\u017c\u0105dan\u0105 i persona non grata<\/strong>&nbsp;&#8211;<\/em>&nbsp;w Polsce stwierdza pose\u0142 Konfederacji.<\/p>\r\n<p>Po po\u015ble Winnickim g\u0142os zabra\u0142 pose\u0142 Jakub Kulesza reprezentuj\u0105cy wolno\u015bciowe skrzyd\u0142o Konfederacji.<\/p>\r\n<p><em>&#8211; \u0179eby by\u0142o jasne &#8211; my nie wnikamy w to, czy ustawy krytykowane przez pani\u0105 ambasador Mosbacher s\u0105 dobre czy z\u0142e. My nie wnikamy w to, czy wypowiedzi pana prezydenta, czy pana ministra Macierewicza [\u2026] s\u0105 dobre czy z\u0142e. My m\u00f3wimy, \u017ce Polska powinna by\u0107 traktowana &#8211; przynajmniej w Polsce &#8211; jako pa\u0144stwo suwerenne &#8211;<\/em>&nbsp;powiedzia\u0142 Kulesza.<\/p>\r\n<p><em>&#8211; S\u0105 pewne zasady, s\u0105 pewne granice kt\u00f3rych przekracza\u0107 nie mo\u017cna.&nbsp;<strong>Nie mamy pretensji do rz\u0105du Stan\u00f3w Zjednoczonych. Mamy pretensje do polskiego rz\u0105du<\/strong>, bo to rol\u0105 polskiego rz\u0105du jest dbanie o to, by Polska by\u0142a suwerennym krajem &#8211;<\/em>&nbsp;zaznaczy\u0142 wolno\u015bciowiec.<\/p>\r\n<h4>Arogancka Mosbacher nie odpuszcza<\/h4>\r\n<p>Z apelu Konfederacji nic sobie nie zrobili przedstawiciele rz\u0105du, kt\u00f3rzy raz po raz przyjmuj\u0105 ciosy od zwyk\u0142ej ambasador.<\/p>\r\n<p>\u201eZ\u0142o\u017cenie przysi\u0119gi jako ambasador nie oznacza, \u017ce odrzuci\u0142am etyk\u0119, warto\u015bci i umiej\u0119tno\u015b\u0107 odr\u00f3\u017cniania dobra od z\u0142a. Je\u015bli widz\u0119, \u017ce historia jest zniekszta\u0142cana lub interpretowana ze z\u0142ych pobudek, zabieram g\u0142os niezale\u017cnie od mojego stanowiska. @Macierewicz_A @WaszczykowskiW\u201d &#8211; napisa\u0142a zuchwale na TT Mosbacher, chwil\u0119 przed godz. 17 w \u015brod\u0119.<\/p>\r\n<blockquote class=\"twitter-tweet\">\r\n<p>Z\u0142o\u017cenie przysi\u0119gi jako ambasador nie oznacza, \u017ce odrzuci\u0142am etyk\u0119, warto\u015bci i umiej\u0119tno\u015b\u0107 odr\u00f3\u017cniania dobra od z\u0142a. Je\u015bli widz\u0119, \u017ce historia jest zniekszta\u0142cana lub interpretowana ze z\u0142ych pobudek, zabieram g\u0142os niezale\u017cnie od mojego stanowiska. <a href=\"https:\/\/twitter.com\/Macierewicz_A?ref_src=twsrc%5Etfw\">@Macierewicz_A<\/a> <a href=\"https:\/\/twitter.com\/WaszczykowskiW?ref_src=twsrc%5Etfw\">@WaszczykowskiW<\/a><\/p>\r\n\r\n\u201d\u201d Georgette Mosbacher (@USAmbPoland) <a href=\"https:\/\/twitter.com\/USAmbPoland\/status\/1283413860993634307?ref_src=twsrc%5Etfw\">July 15, 2020<\/a><\/blockquote>\r\n<p><script async=\"\" src=\"https:\/\/platform.twitter.com\/widgets.js\" charset=\"utf-8\"><\/script><\/p>\r\n<p>Co wynika z tego wpisu? To, \u017ce <strong>pani Georgtte mimo \u0142amania postanowie\u0144 Konwencji uzurpuje sobie prawo do wtr\u0105cania si\u0119 w wewn\u0119trzne sprawy Polski i pouczenia polityk\u00f3w<\/strong>, a to zachwianie godne namiestnika a nie dyplomaty. Poza tym pisz\u0105c, \u017ce zdanie wyra\u017ca z pobudek \u201eetycznych i umiej\u0119tno\u015bci odr\u00f3\u017cniania dobra od z\u0142a\u201d mo\u017cna by wnioskowa\u0107, \u017ce tym samym podobne cechy odbiera osobom, do jakich kieruje s\u0142owa.<\/p>\r\n<p>Mo\u017ce wobec tego polski rz\u0105d stan\u0105\u0142by w ko\u0144cu na wysoko\u015bci zadania i <em>od<\/em>wo\u0142a\u0142 pani\u0105 ambasador, zamiast dawa\u0107 si\u0119 o\u015bmiesza\u0107. Pokaza\u0142by w ten spos\u00f3b swoj\u0105 niezale\u017cno\u015b\u0107, a przy okazji przys\u0142u\u017cy\u0142by si\u0119 samej Mosbacher, kt\u00f3ra mog\u0142aby uprawia\u0107 radosn\u0105 tw\u00f3rczo\u015b\u0107 na Twitterze bez obawy, \u017ce \u0142amie jak\u0105\u015b Konwencj\u0119.<\/p>\r\n<p class=\"zrodlo\">Za: <a href=\"https:\/\/nczas.com\/2020\/07\/15\/mosbacher-nie-moze-sie-opanowac-odpowiedziala-macierewiczowi-i-waszczykowskiemu\/\">Najwy\u017cszy Czas! (<time class=\"entry-date updated td-module-date\">15 lipca 2020)<\/time><\/a><\/p>\r\n<h4>&nbsp;<\/h4>\r\n<hr style=\"background-color: #000000; border-width: 0; color: #000000; height: 2px; line-height: 0; text-align: center; width: 100%;\">\r\n<h4>&nbsp;<\/h4>","protected":false},"excerpt":{"rendered":"Ambasador USA w Warszawie Georgette Mosbacher zasugerowa\u0142a, \u017ce pose\u0142 Prawa i Sprawiedliwo\u015bci oraz by\u0142y minister obrony Antoni Macierewicz nie zachowuje si\u0119 jak \u201eprzyzwoity cz\u0142owiek\u201d. Ameryka\u0144ska dyplomatka napisa\u0142a w poniedzia\u0142ek na Twitterze: \u201eW mojej ocenie tego typu dziel\u0105ce i nienawistne wypowiedzi s\u0105 okropne i godne po\u017ca\u0142owania. Ka\u017cdy przyzwoity cz\u0142owiek powinien odrzuci\u0107 tego rodzaju retoryk\u0119!\u201d. Skomentowa\u0142a w [&hellip;]","protected":false},"author":1,"featured_media":0,"comment_status":"closed","ping_status":"closed","sticky":false,"template":"","format":"standard","meta":{"_acf_changed":false,"_monsterinsights_skip_tracking":false,"ngg_post_thumbnail":0,"footnotes":"","_wp_rev_ctl_limit":""},"categories":[8],"tags":[98,53,159,36,221],"acf":[],"_links":{"self":[{"href":"https:\/\/www.bibula.com\/index.php?rest_route=\/wp\/v2\/posts\/115332"}],"collection":[{"href":"https:\/\/www.bibula.com\/index.php?rest_route=\/wp\/v2\/posts"}],"about":[{"href":"https:\/\/www.bibula.com\/index.php?rest_route=\/wp\/v2\/types\/post"}],"author":[{"embeddable":true,"href":"https:\/\/www.bibula.com\/index.php?rest_route=\/wp\/v2\/users\/1"}],"replies":[{"embeddable":true,"href":"https:\/\/www.bibula.com\/index.php?rest_route=%2Fwp%2Fv2%2Fcomments&post=115332"}],"version-history":[{"count":0,"href":"https:\/\/www.bibula.com\/index.php?rest_route=\/wp\/v2\/posts\/115332\/revisions"}],"wp:attachment":[{"href":"https:\/\/www.bibula.com\/index.php?rest_route=%2Fwp%2Fv2%2Fmedia&parent=115332"}],"wp:term":[{"taxonomy":"category","embeddable":true,"href":"https:\/\/www.bibula.com\/index.php?rest_route=%2Fwp%2Fv2%2Fcategories&post=115332"},{"taxonomy":"post_tag","embeddable":true,"href":"https:\/\/www.bibula.com\/index.php?rest_route=%2Fwp%2Fv2%2Ftags&post=115332"}],"curies":[{"name":"wp","href":"https:\/\/api.w.org\/{rel}","templated":true}]}}