{"id":115277,"date":"2020-07-13T09:44:58","date_gmt":"2020-07-13T13:44:58","guid":{"rendered":"http:\/\/www.bibula.com\/?p=115277"},"modified":"2020-07-13T09:44:58","modified_gmt":"2020-07-13T13:44:58","slug":"chrzescijanie-nie-godza-sie-na-przeksztalcenie-hagia-sophia-w-meczet","status":"publish","type":"post","link":"https:\/\/www.bibula.com\/?p=115277","title":{"rendered":"Chrze\u015bcijanie nie godz\u0105 si\u0119 na przekszta\u0142cenie Hagia Sophia w meczet"},"content":{"rendered":"<p>Chrze\u015bcijanom trudno jest si\u0119 pogodzi\u0107 z przekszta\u0142ceniem bazyliki Hagia Sophia w meczet. Wczoraj odby\u0142a si\u0119 demonstracja w Tesalonikach. Greccy chrze\u015bcijanie domagaj\u0105 si\u0119 stanowczej reakcji pa\u0144stw zachodnich. S\u0105 te\u017c pe\u0142ni obaw o los chrze\u015bcija\u0144skich mozaik w tej staro\u017cytnej bazylice. Przypominaj\u0105, co sta\u0142o si\u0119 na okupowanej przez Turcj\u0119 cz\u0119\u015bci Cypru, gdzie staro\u017cytne prawos\u0142awne cerkwie r\u00f3wnie\u017c zosta\u0142y przekszta\u0142cone w meczety, a ich chrze\u015bcija\u0144ski wystr\u00f3j zosta\u0142 rozkradziony lub zniszczony.<\/p>\r\n<p>Ks. Pascal Gollnisch, dyrektor L\u2019Oeuvre d\u2019Orient jednej z najstarszych katolickich instytucji, kt\u00f3ra wspiera Ko\u015bcio\u0142y na Bliskim Wschodzie, podkre\u015bla, \u017ce chrze\u015bcijanom nie wolno si\u0119 pogodzi\u0107 z przekszta\u0142ceniem Hagia Sophia w meczet. Jest to bowiem jeden z g\u0142\u00f3wnych o\u015brodk\u00f3w chrze\u015bcija\u0144skiego kultu w \u015bwiecie. Nadanie mu statusu muzeum w 1934 r. bynajmniej nie by\u0142o rozwi\u0105zaniem satysfakcjonuj\u0105cym. Dzi\u015b trzeba si\u0119 domaga\u0107 powrotu bazyliki Hagia Sophia do jej pierwotnego stanu. M\u00f3wi ks. Gollnisch.<\/p>\r\n<p>Ks. Gollnisch: trzeba si\u0119 domaga\u0107 powrotu do pierwotnego snatu<\/p>\r\n<p>\u201ePrzekszta\u0142cenie bazyliki w meczet to akt symboliczny, o bardzo powa\u017cnych konsekwencjach. W Stambule nie brak bowiem meczet\u00f3w. Jest to swoiste wypowiedzenie wojny w sensie moralnym, religijnym. Ale jest to te\u017c ch\u0119\u0107 pokazania, \u017ce Turcja odwraca si\u0119 plecami do tego, czym by\u0142a od chwili powstania jej nowoczesnego pa\u0144stwa. Jest to bardzo powa\u017cne &#8211; powiedzia\u0142 Radiu Watyka\u0144skiemu Pascal Gollnisch. &#8211; Jest to gest pod\u0142y, agresywny i ca\u0142kowicie zb\u0119dny. Domagamy si\u0119 do Turcji, aby zrezygnowa\u0142a ze swych plan\u00f3w. S\u0105 to gesty, kt\u00f3re rzutuj\u0105 na postrzeganie historii Turcji oraz na jej relacje ze wsp\u00f3lnot\u0105 mi\u0119dzynarodow\u0105. Jest to wydarzenie o wielkim znaczeniu, kt\u00f3re dotyczy oczywi\u015bcie przede wszystkim naszych braci prawos\u0142awnych. Rozumiemy, \u017ce chrze\u015bcijanom w Turcji trudno jest wyrazi\u0107 swoje niezadowolenie. My jako L\u2019Oeuvre d\u2019Orient nie pogodzimy si\u0119 z t\u0105 decyzj\u0105. Je\u015bli bazylika stanie si\u0119 meczetem, b\u0119dziemy wnioskowa\u0107 o gesty o r\u00f3wnie silniej wymowie symbolicznej, a mianowicie b\u0119dziemy domaga\u0107 si\u0119, by Hagia Sophia powr\u00f3ci\u0142a do swego pierwotnego stanu. I trzeba to postrzega\u0107 w szerokiej historycznej perspektywie. To nie s\u0105 wydarzenia, kt\u00f3re maj\u0105 znaczenie tylko dla naszych dni. S\u0105 to wydarzenia, kt\u00f3re zapisuj\u0105 si\u0119 w historii.&#8221;<\/p>\r\n<p><strong><em>Krzysztof Bronk<\/em><\/strong> &#8211; Watykan<\/p>\r\n<p class=\"zrodlo\">Za: <a href=\"https:\/\/www.vaticannews.va\/pl\/swiat\/news\/2020-07\/nie-ma-zgody-na-przeksztalcenie-hagia-sophia-w-meczet.html\">VaticanNews.va (13 lipca 2020)<\/a><\/p>\r\n<h4>&nbsp;<\/h4>\r\n<hr style=\"background-color: #000000; border-width: 0; color: #000000; height: 2px; line-height: 0; text-align: center; width: 100%;\">\r\n<h4>&nbsp;<\/h4>\r\n<h2>Hagia Sophia &#8211; meczetem? Decyzj\u0119 Turcji &#8211; cho\u0107 poprzez lewicow\u0105 nowomow\u0119 &#8211; krytykuje nawet UE<\/h2>\r\n<p><strong>Zagro\u017ceniem dla \u201etolerancji i otwarto\u015bci Turcji\u201d nazwa\u0142 wiceprzewodnicz\u0105cy Komisji Europejskiej Margaritis Schinas przywr\u00f3cenie meczetu w dawnej chrze\u015bcija\u0144skiej \u015bwi\u0105tyni Hagia Sophia w Stambule. Jego zdaniem nale\u017ca\u0142o raczej zachowa\u0107 \u201euznany mi\u0119dzynarodowo\u201d dotychczasowy muzealny status tej historycznej budowli.<\/strong><\/p>\r\n<p>Po decyzji najwy\u017cszego s\u0105du administracyjnego Turcji, anuluj\u0105cej decyzj\u0119 prezydenta Mustafa Kemala Atat\u00fcrka z 1934 roku o przekszta\u0142ceniu Hagii Sophii w muzeum, Schinas przypomnia\u0142 s\u0142owa obecnego szefa pa\u0144stwa Recepa Tayyipa Erdo\u00c4\u0178ana, kt\u00f3ry jako premier w 2010 roku o\u015bwiadczy\u0142, \u017ce Stambu\u0142 ze swoj\u0105 sztuk\u0105, kultur\u0105, cywilizacj\u0105, ludno\u015bci\u0105 jest \u201emiastem europejskim\u201d, kt\u00f3re \u201ekszta\u0142towa\u0142o kultur\u0119 europejsk\u0105 i by\u0142o przez ni\u0105 kszta\u0142towane\u201d. &#8211; Tego ducha chcemy dzisiaj odczuwa\u0107, tego oczekujemy od prezydenta Erdo\u00c4\u0178ana po 10 latach\u201d &#8211; doda\u0142 Margaritis Schinas.<\/p>\r\n<p>Jednak ostatecznie szef tureckiego pa\u0144stwa podpisa\u0142 dekret przekszta\u0142caj\u0105cy Hagi\u0119 Sophi\u0119 w meczet, podporz\u0105dkowuj\u0105c t\u0119 staro\u017cytn\u0105 budowl\u0119 urz\u0119dowi ds. religii.<\/p>\r\n<p>Po og\u0142oszeniu tej decyzji w\u0142oska europos\u0142anka Patrizia Toia uzna\u0142a, \u017ce \u00f3w akt stanowi wyraz \u201ezamkni\u0119cia na dialog mi\u0119dzyreligijny\u201d, ale tak\u017ce \u201ezdrady korzeni i historii Turcji, wbrew temu co twierdzi prezydent Erdo\u00c4\u0178an, gdy m\u00f3wi o narodowej suwerenno\u015bci\u201d. Wezwa\u0142a tureckie w\u0142adze, by zobowi\u0105za\u0142y si\u0119 do \u201eposzanowania prawdziwej istoty tego wielkiego kraju, jakim jest Turcja i miasta Stambu\u0142u, jednego z najpi\u0119kniejszych na \u015bwiecie w\u0142a\u015bnie za spraw\u0105 wielowiekowego nak\u0142adania si\u0119 r\u00f3\u017cnych kultur i religii\u201d.<\/p>\r\n<p>Hagia Sophia uchodzi za najwspanialsz\u0105 budowl\u0119 pierwszego tysi\u0105clecia po Chrystusie. Powsta\u0142a jako chrze\u015bcija\u0144ska \u015bwi\u0105tynia M\u0105dro\u015bci Bo\u017cej. Wzniesiono j\u0105 z rozkazu cesarza Justyniana w 537 r. na ruinach wcze\u015bniejszego ko\u015bcio\u0142a z IV wieku. Po upadku Konstantynopola 29 maja 1453 roku szybko zosta\u0142a przekszta\u0142cona w meczet &#8211; m.in. dobudowano do niej cztery minarety. W 1934 roku decyzj\u0105 prezydenta Atat\u00fcrka sta\u0142a si\u0119 muzeum. Od lat podejmowane by\u0142y przez wyznawc\u00f3w islamu pr\u00f3by wymuszenia na w\u0142adzach, by Hagia Sophia z powrotem by\u0142a meczetem.<\/p>\r\n<p>KAI<\/p>\r\n<p>MW\u0142<\/p>\r\n<p class=\"zrodlo\">Za: <a href=\"https:\/\/www.pch24.pl\/hagia-sophia---meczetem--decyzje-turcji---choc-poprzez-lewicowa-nowomowe---krytykuje-nawet-ue,77140,i.html\">PoloniaChristiana &#8211; pch24.pl (2020-07-11)<\/a><\/p>\r\n<h4>&nbsp;<\/h4>\r\n<hr style=\"background-color: #000000; border-width: 0; color: #000000; height: 2px; line-height: 0; text-align: center; width: 100%;\">\r\n<h4>&nbsp;<\/h4>","protected":false},"excerpt":{"rendered":"Chrze\u015bcijanom trudno jest si\u0119 pogodzi\u0107 z przekszta\u0142ceniem bazyliki Hagia Sophia w meczet. Wczoraj odby\u0142a si\u0119 demonstracja w Tesalonikach. Greccy chrze\u015bcijanie domagaj\u0105 si\u0119 stanowczej reakcji pa\u0144stw zachodnich. S\u0105 te\u017c pe\u0142ni obaw o los chrze\u015bcija\u0144skich mozaik w tej staro\u017cytnej bazylice. Przypominaj\u0105, co sta\u0142o si\u0119 na okupowanej przez Turcj\u0119 cz\u0119\u015bci Cypru, gdzie staro\u017cytne prawos\u0142awne cerkwie r\u00f3wnie\u017c zosta\u0142y przekszta\u0142cone [&hellip;]","protected":false},"author":1,"featured_media":0,"comment_status":"closed","ping_status":"closed","sticky":false,"template":"","format":"standard","meta":{"_acf_changed":false,"_monsterinsights_skip_tracking":false,"_monsterinsights_sitenote_active":false,"_monsterinsights_sitenote_note":"","_monsterinsights_sitenote_category":0,"ngg_post_thumbnail":0,"footnotes":"","_wp_rev_ctl_limit":""},"categories":[6],"tags":[100,157,23,70,233],"acf":[],"_links":{"self":[{"href":"https:\/\/www.bibula.com\/index.php?rest_route=\/wp\/v2\/posts\/115277"}],"collection":[{"href":"https:\/\/www.bibula.com\/index.php?rest_route=\/wp\/v2\/posts"}],"about":[{"href":"https:\/\/www.bibula.com\/index.php?rest_route=\/wp\/v2\/types\/post"}],"author":[{"embeddable":true,"href":"https:\/\/www.bibula.com\/index.php?rest_route=\/wp\/v2\/users\/1"}],"replies":[{"embeddable":true,"href":"https:\/\/www.bibula.com\/index.php?rest_route=%2Fwp%2Fv2%2Fcomments&post=115277"}],"version-history":[{"count":0,"href":"https:\/\/www.bibula.com\/index.php?rest_route=\/wp\/v2\/posts\/115277\/revisions"}],"wp:attachment":[{"href":"https:\/\/www.bibula.com\/index.php?rest_route=%2Fwp%2Fv2%2Fmedia&parent=115277"}],"wp:term":[{"taxonomy":"category","embeddable":true,"href":"https:\/\/www.bibula.com\/index.php?rest_route=%2Fwp%2Fv2%2Fcategories&post=115277"},{"taxonomy":"post_tag","embeddable":true,"href":"https:\/\/www.bibula.com\/index.php?rest_route=%2Fwp%2Fv2%2Ftags&post=115277"}],"curies":[{"name":"wp","href":"https:\/\/api.w.org\/{rel}","templated":true}]}}