{"id":115247,"date":"2020-07-10T10:07:45","date_gmt":"2020-07-10T14:07:45","guid":{"rendered":"http:\/\/www.bibula.com\/?p=115247"},"modified":"2020-07-10T10:07:45","modified_gmt":"2020-07-10T14:07:45","slug":"teczowa-flaga-na-kosciele-w-austrii-diecezja-w-pelni-to-popiera","status":"publish","type":"post","link":"https:\/\/www.bibula.com\/?p=115247","title":{"rendered":"T\u0119czowa flaga na ko\u015bciele w Austrii. Diecezja w pe\u0142ni to popiera"},"content":{"rendered":"<p>W katolickim ko\u015bciele w Urfahr, jednej z dzielnic Linzu w G\u00f3rnej Austrii, dosz\u0142o do aktu skandalicznego wsparcia dla ideologii LGBT. W mie\u015bcie odbywa\u0142o si\u0119 kilka dni temu wydarzenie \u201elinzpride2020\u201d, manifestacja poparcia dla t\u0119czowego rewolucyjnego ruchu. Z tej okazji tu\u017c nad wej\u015bciem do ko\u015bcio\u0142a wywieszono du\u017c\u0105 t\u0119czow\u0105 flag\u0119. Niestety, nie by\u0142o to samowolne dzia\u0142anie proboszcza stoj\u0105cego w kontrze do biskupa. Akt poparcia bezbo\u017cnej ideologii spotka\u0142 si\u0119 bowiem z pe\u0142nym poparciem diecezji. Na jej stronie internetowej opublikowano kr\u00f3tki artyku\u0142 informuj\u0105cy o wywieszeniu flagi.<\/p>\r\n<p>Czytamy w nim: \u201eT\u0119czowa flaga to znak prze\u0142omu, zmiany i pokoju, uchodzi za symbol tolerancji i akceptacji, r\u00f3\u017cnorodno\u015bci form \u017cycia, nadziei i t\u0119sknoty. Opowiada si\u0119 za uznaniem i r\u00f3wnouprawnieniem ludzi o orientacji jednop\u0142ciowej oraz z r\u00f3\u017cnorodnymi to\u017csamo\u015bciami p\u0142ciowymi. [&#8230;] Dobra nowina Ewangelii, kt\u00f3rej istot\u0105 jest mi\u0142o\u015b\u0107, nie rozr\u00f3\u017cnia ludzi pod\u0142ug ich orientacji seksualnej. Ka\u017cdy cz\u0142owiek jest kochanym dzieckiem Boga. Jeste\u015bmy przekonani, \u017ce \u017caden rodzaj dyskryminacji os\u00f3b kochaj\u0105cych jednop\u0142ciowo ani ludzi o okre\u015blonej to\u017csamo\u015bci p\u0142ciowej nie mo\u017ce powo\u0142ywa\u0107 si\u0119 na warto\u015bci chrze\u015bcija\u0144skie\u201d.<\/p>\r\n<p>Biskupem ordynariuszem diecezji Linz jest Manfred Scheuer. Pod jego w\u0142adz\u0105 dochodzi od dawna do licznych podobnych eksces\u00f3w. Cho\u0107by w roku 2018 w kilku parafiach w Linzu organizowano b\u0142ogos\u0142awienie par homoseksualnych \u201ena Walentynki\u201d; informowa\u0142a o tym oficjalna gazeta diecezjalna. Bp Scheuer jest ponadto zwolennikiem Komunii dla rozwodnik\u00f3w oraz wy\u015bwi\u0119cania \u017conatych m\u0119\u017cczyzn na ksi\u0119\u017cy.<\/p>\r\n<p>W tym roku zosta\u0142 wybrany wiceprzewodnicz\u0105cym Konferencji Episkopatu Niemiec. Jej szefem zosta\u0142 abp Franz Lackner, kt\u00f3ry kilka lat temu zleci\u0142 teologom z Linzu opracowanie ksi\u0105\u017cki, kt\u00f3ra uzasadnia\u0142aby teologicznie b\u0142ogos\u0142awienie zwi\u0105zk\u00f3w homoseksualnych.<\/p>\r\n<p>Katechizm Ko\u015bcio\u0142a Katolickiego zobowi\u0105zuje wszystkich wierz\u0105cych do szacunku wzgl\u0119dem os\u00f3b homoseksualnych. Pi\u0119tnuje jednak jednoznacznie pozama\u0142\u017ce\u0144skie akty seksualne jako grzeszne. W logice modernist\u00f3w z Austrii nauczanie to jest jednak \u201eprzestarza\u0142e\u201d i wymaga korekty zgodnie z \u201eustaleniami\u201d nauki, a zw\u0142aszcza teorii gender.<\/p>\r\n<p>\u0179r\u00f3d\u0142a: kath.net, PCh24.pl<\/p>\r\n<p>Pach<\/p>","protected":false},"excerpt":{"rendered":"W katolickim ko\u015bciele w Urfahr, jednej z dzielnic Linzu w G\u00f3rnej Austrii, dosz\u0142o do aktu skandalicznego wsparcia dla ideologii LGBT. W mie\u015bcie odbywa\u0142o si\u0119 kilka dni temu wydarzenie \u201elinzpride2020\u201d, manifestacja poparcia dla t\u0119czowego rewolucyjnego ruchu. Z tej okazji tu\u017c nad wej\u015bciem do ko\u015bcio\u0142a wywieszono du\u017c\u0105 t\u0119czow\u0105 flag\u0119. Niestety, nie by\u0142o to samowolne dzia\u0142anie proboszcza stoj\u0105cego [&hellip;]","protected":false},"author":1,"featured_media":0,"comment_status":"closed","ping_status":"closed","sticky":false,"template":"","format":"standard","meta":{"_acf_changed":false,"_monsterinsights_skip_tracking":false,"_monsterinsights_sitenote_active":false,"_monsterinsights_sitenote_note":"","_monsterinsights_sitenote_category":0,"ngg_post_thumbnail":0,"footnotes":"","_wp_rev_ctl_limit":""},"categories":[3],"tags":[244,26,33],"acf":[],"_links":{"self":[{"href":"https:\/\/www.bibula.com\/index.php?rest_route=\/wp\/v2\/posts\/115247"}],"collection":[{"href":"https:\/\/www.bibula.com\/index.php?rest_route=\/wp\/v2\/posts"}],"about":[{"href":"https:\/\/www.bibula.com\/index.php?rest_route=\/wp\/v2\/types\/post"}],"author":[{"embeddable":true,"href":"https:\/\/www.bibula.com\/index.php?rest_route=\/wp\/v2\/users\/1"}],"replies":[{"embeddable":true,"href":"https:\/\/www.bibula.com\/index.php?rest_route=%2Fwp%2Fv2%2Fcomments&post=115247"}],"version-history":[{"count":0,"href":"https:\/\/www.bibula.com\/index.php?rest_route=\/wp\/v2\/posts\/115247\/revisions"}],"wp:attachment":[{"href":"https:\/\/www.bibula.com\/index.php?rest_route=%2Fwp%2Fv2%2Fmedia&parent=115247"}],"wp:term":[{"taxonomy":"category","embeddable":true,"href":"https:\/\/www.bibula.com\/index.php?rest_route=%2Fwp%2Fv2%2Fcategories&post=115247"},{"taxonomy":"post_tag","embeddable":true,"href":"https:\/\/www.bibula.com\/index.php?rest_route=%2Fwp%2Fv2%2Ftags&post=115247"}],"curies":[{"name":"wp","href":"https:\/\/api.w.org\/{rel}","templated":true}]}}