{"id":115167,"date":"2020-07-05T20:17:08","date_gmt":"2020-07-06T00:17:08","guid":{"rendered":"http:\/\/www.bibula.com\/?p=115167"},"modified":"2020-07-05T20:17:08","modified_gmt":"2020-07-06T00:17:08","slug":"holandia-rezygnuje-z-okreslania-plci-w-dokumentach-potwierdzajacych-tozsamosc","status":"publish","type":"post","link":"https:\/\/www.bibula.com\/?p=115167","title":{"rendered":"Holandia rezygnuje z okre\u015blania p\u0142ci w dokumentach potwierdzaj\u0105cych to\u017csamo\u015b\u0107"},"content":{"rendered":"<p><strong>Przedstawicielka holenderskiego rz\u0105du zapowiedzia\u0142a usuni\u0119cie zamieszczanych dotychczas w dowodach to\u017csamo\u015bci wzmianek o p\u0142ci obywateli. Zmiana ma si\u0119 dokona\u0107 w ci\u0105gu pi\u0119ciu lat.<\/strong><\/p>\r\n<p>Ingrid van Engelshoven to minister edukacji, kultury i nauki. Zajmuje si\u0119 r\u00f3wnie\u017c tak zwanymi kwestiami r\u00f3wno\u015bciowymi. \u201eW li\u015bcie skierowanym do parlamentu a om\u00f3wionym w sobot\u0119 przez agencj\u0119 AFP minister (\u2026) og\u0142osi\u0142a zamiar usuni\u0119cia zapisu o p\u0142ci w dowodach osobistych <em>od 2024-2025 roku<\/em>\u201d &#8211; pisze portal francuskiego dziennika \u201eLe Parisien\u201d.<\/p>\r\n<p>Holenderska minister twierdzi, \u017ce dzi\u0119ki tej decyzji ka\u017cdy b\u0119dzie m\u00f3g\u0142 \u201eukszta\u0142towa\u0107 swoj\u0105 to\u017csamo\u015b\u0107\u201d oraz \u201e\u017cy\u0107 ni\u0105 w ca\u0142kowitej wolno\u015bci i bezpiecze\u0144stwie\u201d. W\u0142adze uzna\u0142y dotychczasowe zapisy za \u201ebezu\u017cyteczne\u201d i&nbsp; chc\u0105 \u201eograniczy\u0107 w jak najwi\u0119kszym stopniu niepotrzebne wzmianki dotycz\u0105ce p\u0142ci\u201d.<\/p>\r\n<p>Zmiana nie obejmuje paszport\u00f3w jako dokument\u00f3w zgodnych z wymogami Unii Europejskiej.<\/p>\r\n<p>Minister van Engelshoven podkre\u015bli\u0142a, \u017ce spo\u015br\u00f3d pa\u0144stw UE jej pa\u0144stwo nie jest w tej kwestii pierwsze. \u201eNiemiecki dow\u00f3d to\u017csamo\u015bci nie wspomina o p\u0142ci\u201d &#8211; napisa\u0142a.<\/p>\r\n<p>\u0179r\u00f3d\u0142o: LeParisen.fr<\/p>\r\n<p>RoM<\/p>\r\n<blockquote>\r\n<p>[<strong>Wybrane wypowiedzi internaut\u00f3w pod w\/w tekstem na stronie \u017ar\u00f3d\u0142owej:<\/strong>]<\/p>\r\n<p>Kolejny przejaw eurodebilizmu. Ale nie zauwa\u017caj\u0105, \u017ce jest to te\u017c przejawem dyskryminacji, gdy\u017c s\u0105 ludzie, kt\u00f3rzy nie chc\u0105 by\u0107 uwa\u017cani za bezp\u0142ciowych.<br>\r\n<em>Andej<\/em><br>\r\n<br>\r\nZ KA\u0179DEGO punktu widzenia to jest g\u0142upie&#8230;.i ju\u017c&#8230;.<br>\r\n<em>Ra<\/em><br>\r\n<br>\r\nZ medycznego punktu widzenia to nie jest g\u0142upie ale tu niestety chodzi tylko o ideologi\u0119.<br>\r\n<em>Marcin<\/em><\/p>\r\n<\/blockquote>","protected":false},"excerpt":{"rendered":"Przedstawicielka holenderskiego rz\u0105du zapowiedzia\u0142a usuni\u0119cie zamieszczanych dotychczas w dowodach to\u017csamo\u015bci wzmianek o p\u0142ci obywateli. Zmiana ma si\u0119 dokona\u0107 w ci\u0105gu pi\u0119ciu lat. Ingrid van Engelshoven to minister edukacji, kultury i nauki. Zajmuje si\u0119 r\u00f3wnie\u017c tak zwanymi kwestiami r\u00f3wno\u015bciowymi. \u201eW li\u015bcie skierowanym do parlamentu a om\u00f3wionym w sobot\u0119 przez agencj\u0119 AFP minister (\u2026) og\u0142osi\u0142a zamiar usuni\u0119cia [&hellip;]","protected":false},"author":1,"featured_media":0,"comment_status":"closed","ping_status":"closed","sticky":false,"template":"","format":"standard","meta":{"_acf_changed":false,"_monsterinsights_skip_tracking":false,"_monsterinsights_sitenote_active":false,"_monsterinsights_sitenote_note":"","_monsterinsights_sitenote_category":0,"ngg_post_thumbnail":0,"footnotes":"","_wp_rev_ctl_limit":""},"categories":[12],"tags":[314,280,25,20],"acf":[],"_links":{"self":[{"href":"https:\/\/www.bibula.com\/index.php?rest_route=\/wp\/v2\/posts\/115167"}],"collection":[{"href":"https:\/\/www.bibula.com\/index.php?rest_route=\/wp\/v2\/posts"}],"about":[{"href":"https:\/\/www.bibula.com\/index.php?rest_route=\/wp\/v2\/types\/post"}],"author":[{"embeddable":true,"href":"https:\/\/www.bibula.com\/index.php?rest_route=\/wp\/v2\/users\/1"}],"replies":[{"embeddable":true,"href":"https:\/\/www.bibula.com\/index.php?rest_route=%2Fwp%2Fv2%2Fcomments&post=115167"}],"version-history":[{"count":0,"href":"https:\/\/www.bibula.com\/index.php?rest_route=\/wp\/v2\/posts\/115167\/revisions"}],"wp:attachment":[{"href":"https:\/\/www.bibula.com\/index.php?rest_route=%2Fwp%2Fv2%2Fmedia&parent=115167"}],"wp:term":[{"taxonomy":"category","embeddable":true,"href":"https:\/\/www.bibula.com\/index.php?rest_route=%2Fwp%2Fv2%2Fcategories&post=115167"},{"taxonomy":"post_tag","embeddable":true,"href":"https:\/\/www.bibula.com\/index.php?rest_route=%2Fwp%2Fv2%2Ftags&post=115167"}],"curies":[{"name":"wp","href":"https:\/\/api.w.org\/{rel}","templated":true}]}}