{"id":11511,"date":"2009-07-15T21:52:17","date_gmt":"2009-07-16T02:52:17","guid":{"rendered":"http:\/\/www.bibula.com\/?p=11511"},"modified":"2009-07-28T14:09:48","modified_gmt":"2009-07-28T19:09:48","slug":"biskup-darcy-wprowadza-konieczne-regulacje-i-przypomina-ze-tabernakulum-powinno-znajdowac-sie-w-centralnym-i-widocznym-miejscu-kosciola","status":"publish","type":"post","link":"https:\/\/www.bibula.com\/?p=11511","title":{"rendered":"Biskup D&#8217;Arcy wprowadza konieczne regulacje i przypomina, \u017ce 'Tabernakulum powinno znajdowa\u0107 si\u0119 w centralnym i widocznym miejscu ko\u015bcio\u0142a&#8217;"},"content":{"rendered":"<p>&#8222;Miejsce Jezusa Chrystusa w Naj\u015bwi\u0119tszym Sakramencie jest w centrum naszej wiary i religijnego \u017cycia katolik\u00f3w&#8221; &#8211; przypomina w specjalym li\u015bcie biskup John D&#8217;Arcy z diecezji Fort Wayne-South Bend. Poniewa\u017c &#8222;umiejscowienie Tabernakulum w naszych ko\u015bcio\u0142ach sta\u0142o si\u0119 \u017ar\u00f3d\u0142em kontrowersji&#8221;, biskup w li\u015bcie datowanym 19 lipca 2009 roku i umieszczonym na witrynie Diecezji stwierdza, \u017ce &#8222;nasi wierni, kierowani wyczuciem wiary, zawsze \u017cyczyli sobie <strong>aby Tabernakulum znajdowa\u0142o si\u0119 w centralnym miejscu ko\u015bcio\u0142a i by\u0142o widoczne<\/strong>.&#8221;<\/p>\r\n\r\n<p>&#8222;W zwi\u0105zku z moj\u0105 odpowiedzialno\u015bci\u0105 za wspieranie religijnego \u017cycia naszych wiernych, i wspieranie tego co dobre, poprosi\u0142em Urz\u0105d ds Kultu aby  przygotowa\u0142 normy dotycz\u0105ce umieszczania i formy artystycznej Tabernakulum w ko\u015bcio\u0142ach naszej diecezji.&#8221; Odpowiednie normy, podpisane przez biskupa D&#8217;Arcy 14 czerwca br. w \u015bwi\u0119to Bo\u017cego Cia\u0142a,  wchodz\u0105 w \u017cycie 4 sierpnia, w \u015bwi\u0119to \u015bw. Jana Marii Vianney.<\/p>\r\n\r\n<p>&#8222;Wzywam wszystkich ksi\u0119\u017cy do bardzo \u015bcis\u0142ego przestrzegania tych norm oraz, co najwa\u017cniejsze, do wspierania adoracji Najwi\u0119tszego Sakramentu&#8221; &#8211;<\/p>\r\n\r\n<p><br class=\"spacer_\" \/><\/p>\r\n\r\n\r\n<blockquote><p><strong>KOMENTARZ <em>BIBU\u0141Y<\/em><\/strong>: Niekt\u00f3rzy, odosobnieni pasterze wprowadzaj\u0105 porz\u0105dki po latach destrukcji. W latach posoborowych nast\u0105pi\u0142o bowiem zerwanie z wieloma elementami Tradycji, w tym r\u00f3wnie\u017c wprowadzono modernistyczne formy architektoniczne ko\u015bcio\u0142\u00f3w. W ramach &#8222;posoborowego ducha&#8221; zniszczono optyk\u0119 i wn\u0119trze wielu ko\u015bcio\u0142\u00f3w usuwaj\u0105c, a cz\u0119sto i w gorsz\u0105cy spos\u00f3b po prostu niszcz\u0105c, zabytkowe o\u0142tarze, figury \u015bwi\u0119tych, drogi krzy\u017cowe, malowid\u0142a, rze\u017aby, witra\u017ce, konfesjona\u0142y, balaski, ambony. W zamy\u015ble modernistycznych architekt\u00f3w oraz zgadzaj\u0105cych si\u0119 z nimi biskup\u00f3w za\u015blepionych wizj\u0105 &#8222;nowoczesnego, otwartego na \u015bwiat Ko\u015bcio\u0142a&#8221;, w nowych projektach ko\u015bcio\u0142\u00f3w Tabernakulum przenoszono w boczny, niewidoczny zau\u0142ek wn\u0119trza. Zdarza\u0142y si\u0119 przypadki usuwania Tabernakulum i przenoszenia go do piwnicy. Zanik\u0142a r\u00f3wnie\u017c adoracja do Naj\u015bwi\u0119tszego Sakramentu.<\/p>\r\n\r\n<p>Formy architektoniczne przybiera\u0142y nieraz monstrualn\u0105 posta\u0107 (<em>vide<\/em> zar\u00f3wno ko\u015bci\u00f3\u0142 jak i Tabernakulum w \u0141agiewnikach). Z przykro\u015bci\u0105 ale i z pe\u0142n\u0105 \u015bwiadomo\u015bci\u0105 nale\u017cy stwierdzi\u0107, \u017ce najwi\u0119ksze nat\u0119\u017cenie tej architektoniczej destrukcji nast\u0105pi\u0142o w latach pontyfikatu Jana Paw\u0142a II, kt\u00f3ry niejednokrotnie <em>wspiera\u0142<\/em> inicjatywy budowy modernistycznych ko\u015bcio\u0142\u00f3w. Jednym z przyk\u0142ad\u00f3w jest wybudowany w 2003 roku w\u0142a\u015bnie w Rzymie ko\u015bci\u00f3\u0142 <em>Dio Padre Misericordioso<\/em> przypominaj\u0105cy schron czy nowoczesn\u0105 sal\u0119 rozrywkow\u0105. Co wa\u017cne podkre\u015blenia: wiele z tych ohydnych modernistycznych budynk\u00f3w nazywanych ko\u015bcio\u0142ami projektowanych by\u0142o przez  \u017cydowskich architek\u00f3w (jak Richard Meier, autor ohydy w Rzymie &#8211; zob. zdj\u0119cie poni\u017cej), a z masochistyczn\u0105 lubo\u015bci\u0105 w\u0142a\u015bnie architekt\u00f3w zupe\u0142nie nie czuj\u0105cych katolicko\u015bci zatrudniali modernistyczni, posoborowi biskupi. Ale zn\u00f3w pozostaje pytanie: <em>kto<\/em> wybiera\u0142 i mianowa\u0142 tych biskup\u00f3w. Kto aprobowa\u0142 przez dziesi\u0119ciolecia poczynania kardyna\u0142a Mahony czy arcybiskupa Weaklanda w Stanach Zjednocznonych, czo\u0142owych burzycieli porz\u0105dku katolickiego? Nale\u017cy i na te pytania odpowiedzie\u0107 zanim zakrzyknie si\u0119 <em>Santo Subito!<\/em><\/p>\r\n\r\n<p><img fetchpriority=\"high\" decoding=\"async\" src=\"http:\/\/graphics7.nytimes.com\/images\/2003\/10\/30\/arts\/riding.2.583-240.jpg\" alt=\"\" width=\"466\" height=\"192\" \/><\/p><\/blockquote>\r\n\r\n\r\n<p><br class=\"spacer_\" \/><\/p>\r\n\r\n\r\n<blockquote><p><strong>ZOB. R\u00d3WNIE\u017b:<\/strong><\/p>\r\n\r\n\r\n<ul>\r\n\t\t<li> <a title=\" Kard. Rigali z Filadelfii wprowadza Tabernakulum z powrotem na w\u0142a\u015bciwe - centralne - miejsce w ko\u015bciele\" rel=\"bookmark\" href=\"..\/..\/?p=939\">Kard. Rigali z Filadelfii wprowadza Tabernakulum z powrotem na w\u0142a\u015bciwe &#8211; centralne &#8211; miejsce w ko\u015bciele<\/a> <\/li>\r\n\t\t<li> <a title=\" Lusia Ogi\u0144ska: Synagoga rzymsko-katolicka\" rel=\"bookmark\" href=\"..\/..\/?p=8612\">Lusia Ogi\u0144ska: Synagoga rzymsko-katolicka<\/a> <\/li>\r\n\t\t<li> <a title=\" Kaplice lotniskowe w Brukseli\" rel=\"bookmark\" href=\"..\/..\/?p=5382\">Kaplice lotniskowe w Brukseli<\/a> <\/li>\r\n\t\t<li> <a title=\" \"Duch Asy\u017cu\u201d b\u0119dzie straszy\u0107 w Krakowie\" rel=\"bookmark\" href=\"..\/..\/?p=5236\">&#8222;Duch Asy\u017cu\u201d b\u0119dzie straszy\u0107 w Krakowie<\/a> <\/li>\r\n\t\t<li> <a title=\" B\u0142\u0119dy w liturgii skutkuj\u0105 b\u0142\u0119dami w wierze\" rel=\"bookmark\" href=\"..\/..\/?p=3404\">B\u0142\u0119dy w liturgii skutkuj\u0105 b\u0142\u0119dami w wierze<\/a> <\/li>\r\n\t\t<li> <a title=\" Ekwador: Lewacy dwukrotnie sprofanowali Naj\u015bwi\u0119tszy Sakrament\" rel=\"bookmark\" href=\"..\/..\/?p=2388\">Ekwador: Lewacy dwukrotnie sprofanowali Naj\u015bwi\u0119tszy Sakrament<\/a> <\/li>\r\n\t\t<li> <a title=\" USA: Sprofanowano ko\u015bci\u00f3\u0142 w Delaware\" rel=\"bookmark\" href=\"..\/..\/?p=2387\">USA: Sprofanowano ko\u015bci\u00f3\u0142 w Delaware<\/a> <\/li>\r\n\t\t<li> <a title=\" Gar\u015b\u0107 refleksji nad zmianami liturgicznymi - &lt;em&gt;Maria K. Kominek OPs&lt;\/em&gt;\" rel=\"bookmark\" href=\"..\/..\/?p=1779\">Gar\u015b\u0107 refleksji nad zmianami liturgicznymi &#8211; <em>Maria K. Kominek OPs<\/em><\/a> <\/li>\r\n\t\t<li> <a title=\" Modernistyczna \"Droga Krzy\u017cowa\" czyli szpetota zniewolonych serc\" rel=\"bookmark\" href=\"..\/..\/?p=1151\">Modernistyczna &#8222;Droga Krzy\u017cowa&#8221; czyli szpetota zniewolonych serc<\/a> <\/li>\r\n\t\t<li> <a title=\" Mity posoborowe - \"Obowi\u0105zek\" celebracji \"twarz\u0105 do ludu\"\" rel=\"bookmark\" href=\"..\/..\/?p=617\">Mity posoborowe &#8211; &#8222;Obowi\u0105zek&#8221; celebracji &#8222;twarz\u0105 do ludu&#8221;<\/a> <\/li>\r\n\t\t<li> <a title=\" Marmurowy o\u0142tarz jako p\u0142yta pod\u0142ogowa w kasynie - destrukcji ko\u015bcio\u0142\u00f3w ci\u0105g dalszy\" rel=\"bookmark\" href=\"..\/..\/?p=411\">Marmurowy o\u0142tarz jako p\u0142yta pod\u0142ogowa w kasynie &#8211; destrukcji ko\u015bcio\u0142\u00f3w ci\u0105g dalszy<\/a> <\/li>\r\n\t\t<li><a title=\" Tabernakulum z uszami Myszki Miki w rzymskim ko\u015bciele\" rel=\"bookmark\" href=\"..\/..\/?p=97\">Tabernakulum z uszami Myszki Miki w rzymskim ko\u015bciele<\/a><\/li>\r\n<\/ul>\r\n<\/blockquote>","protected":false},"excerpt":{"rendered":"&#8222;Miejsce Jezusa Chrystusa w Naj\u015bwi\u0119tszym Sakramencie jest w centrum naszej wiary i religijnego \u017cycia katolik\u00f3w&#8221; &#8211; przypomina w specjalym li\u015bcie biskup John D&#8217;Arcy z diecezji Fort Wayne-South Bend. Poniewa\u017c &#8222;umiejscowienie Tabernakulum w naszych ko\u015bcio\u0142ach sta\u0142o si\u0119 \u017ar\u00f3d\u0142em kontrowersji&#8221;, biskup w li\u015bcie datowanym 19 lipca 2009 roku i umieszczonym na witrynie Diecezji stwierdza, \u017ce &#8222;nasi wierni, [&hellip;]","protected":false},"author":1,"featured_media":0,"comment_status":"closed","ping_status":"closed","sticky":false,"template":"","format":"standard","meta":{"_acf_changed":false,"_monsterinsights_skip_tracking":false,"_monsterinsights_sitenote_active":false,"_monsterinsights_sitenote_note":"","_monsterinsights_sitenote_category":0,"ngg_post_thumbnail":0,"footnotes":"","_wp_rev_ctl_limit":""},"categories":[4],"tags":[119,79],"acf":[],"_links":{"self":[{"href":"https:\/\/www.bibula.com\/index.php?rest_route=\/wp\/v2\/posts\/11511"}],"collection":[{"href":"https:\/\/www.bibula.com\/index.php?rest_route=\/wp\/v2\/posts"}],"about":[{"href":"https:\/\/www.bibula.com\/index.php?rest_route=\/wp\/v2\/types\/post"}],"author":[{"embeddable":true,"href":"https:\/\/www.bibula.com\/index.php?rest_route=\/wp\/v2\/users\/1"}],"replies":[{"embeddable":true,"href":"https:\/\/www.bibula.com\/index.php?rest_route=%2Fwp%2Fv2%2Fcomments&post=11511"}],"version-history":[{"count":0,"href":"https:\/\/www.bibula.com\/index.php?rest_route=\/wp\/v2\/posts\/11511\/revisions"}],"wp:attachment":[{"href":"https:\/\/www.bibula.com\/index.php?rest_route=%2Fwp%2Fv2%2Fmedia&parent=11511"}],"wp:term":[{"taxonomy":"category","embeddable":true,"href":"https:\/\/www.bibula.com\/index.php?rest_route=%2Fwp%2Fv2%2Fcategories&post=11511"},{"taxonomy":"post_tag","embeddable":true,"href":"https:\/\/www.bibula.com\/index.php?rest_route=%2Fwp%2Fv2%2Ftags&post=11511"}],"curies":[{"name":"wp","href":"https:\/\/api.w.org\/{rel}","templated":true}]}}