{"id":115097,"date":"2020-06-28T11:17:45","date_gmt":"2020-06-28T15:17:45","guid":{"rendered":"http:\/\/www.bibula.com\/?p=115097"},"modified":"2020-06-28T11:18:01","modified_gmt":"2020-06-28T15:18:01","slug":"mariusz-dzierzawski-naszych-wolontariuszy-zaatakowali-teczowi-bandyci","status":"publish","type":"post","link":"https:\/\/www.bibula.com\/?p=115097","title":{"rendered":"Mariusz Dzier\u017cawski: naszych wolontariuszy zaatakowali \u201et\u0119czowi bandyci&#8221;"},"content":{"rendered":"<p><strong>Wolontariusze Fundacji Pro &#8211; Prawo do \u0179ycia zostali zaatakowani w samym centrum Warszawy. Napastnicy poci\u0119li plandek\u0119 samochodu nale\u017c\u0105cego do organizacji, a tak\u017ce przebili opony. Zdarzenie komentuje Mariusz Dzier\u017cawski, kt\u00f3ry podkre\u015bla, \u017ce sprawcy ataku to inspirowani ideologicznie \u201et\u0119czowi bandyci\u201d.<\/strong><\/p>\r\n<p>Do szokuj\u0105cego zdarzenia dosz\u0142o w sobot\u0119. Samoch\u00f3d Fundacji Pro &#8211; Prawo do \u0179ycia zosta\u0142 zatrzymany na samym \u015brodku przejazdu tramwajowego na Placu Zbawiciela. To kolejna tego typu aktywno\u015b\u0107 ze strony lewicowych aktywist\u00f3w, kt\u00f3rzy nie akceptuj\u0105 wolno\u015bci wypowiedzi, hase\u0142 pro life czy innych przedstawianych przez obro\u0144c\u00f3w \u017cycia. Tym razem jednak nie sko\u0144czy\u0142o si\u0119 na zwyk\u0142ym zatrzymaniu furgonetki. Napastnicy zaatakowali bowiem wolontariuszy organizacji. Co wi\u0119cej, lewicowi aktywi\u015bci mieli przy sobie no\u017ce.<\/p>\r\n<p>&#8211; To s\u0105 po prostu inspirowani ideologicznie t\u0119czowi bandyci &#8211; m\u00f3wi o napastnikach Mariusz Dzier\u017cawski z Fundacji Pro &#8211; Prawo do \u0179ycia. W rozmowie z portalem PCh24.pl zauwa\u017ca, \u017ce ca\u0142e zaj\u015bcie mog\u0142o zrodzi\u0107 bardzo powa\u017cne konsekwencje. &#8211; T\u0119czowi bandyci zablokowali nasz\u0105 furgonetk\u0119 bezpo\u015brednio na torach tramwajowych. Ca\u0142e szcz\u0119\u015bcie motorniczy zatrzyma\u0142 pojazd, ale ewentualne zderzenie mog\u0142o by\u0107 niezwykle niebezpieczne. A wi\u0119c bandyci narazili \u017cycie naszego kierowcy &#8211; t\u0142umaczy Mariusz Dzier\u017cawski.<\/p>\r\n<p>Dodaje, \u017ce kilka chwil p\u00f3\u017aniej mia\u0142 miejsce kolejny atak na wolontariuszy Fundacji Pro &#8211; Prawo do \u0179ycia. Furgonetka z napisem \u201eStop Pedofilii\u201d zosta\u0142a zatrzymana na ul. Wilczej, w pobli\u017cu nielegalnego squatu. Dzier\u017cawski opisuje, \u017ce w jednej chwili na ulicy pojawili si\u0119 napastnicy z no\u017cami, kt\u00f3rzy zniszczyli plandek\u0119 znajduj\u0105c\u0105 si\u0119 na samochodzie. &#8211; Kiedy nasza furgonetka przeje\u017cd\u017ca\u0142a ulic\u0105 Wilcz\u0105 ponownie uniemo\u017cliwiono jej przejazd. Kilka, a mo\u017ce nawet kilkana\u015bcie os\u00f3b zacz\u0119\u0142o ci\u0105\u0107 j\u0105 no\u017cami &#8211; m\u00f3wi.<\/p>\r\n<p>&#8211; Kiedy jeden z wolontariuszy wyszed\u0142 z samochodu, kilka os\u00f3b rzuci\u0142o si\u0119 na niego i powalili go na ziemi\u0119. To by\u0142 po prostu bandycki napad, a bandyci mieli w r\u0119ku no\u017ce. To jest bardzo powa\u017cna sytuacja. Mog\u0119 z ca\u0142\u0105 odpowiedzialno\u015bci\u0105 powiedzie\u0107, \u017ce \u017cycie naszych koleg\u00f3w by\u0142o zagro\u017cone &#8211; podkre\u015bla Mariusz Dzier\u017cawski. Jednocze\u015bnie zauwa\u017ca, \u017ce w ca\u0142ej sytuacji biernie zachowa\u0142a si\u0119 policja, kt\u00f3ra nie zainterweniowa\u0142a we w\u0142a\u015bciwy spos\u00f3b.<\/p>\r\n<p>&#8211; Dziwi mnie bierno\u015b\u0107 policji, kt\u00f3ra nie zareagowa\u0142a. Ten napad na ul. Wilczej mia\u0142 miejsce wkr\u00f3tce po zablokowaniu przejazdu furgonetki na Placu Zbawiciela. Generalnie jest tak, \u017ce ci \u201et\u0119czowi bandyci\u201d s\u0105 traktowani przez policj\u0119 z wielk\u0105 wyrozumia\u0142o\u015bci\u0105. Mieli\u015bmy okazj\u0119 si\u0119 o tym przekona\u0107 przy okazji zbi\u00f3rki podpis\u00f3w pod projektem \u201eStop Pedofilii\u201d &#8211; t\u0142umaczy.<\/p>\r\n<p>&#8211; W tym miejscu pojawia si\u0119 zatem pytanie, kt\u00f3re kieruj\u0119 do komendanta g\u0142\u00f3wnego policji. Czy uwa\u017ca pan, \u017ce \u201et\u0119czowi bandyci\u201d maj\u0105 okre\u015bla\u0107 co wolno, a czego nie wolno m\u00f3wi\u0107 i pokazywa\u0107 na ulicach polskich miast? &#8211; zastanawia si\u0119 Dzier\u017cawski, kt\u00f3ry dodaje, \u017ce niekt\u00f3rzy ze sprawc\u00f3w napadu s\u0105 dobrze znani i je\u015bli policja zechce podj\u0105\u0107 konkretne dzia\u0142ania, nie b\u0119dzie mia\u0142a problemu z tym, aby ich namierzy\u0107 i uj\u0105\u0107.<\/p>\r\n<p>\u0179r\u00f3d\u0142o: w\u0142asne PCh24.pl<\/p>\r\n<p>WMa<\/p>","protected":false},"excerpt":{"rendered":"Wolontariusze Fundacji Pro &#8211; Prawo do \u0179ycia zostali zaatakowani w samym centrum Warszawy. Napastnicy poci\u0119li plandek\u0119 samochodu nale\u017c\u0105cego do organizacji, a tak\u017ce przebili opony. Zdarzenie komentuje Mariusz Dzier\u017cawski, kt\u00f3ry podkre\u015bla, \u017ce sprawcy ataku to inspirowani ideologicznie \u201et\u0119czowi bandyci\u201d. Do szokuj\u0105cego zdarzenia dosz\u0142o w sobot\u0119. Samoch\u00f3d Fundacji Pro &#8211; Prawo do \u0179ycia zosta\u0142 zatrzymany na samym [&hellip;]","protected":false},"author":1,"featured_media":0,"comment_status":"closed","ping_status":"closed","sticky":false,"template":"","format":"standard","meta":{"_acf_changed":false,"_monsterinsights_skip_tracking":false,"_monsterinsights_sitenote_active":false,"_monsterinsights_sitenote_note":"","_monsterinsights_sitenote_category":0,"ngg_post_thumbnail":0,"footnotes":"","_wp_rev_ctl_limit":""},"categories":[8],"tags":[410,114,26,98],"acf":[],"_links":{"self":[{"href":"https:\/\/www.bibula.com\/index.php?rest_route=\/wp\/v2\/posts\/115097"}],"collection":[{"href":"https:\/\/www.bibula.com\/index.php?rest_route=\/wp\/v2\/posts"}],"about":[{"href":"https:\/\/www.bibula.com\/index.php?rest_route=\/wp\/v2\/types\/post"}],"author":[{"embeddable":true,"href":"https:\/\/www.bibula.com\/index.php?rest_route=\/wp\/v2\/users\/1"}],"replies":[{"embeddable":true,"href":"https:\/\/www.bibula.com\/index.php?rest_route=%2Fwp%2Fv2%2Fcomments&post=115097"}],"version-history":[{"count":0,"href":"https:\/\/www.bibula.com\/index.php?rest_route=\/wp\/v2\/posts\/115097\/revisions"}],"wp:attachment":[{"href":"https:\/\/www.bibula.com\/index.php?rest_route=%2Fwp%2Fv2%2Fmedia&parent=115097"}],"wp:term":[{"taxonomy":"category","embeddable":true,"href":"https:\/\/www.bibula.com\/index.php?rest_route=%2Fwp%2Fv2%2Fcategories&post=115097"},{"taxonomy":"post_tag","embeddable":true,"href":"https:\/\/www.bibula.com\/index.php?rest_route=%2Fwp%2Fv2%2Ftags&post=115097"}],"curies":[{"name":"wp","href":"https:\/\/api.w.org\/{rel}","templated":true}]}}