{"id":114986,"date":"2020-06-24T09:18:45","date_gmt":"2020-06-24T13:18:45","guid":{"rendered":"http:\/\/www.bibula.com\/?p=114986"},"modified":"2020-06-24T09:18:45","modified_gmt":"2020-06-24T13:18:45","slug":"jeden-z-najwazniejszych-brytyjskich-orderow-jest-rasistowski-aktywisci-zadaja-jego-przeprojektowania","status":"publish","type":"post","link":"https:\/\/www.bibula.com\/?p=114986","title":{"rendered":"Jeden z najwa\u017cniejszych brytyjskich order\u00f3w jest rasistowski? Aktywi\u015bci \u017c\u0105daj\u0105 jego przeprojektowania"},"content":{"rendered":"<p><strong>W sieci pojawi\u0142a si\u0119 petycja wzywaj\u0105ca do przeprojektowania jednego z najwy\u017cszych brytyjskich odznacze\u0144 &#8211; Orderu \u015bw. Micha\u0142a i \u015bw. Jerzego. Zdaniem aktywist\u00f3w zainspirowanych akcj\u0105 Black Lives Matter scena przedstawiona na awersie orderu przypomina zab\u00f3jstwo George\u2019a Floyda &#8211; poinformowa\u0142 w poniedzia\u0142ek Guardian.<\/strong><\/p>\r\n<p><img fetchpriority=\"high\" decoding=\"async\" class=\"aligncenter\" src=\"https:\/\/kresy.pl\/wp-content\/uploads\/2020\/06\/1024px-KCMG_star_AEACollections-970x542.jpg\" width=\"600\" height=\"335\"><\/p>\r\n<p style=\"text-align: center;\"><em>Order \u015awi\u0119tego Micha\u0142a i \u015awi\u0119tego Jerzego (stopie\u0144 Knight Commander). \u00c5\u00b9r. Wikimedia<\/em><\/p>\r\n<p>Order \u015bw. Micha\u0142a i \u015bw. Jerzego zosta\u0142 ustanowiony w 1818 roku. Brytyjscy monarchowie osobi\u015bcie przyznaj\u0105 go ambasadorom, dyplomatom i innym wysokim urz\u0119dnikom Foreign Office za s\u0142u\u017cb\u0119 dyplomatyczn\u0105 za granic\u0105. Na awersie orderu przedstawiono \u015bw. Micha\u0142a Archanio\u0142a depcz\u0105cego szatana. Jednak osoby popieraj\u0105ce przeprojektowanie orderu dostrzeg\u0142y w tej scenie podtekst rasistowski.<\/p>\r\n<p>W petycji zamieszczonej na stronie internetowej change.org napisano: \u201eTo bardzo obra\u017aliwy obraz, [kt\u00f3ry] przypomina tak\u017ce <a href=\"https:\/\/kresy.pl\/wydarzenia\/regiony\/ameryka\/zamieszki-w-minneapolis-splonal-komisariat-policji-trump-grozi-strzelaniem-video\/\">niedawne morderstwo George\u2019a Floyda przez bia\u0142ego policjanta<\/a> w taki sam spos\u00f3b, jak zaprezentowano na medalu. My, ni\u017cej podpisani, wzywamy do ca\u0142kowitego przeprojektowania tego medalu w bardziej odpowiedni spos\u00f3b i do z\u0142o\u017cenia oficjalnych przeprosin za pope\u0142nion\u0105 zniewag\u0119\u201d.<\/p>\r\n<p>Guardian zacytowa\u0142 tak\u017ce opini\u0119 Bumi Thomas, brytyjskiej piosenkarki nigeryjskiego pochodzenia, kt\u00f3ra uwa\u017ca, \u017ce scena na orderze niesie podprogowy rasistowski przekaz. \u201eTo nie jest demon, to jest czarny m\u0119\u017cczyzna w \u0142a\u0144cuchach z bia\u0142\u0105, niebieskook\u0105 postaci\u0105 stoj\u0105c\u0105 na jego karku. To jest dos\u0142ownie to, co przydarzy\u0142o si\u0119 George\u2019owi Floydowi i to, co przydarza si\u0119 czarnym od stuleci pod pozorem misji dyplomatycznych\u2026\u201d &#8211; stwierdzi\u0142a Thomas. Piosenkark\u0119 oburzy\u0142o, \u017ce obraz ten jest nie tylko akceptowany, ale tak\u017ce wi\u0105\u017ce si\u0119 z jednym z najwy\u017cszych odznacze\u0144 w Wielkiej Brytanii, co uzna\u0142a za wynik \u201einstytucjonalnego rasizmu\u201d. W opinii Thomas order powinien zosta\u0107 przeprojektowany tak, by odzwierciedla\u0142 \u201ebardziej post\u0119powy, holistyczny zwi\u0105zek mi\u0119dzy Wielk\u0105 Brytani\u0105 a narodami Wsp\u00f3lnoty Narod\u00f3w\u201d.<\/p>\r\n<p>Do przeprojektowania orderu wezwa\u0142 te\u017c Sir Simon Woolley, za\u0142o\u017cyciel i szef organizacji Operation Black Vote. \u201ePierwotny obraz m\u00f3g\u0142 przedstawia\u0107 \u015bw. Micha\u0142a zabijaj\u0105cego szatana, ale posta\u0107 ta nie ma rog\u00f3w ani ogona i jest wyra\u017anie czarnym m\u0119\u017cczyzn\u0105. Jest to szokuj\u0105ce przedstawienie, a jeszcze bardziej szokuj\u0105ce jest to, \u017ce obraz ten mo\u017cna wr\u0119cza\u0107 ambasadorom reprezentuj\u0105cym ten kraj za granic\u0105\u201d &#8211; uwa\u017ca Wooley.<\/p>\r\n<p>Obecnie petycj\u0119 o zmian\u0119 wygl\u0105du orderu podpisa\u0142o na stronie change.org 5710 os\u00f3b.<\/p>\r\n<ul>\r\n\t<li>CZYTAJ TAK\u0179E: <a href=\"https:\/\/kresy.pl\/wydarzenia\/regiony\/europa-zachodnia\/w-paryzu-na-fali-protestow-black-lives-matter-oblano-farba-pomnik-wroga-kosciola-i-polski\/\">W Pary\u017cu na fali protest\u00f3w Black Lives Matter oblano farb\u0105 pomnik wroga Ko\u015bcio\u0142a i Polski<\/a><\/li>\r\n<\/ul>\r\n<p>Kresy.pl \/ <a href=\"https:\/\/www.theguardian.com\/uk-news\/2020\/jun\/22\/calls-for-redesign-of-royal-honour-over-offensive-image\" target=\"_blank\" rel=\"noopener noreferrer\">Guardian<\/a><\/p>\r\n<p class=\"zrodlo\">Za: <a href=\"https:\/\/kresy.pl\/wydarzenia\/regiony\/europa-zachodnia\/jeden-z-najwazniejszych-brytyjskich-orderow-jest-rasistowski-aktywisci-zadaja-jego-przeprojektowania\/\">Kresy.pl (24 czerwca 2020)<\/a><\/p>\r\n<h4>&nbsp;<\/h4>\r\n<hr style=\"background-color: #000000; border-width: 0; color: #000000; height: 2px; line-height: 0; text-align: center; width: 100%;\">\r\n<h4>&nbsp;<\/h4>\r\n<h2>Archanio\u0142 Micha\u0142 pokonuj\u0105cy Szatana rasist\u0105? Black Lives Matter: to przypomina \u015bmier\u0107 Floyda<\/h2>\r\n<p><strong>W sieci pojawi\u0142a si\u0119 kampania nawo\u0142uj\u0105ca do przeprojektowania jednego z najwa\u017cniejszych brytyjskich odznacze\u0144 &#8211; Orderu \u015bw. Micha\u0142a i \u015bw. Jerzego. Zdaniem inicjator\u00f3w scena Archanio\u0142a Micha\u0142a trzymaj\u0105cego nog\u0119 na g\u0142owie szatana przypomina \u015bmier\u0107 George&#8217;a Floyda i symbolizuje tryumf bia\u0142ego cz\u0142owieka nad skutym czarnosk\u00f3rym m\u0119\u017cczyzn\u0105.<\/strong><\/p>\r\n<p>Order \u015awi\u0119tego Micha\u0142a i \u015awi\u0119tego Jerzego tradycyjnie przyznaje si\u0119 ambasadorom i dyplomatom oraz wy\u017cszym urz\u0119dnikom MSZ s\u0142u\u017c\u0105cym za granic\u0105. W sieci na stronie change.org pojawi\u0142a si\u0119 petycja o przeprojektowanie s\u0142ynnego wizerunku. Zdaniem inicjator\u00f3w scena zbytnio przypomina \u015bmier\u0107 Georga Floyda, kt\u00f3ry przez prawie dziewi\u0119\u0107 minut le\u017ca\u0142 z kolanem policjanta na swoim karku, co ostatecznie doprowadzi\u0142o do jego uduszenia.<\/p>\r\n<p>Petycja, zapocz\u0105tkowana przez Tracy Reeve, m\u00f3wi: \u201eTo obraz bardzo ofensywny, przypomina tak\u017ce niedawne morderstwo George&#8217;a Floyda przez bia\u0142ego policjanta. My, ni\u017cej podpisani, wzywamy do ca\u0142kowitego przeprojektowania tego medalu w bardziej odpowiedni spos\u00f3b i do z\u0142o\u017cenia oficjalnych przeprosin za pope\u0142nione przest\u0119pstwo\u201d.<\/p>\r\n<p>Osoby wspieraj\u0105ce akcj\u0119 zaznaczaj\u0105, \u017ce scena nie ukazuje demona, ale czarnego m\u0119\u017cczyzn\u0119 w \u0142a\u0144cuchach, na kt\u00f3rym stoi wyra\u017anie bia\u0142a, niebieskooka posta\u0107. \u201eTo dos\u0142ownie to, co przydarzy\u0142o si\u0119 George&#8217;owi Floydowi i to, co przytrafia\u0142o si\u0119 czarnym od stuleci pod pozorem misji dyplomatycznych: aktywne, podprogowe przekazy, kt\u00f3re wzmacniaj\u0105 podb\u00f3j, ujarzmienie i odcz\u0142owieczenie ludzi kolorowych\u201d &#8211; uwa\u017ca Bumi Thomas, brytyjski piosenkarz o nigeryjskich korzeniach.<\/p>\r\n<p>Inicjatorzy akcji odczytuj\u0105 scen\u0119 jako symbol zinstytucjonalizowanego rasizmu, kt\u00f3rego prawdziwe znaczenie to ca\u0142kowita dominacja bia\u0142ego cz\u0142owieka nad skolonizowanymi ludami. Sama zmiana wizerunku to zdaniem aktywist\u00f3w dopiero pocz\u0105tek. \u201ePrzesz\u0142o\u015b\u0107 opowiada o tera\u017aniejszo\u015bci i dlatego symbolizuje wszystko, z czym walczy Black Lives Matter. To zarazem wyzwanie i okazja. Wyzwanie do uznania tego dziedzictwa, ale i okazja do jego naprawy. \u0141atwo jest pozby\u0107 si\u0119 takiego wizerunku, ale osobi\u015bcie opowiadam si\u0119 za rekonstrukcj\u0105 w stylu root-and-branch (dos\u0142. korze\u0144 i ga\u0142\u0105\u017a), poniewa\u017c wi\u0119kszo\u015b\u0107 instytucji tworzonych przez brytyjskie imperium wci\u0105\u017c istnieje\u201d &#8211; przekonuje Simon Woolley, dyrektor i jeden z za\u0142o\u017cycieli Operation Black Vote.<\/p>\r\n<p>\u0179r\u00f3d\u0142a: polskieradio24.pl \/ theguardian.com<\/p>\r\n<p>PR<\/p>\r\n<p class=\"zrodlo\">Za: <a href=\"https:\/\/www.pch24.pl\/archaniol-michal-pokonujacy-szatana-rasista--black-lives-matter--to-przypomina-smierc-floyda,76767,i.html\">PoloniaChristiana &#8211; pch24.pl (2020-06-24)<\/a><\/p>\r\n<h4>&nbsp;<\/h4>\r\n<hr style=\"background-color: #000000; border-width: 0; color: #000000; height: 2px; line-height: 0; text-align: center; width: 100%;\">\r\n<h4>&nbsp;<\/h4>","protected":false},"excerpt":{"rendered":"W sieci pojawi\u0142a si\u0119 petycja wzywaj\u0105ca do przeprojektowania jednego z najwy\u017cszych brytyjskich odznacze\u0144 &#8211; Orderu \u015bw. Micha\u0142a i \u015bw. Jerzego. Zdaniem aktywist\u00f3w zainspirowanych akcj\u0105 Black Lives Matter scena przedstawiona na awersie orderu przypomina zab\u00f3jstwo George\u2019a Floyda &#8211; poinformowa\u0142 w poniedzia\u0142ek Guardian. Order \u015awi\u0119tego Micha\u0142a i \u015awi\u0119tego Jerzego (stopie\u0144 Knight Commander). \u00c5\u00b9r. Wikimedia Order \u015bw. Micha\u0142a [&hellip;]","protected":false},"author":1,"featured_media":0,"comment_status":"closed","ping_status":"closed","sticky":false,"template":"","format":"standard","meta":{"_acf_changed":false,"_monsterinsights_skip_tracking":false,"_monsterinsights_sitenote_active":false,"_monsterinsights_sitenote_note":"","_monsterinsights_sitenote_category":0,"ngg_post_thumbnail":0,"footnotes":"","_wp_rev_ctl_limit":""},"categories":[12],"tags":[100,25,31,20,220],"acf":[],"_links":{"self":[{"href":"https:\/\/www.bibula.com\/index.php?rest_route=\/wp\/v2\/posts\/114986"}],"collection":[{"href":"https:\/\/www.bibula.com\/index.php?rest_route=\/wp\/v2\/posts"}],"about":[{"href":"https:\/\/www.bibula.com\/index.php?rest_route=\/wp\/v2\/types\/post"}],"author":[{"embeddable":true,"href":"https:\/\/www.bibula.com\/index.php?rest_route=\/wp\/v2\/users\/1"}],"replies":[{"embeddable":true,"href":"https:\/\/www.bibula.com\/index.php?rest_route=%2Fwp%2Fv2%2Fcomments&post=114986"}],"version-history":[{"count":0,"href":"https:\/\/www.bibula.com\/index.php?rest_route=\/wp\/v2\/posts\/114986\/revisions"}],"wp:attachment":[{"href":"https:\/\/www.bibula.com\/index.php?rest_route=%2Fwp%2Fv2%2Fmedia&parent=114986"}],"wp:term":[{"taxonomy":"category","embeddable":true,"href":"https:\/\/www.bibula.com\/index.php?rest_route=%2Fwp%2Fv2%2Fcategories&post=114986"},{"taxonomy":"post_tag","embeddable":true,"href":"https:\/\/www.bibula.com\/index.php?rest_route=%2Fwp%2Fv2%2Ftags&post=114986"}],"curies":[{"name":"wp","href":"https:\/\/api.w.org\/{rel}","templated":true}]}}