{"id":114983,"date":"2020-06-23T15:55:00","date_gmt":"2020-06-23T19:55:00","guid":{"rendered":"http:\/\/www.bibula.com\/?p=114983"},"modified":"2020-06-25T21:10:52","modified_gmt":"2020-06-26T01:10:52","slug":"michalkiewicz-braun-sosnierz-i-bakiewicz-pod-palacem-prezydenckim-wielki-apel-by-andrzej-duda-zdecydowanie-przeciwstawil-sie-roszczeniom-zydowskim","status":"publish","type":"post","link":"https:\/\/www.bibula.com\/?p=114983","title":{"rendered":"Michalkiewicz, Braun, So\u015bnierz i B\u0105kiewicz pod Pa\u0142acem Prezydenckim. Wielki apel, by Andrzej Duda zdecydowanie przeciwstawi\u0142 si\u0119 roszczeniom \u017cydowskim"},"content":{"rendered":"<p><strong>Przed Pa\u0142acem Prezydenckim odby\u0142a si\u0119 pikieta organizowana przez Roty Niepodleg\u0142o\u015bci. Uczestnicy manifestacji apelowali do prezydenta Andrzeja Dudy, by podczas wizyty w USA i rozmowie z Donaldem Trumpem jasno przeciwstawi\u0142 si\u0119 roszczeniom organizacji \u017cydowskich &#8211; ustawie 447 Just Act.<\/strong><\/p>\r\n<p><img fetchpriority=\"high\" decoding=\"async\" class=\"aligncenter\" src=\"https:\/\/nczas.com\/wp-content\/uploads\/2020\/06\/stop447-pikieta-696x464.jpg\" width=\"599\" height=\"399\"><\/p>\r\n<p style=\"text-align: center;\"><em>Pikieta pod Pa\u0142acem Prezydenckim przeciwko ustawie 447 Just Act. (Fot. Twitter\/Tomasz Kalinowski)<\/em><\/p>\r\n<p>&#8211; <em>Ameryka\u0144ska ustawa, kt\u00f3ra otwiera drog\u0119 do projektu obrabowania Polski, jest bardzo niebezpieczna<\/em> &#8211; m\u00f3wi\u0142 publicysta \u201eNajwy\u017cszego Czasu!\u201d, Stanis\u0142aw Michalkiewicz, kt\u00f3ry jako pierwszy w Polsce poinformowa\u0142 o powstaniu w USA ustawy 447 Just Act.<\/p>\r\n<p>W manifestacji udzia\u0142 wzi\u0119li m.in. pos\u0142owie Konfederacji Grzegorz Braun i Dobromir So\u015bnierz czy prezes Rot Niepodleg\u0142o\u015bci, Robert B\u0105kiewicz.<\/p>\r\n<blockquote class=\"twitter-tweet\">\r\n<p>Pod Pa\u0142acem Prezydenckim dopingowali\u015bmy PAD aby w rozmowach z Trumpem wyrazi\u0142 jasny sprzeciw wobec ustawy Just Act. Prezydencie nie zap\u0142acimy! <a href=\"https:\/\/twitter.com\/hashtag\/STOP447?src=hash&amp;ref_src=twsrc%5Etfw\">#STOP447<\/a> <a href=\"https:\/\/t.co\/3OjqNxJgWc\">pic.twitter.com\/3OjqNxJgWc<\/a><\/p>\r\n\r\n\u201d\u201d Tomasz Kalinowski (@kalinowski__) <a href=\"https:\/\/twitter.com\/kalinowski__\/status\/1275481408639811584?ref_src=twsrc%5Etfw\">June 23, 2020<\/a><\/blockquote>\r\n<p><script async=\"\" src=\"https:\/\/platform.twitter.com\/widgets.js\" charset=\"utf-8\"><\/script><\/p>\r\n<p>Wcze\u015bniej na <a href=\"https:\/\/nczas.com\/2020\/06\/23\/korwin-mikke-braun-winnicki-liderzy-konfederacji-apeluja-do-prezydenta-dudy-to-polska-poniosla-strate-a-nie-izrael\/\">konferencji prasowej<\/a> g\u0142os zabra\u0142 r\u00f3wnie\u017c Janusz Korwin-Mikke, prezes partii KORWiN i pose\u0142 z ramienia Konfederacji.<\/p>\r\n<p>&#8211; <em>Ludzie pomordowani w holocau\u015bcie to byli obywatele polscy, a nie obywatele pa\u0144stwa Izrael. Pa\u0144stwo Izrael nie ma z tym nic wsp\u00f3lnego. To byli obywatele polscy i to Polska ponios\u0142a strat\u0119<\/em> &#8211; powiedzia\u0142 Korwin-Mikke i zaznaczy\u0142, \u017ce w\u0142a\u015bnie to powinien powiedzie\u0107 prezydent Andrzej Duda swojemu ameryka\u0144skiemu odpowiednikowi.<\/p>\r\n<p>Prawo i Sprawiedliwo\u015b\u0107 od wielu miesi\u0119cy usilnie twierdzi\u0142o, \u017ce tematu zwrotu bezdziedzicznego mienia \u017cydowskiego nie ma. Dlatego te\u017c nie ma w og\u00f3le o czym dyskutowa\u0107. W kampanii wyborczej \u201eWiadomo\u015bci TVP\u201d poruszy\u0142y jednak temat i zasugerowa\u0142y, \u017ce <a href=\"https:\/\/nczas.com\/2020\/06\/16\/halo-pis-sa-te-roszczenia-zydowskie-czy-nie-bo-mowiliscie-ze-nie-ma-a-teraz-ze-po-chce-je-placic\/\">Rafa\u0142 Trzaskowski sp\u0142aci\u0142by roszczenia<\/a>.<\/p>\r\n<p>Utrzymywana przez wiele miesi\u0119cy narracja PiS-u o tym, \u017ce nie ma si\u0119 czego obawia\u0107, ca\u0142kowicie upad\u0142a kilka dni temu. <a href=\"https:\/\/nczas.com\/2020\/06\/22\/departament-stanu-usa-przyznaje-trwaja-rozmowy-z-rzadem-pis-w-sprawie-roszczen-zydowskich\/\">Departament Stanu USA przyzna\u0142 bowiem, \u017ce trwaj\u0105 rozmowy z rz\u0105dem PiS w sprawie roszcze\u0144 \u017cydowskich<\/a>.<\/p>\r\n<blockquote class=\"twitter-tweet\">\r\n<p>W\u0142a\u015bnie zako\u0144czyli\u015bmy pikiet\u0119 pod Pa\u0142acem Prezydenckim. Wezwali\u015bmy <a href=\"https:\/\/twitter.com\/AndrzejDuda?ref_src=twsrc%5Etfw\">@AndrzejDuda<\/a> aby podczas spotkania z Donaldem Trumpem jasno sprzeciwi\u0142 si\u0119 roszczeniom organizacji \u017cydowskich <a href=\"https:\/\/twitter.com\/hashtag\/STOP447?src=hash&amp;ref_src=twsrc%5Etfw\">#STOP447<\/a> <a href=\"https:\/\/t.co\/3B94BfbpNm\">pic.twitter.com\/3B94BfbpNm<\/a><\/p>\r\n\r\n\u201d\u201d Roty Niepodleg\u0142o\u015bci (@RotyMN) <a href=\"https:\/\/twitter.com\/RotyMN\/status\/1275480420138790914?ref_src=twsrc%5Etfw\">June 23, 2020<\/a><\/blockquote>\r\n<p><script async=\"\" src=\"https:\/\/platform.twitter.com\/widgets.js\" charset=\"utf-8\"><\/script><\/p>\r\n<h4>Ustawa 447 JUST &#8211; co to jest?<\/h4>\r\n<p>&#8222;Ustawa 447\u201d (S.447 &#8211; Justice for Uncompensated Survivors Today\/JUST Act &#8211; &#8222;sprawiedliwo\u015b\u0107 dla ofiar, kt\u00f3rym nie zado\u015b\u0107 uczyniono\u201d) to ameryka\u0144ska ustawa, kt\u00f3ra dotyczy restytucji mienia ofiar Holocaustu. W maju 2018 roku zosta\u0142a podpisana przez prezydenta USA, Donalda Trumpa. Jest konsekwencj\u0105 Deklaracji Terezi\u0144skiej, sygnowanej przez 46 pa\u0144stw, w tym Polsk\u0119, w czerwcu 2009 roku.<\/p>\r\n<p><strong>Z ustawy wynikaj\u0105 dwie konsekwencje:<\/strong><\/p>\r\n<p>1. zobowi\u0105zanie Departamentu Stanu USA do z\u0142o\u017cenia sprawozdania na temat sytuacji zwrotu mienia po\u017cydowskiego,<br>\r\n2. ustawa jest podstaw\u0105 prawn\u0105 do tego, \u017ceby USA poprzez swoje kana\u0142y dyplomatyczne wspiera\u0142y odzyskiwanie po\u017cydowskich maj\u0105tk\u00f3w bezspadkowych. Stany Zjednoczone maj\u0105 wspomaga\u0107 mi\u0119dzynarodowe organizacje wspieraj\u0105ce ofiary Holocaustu.<\/p>\r\n<h4>Ustawa 447 JUST &#8211; co nam grozi?<\/h4>\r\n<p><strong>Po pierwsze<\/strong>, ustawa budzi polski sprzeciw, poniewa\u017c jest niezgodna z polskim i mi\u0119dzynarodowym prawem. Wed\u0142ug tych og\u00f3lnie przyj\u0119tych regulacji mienie bezspadkowe, czyli takie, do kt\u00f3rego nie ma spadkobierc\u00f3w, przechodzi na Skarb Pa\u0144stwa danego kraju, natomiast organizacje \u017cydowskie roszcz\u0105 sobie pretensje na podstawie prawa krwi.<\/p>\r\n<p><strong>Po drugie<\/strong>, nie ma powodu, dla kt\u00f3rego Polacy mieliby komukolwiek wyp\u0142aca\u0107 jakiekolwiek sumy &#8211; nasz nar\u00f3d podczas II wojny \u015bwiatowej poni\u00f3s\u0142 najwi\u0119ksze straty osobowe. To sprawcy, a nie ofiary, s\u0105 zobowi\u0105zani do wyp\u0142acenia odszkodowa\u0144.<\/p>\r\n<p><strong>Po trzecie<\/strong>, kwoty roszcze\u0144 organizacji \u017cydowskich si\u0119gaj\u0105 nawet 300 miliard\u00f3w dolar\u00f3w &#8211; to trzykrotno\u015b\u0107 rocznego bud\u017cetu Polski! Wyp\u0142acenie takiej sumy oznacza\u0142oby kompletne bankructwo i upadek gospodarczy naszego kraju lub przej\u0119cie polskiego mienia przez organizacje \u017cydowskie.<\/p>\r\n<p class=\"zrodlo\">Za: <a href=\"https:\/\/nczas.com\/2020\/06\/23\/michalkiewicz-braun-sosnierz-i-bakiewicz-pod-palacem-prezydenckim-wielki-apel-by-andrzej-duda-zdecydowanie-przeciwstawil-sie-roszczeniom-zydowskim-foto\/\">Najwy\u017cszy Czas! (23 czerwca 2020)<\/a> &#8211; [Org. tytu\u0142: \u00abMichalkiewicz, Braun, So\u015bnierz i B\u0105kiewicz pod Pa\u0142acem Prezydenckim. Wielki apel, by Andrzej Duda zdecydowanie przeciwstawi\u0142 si\u0119 roszczeniom \u017cydowskim [FOTO]\u00bb]<\/p>\r\n<h4>&nbsp;<\/h4>\r\n<hr style=\"background-color: #000000; border-width: 0; color: #000000; height: 2px; line-height: 0; text-align: center; width: 100%;\">\r\n<h4>&nbsp;<\/h4>","protected":false},"excerpt":{"rendered":"Przed Pa\u0142acem Prezydenckim odby\u0142a si\u0119 pikieta organizowana przez Roty Niepodleg\u0142o\u015bci. Uczestnicy manifestacji apelowali do prezydenta Andrzeja Dudy, by podczas wizyty w USA i rozmowie z Donaldem Trumpem jasno przeciwstawi\u0142 si\u0119 roszczeniom organizacji \u017cydowskich &#8211; ustawie 447 Just Act. Pikieta pod Pa\u0142acem Prezydenckim przeciwko ustawie 447 Just Act. (Fot. Twitter\/Tomasz Kalinowski) &#8211; Ameryka\u0144ska ustawa, kt\u00f3ra otwiera [&hellip;]","protected":false},"author":1,"featured_media":0,"comment_status":"closed","ping_status":"closed","sticky":false,"template":"","format":"standard","meta":{"_acf_changed":false,"_monsterinsights_skip_tracking":false,"_monsterinsights_sitenote_active":false,"_monsterinsights_sitenote_note":"","_monsterinsights_sitenote_category":0,"ngg_post_thumbnail":0,"footnotes":"","_wp_rev_ctl_limit":""},"categories":[8],"tags":[349,344,22,53,34,221],"acf":[],"_links":{"self":[{"href":"https:\/\/www.bibula.com\/index.php?rest_route=\/wp\/v2\/posts\/114983"}],"collection":[{"href":"https:\/\/www.bibula.com\/index.php?rest_route=\/wp\/v2\/posts"}],"about":[{"href":"https:\/\/www.bibula.com\/index.php?rest_route=\/wp\/v2\/types\/post"}],"author":[{"embeddable":true,"href":"https:\/\/www.bibula.com\/index.php?rest_route=\/wp\/v2\/users\/1"}],"replies":[{"embeddable":true,"href":"https:\/\/www.bibula.com\/index.php?rest_route=%2Fwp%2Fv2%2Fcomments&post=114983"}],"version-history":[{"count":0,"href":"https:\/\/www.bibula.com\/index.php?rest_route=\/wp\/v2\/posts\/114983\/revisions"}],"wp:attachment":[{"href":"https:\/\/www.bibula.com\/index.php?rest_route=%2Fwp%2Fv2%2Fmedia&parent=114983"}],"wp:term":[{"taxonomy":"category","embeddable":true,"href":"https:\/\/www.bibula.com\/index.php?rest_route=%2Fwp%2Fv2%2Fcategories&post=114983"},{"taxonomy":"post_tag","embeddable":true,"href":"https:\/\/www.bibula.com\/index.php?rest_route=%2Fwp%2Fv2%2Ftags&post=114983"}],"curies":[{"name":"wp","href":"https:\/\/api.w.org\/{rel}","templated":true}]}}