{"id":114911,"date":"2020-06-20T09:21:39","date_gmt":"2020-06-20T13:21:39","guid":{"rendered":"http:\/\/www.bibula.com\/?p=114911"},"modified":"2020-06-22T17:48:24","modified_gmt":"2020-06-22T21:48:24","slug":"watykan-zatwierdzil-nowe-wezwania-w-litanii-loretanskiej-co-sie-zmieni","status":"publish","type":"post","link":"https:\/\/www.bibula.com\/?p=114911","title":{"rendered":"Watykan zatwierdzi\u0142 nowe wezwania w Litanii Loreta\u0144skiej. Co si\u0119 zmieni?"},"content":{"rendered":"<p>\u201eNiezliczone s\u0105 tytu\u0142y i wezwania, kt\u00f3re pobo\u017cno\u015b\u0107 chrze\u015bcija\u0144ska w ci\u0105gu dziej\u00f3w zastrzeg\u0142a dla Dziewicy Maryi, kt\u00f3ra jest uprzywilejowan\u0105 i pewn\u0105 drog\u0105 do spotkania z Chrystusem. R\u00f3wnie\u017c w dzisiejszych czasach, naznaczonych niepewno\u015bci\u0105 i zagubieniem, lub Bo\u017cy wyczuwa potrzeb\u0119 pobo\u017cnego, pe\u0142nego mi\u0142o\u015bci i nadziei zwr\u00f3cenia si\u0119 ku Niej\u201d &#8211; czytamy w Li\u015bcie Kongregacji ds. Kultu Bo\u017cego i Dyscypliny Sakrament\u00f3w przes\u0142anym do przewodnicz\u0105cych Konferencji Episkopat\u00f3w.<\/p>\r\n<p>\u201eMaj\u0105c za zadanie rozeznawa\u0107 ten zmys\u0142 ludu Bo\u017cego\u201d &#8211; czytamy w Li\u015bcie Kongregacji &#8211; papie\u017c Franciszek postanowi\u0142 poleci\u0107, aby do formularza Litanii Loreta\u0144skiej w\u0142\u0105czy\u0107 wezwania \u201eMater misericordiae\u201d, \u201eMater spei\u201d i \u201eSolacium Migrantium\u201d.<\/p>\r\n<p>Kongregacja podaje, \u017ce pierwsze wezwanie zostanie umieszczone po \u201eMater Ecclesiae\u201d, drugie po \u201eMater divinae gratiae\u201d, a trzecie po \u201eRefugium peccatorum\u201d.<\/p>\r\n<p>Odnosz\u0105c si\u0119 do Listu Kongregacji, Komisja ds. Kultu Bo\u017cego i Dyscypliny Sakrament\u00f3w KEP przekaza\u0142a w komunikacie, \u017ce wezwanie \u201eMater misericordiae\u201d jest ju\u017c u\u017cywane w polskiej wersji Litanii Loreta\u0144skiej jako \u201eMatko mi\u0142osierdzia\u201d, natomiast dwa pozosta\u0142e wezwania \u201eMater spei\u201d i \u201eSolacium migrantium\u201d, powinny w j\u0119zyku polskim zosta\u0107 zatwierdzone przez Konferencj\u0119 Episkopatu Polski zgodnie z prawem ko\u015bcielnym w ramach kompetencji biskup\u00f3w diecezjalnych (kan. 826).<\/p>\r\n<p>W kwestii wezwania \u201eSolacium Migrantium\u201d czytamy w komunikacie: \u201eS\u0142owo \u201esolacium\u201d mo\u017cna t\u0142umaczy\u0107 na wiele sposob\u00f3w jako \u201epociecha, ulga, pomoc, ratunek, ucieczka\u201d, ale ze wzgl\u0119du na to, \u017ce wezwanie ma si\u0119 znale\u017a\u0107 mi\u0119dzy ju\u017c istniej\u0105cymi \u201eUcieczko grzesznych\u201d a \u201ePocieszycielko strapionych\u201d, dlatego s\u0142owa \u201eucieczka\u201d i \u201epocieszenie\u201d jako ju\u017c zaj\u0119te nie powinny by\u0107 brane pod uwag\u0119, pozostaj\u0105 zatem \u201eulga, pomoc, ratunek\u201d. Obecnie wydaje si\u0119, \u017ce z tych trzech najlepiej brzmi \u201ePomocy migrant\u00f3w\u201d. Co do wyra\u017cenia \u201emigrantes\u201d, posiada ono zasadniczo trzy znaczenia: 1) ci, kt\u00f3rzy w\u0119druj\u0105 (tak\u017ce w poszukiwaniu lepszego losu, a wi\u0119c migranci we wsp\u00f3\u0142czesnym rozumieniu), 2) ci, kt\u00f3rzy si\u0119 wyprowadzaj\u0105, 3) przesiedleni; z tych trzech znacze\u0144 najlepiej w ca\u0142o\u015b\u0107 komponuje si\u0119 to pierwsze\u201d. Dokument podaje propozycj\u0119 t\u0142umaczenia \u201eSolacium migrantium\u201d jako \u201ePomocy migrant\u00f3w \/ Ulgo migrant\u00f3w\u201d.<\/p>\r\n<p>BP KEP<\/p>\r\n<p><strong>Publikujemy pe\u0142n\u0105 tre\u015b\u0107 Listu Kongregacji Stolicy Apostolskiej i Komunikat Komisji Episkopatu:<\/strong><\/p>\r\n<blockquote>\r\n<p>Kongregacja ds. Kultu Bo\u017cego i Dyscypliny Sakrament\u00f3w<\/p>\r\n<p>Prot. N. 296\/20<\/p>\r\n<p>na temat w\u0142\u0105czenia wezwa\u0144 \u201eMater misericordiae\u201d, \u201eMater spei\u201d i \u201eSolacium migrantium\u201d<\/p>\r\n<p>do Litanii Loreta\u0144skiej<\/p>\r\n<p>Z Watykanu, 20 czerwca 2020<\/p>\r\n<p>Wspomnienie Niepokalanego Serca NMP<\/p>\r\n<p>Eminencjo \/ Ekscelencjo<\/p>\r\n<p>Ko\u015bci\u00f3\u0142, kt\u00f3ry pielgrzymuje do Niebieskiego Jeruzalem, aby radowa\u0107 si\u0119 nieroz\u0142\u0105czn\u0105 komuni\u0105 z Chrystusem, swoim Oblubie\u0144cem i Zbawicielem, kroczy po \u015bcie\u017ckach historii polecaj\u0105c si\u0119 Tej, kt\u00f3ra uwierzy\u0142a w s\u0142owa Pa\u0144skie. Wiemy z Ewangelii, \u017ce uczniowie Jezusa nauczyli si\u0119 od samego pocz\u0105tku wychwala\u0107 \u201eb\u0142ogos\u0142awion\u0105 mi\u0119dzy niewiastami\u201d i liczy\u0107 na Jej matczyne po\u015brednictwo. Niezliczone s\u0105 tytu\u0142y i wezwania, kt\u00f3re pobo\u017cno\u015b\u0107 chrze\u015bcija\u0144ska w ci\u0105gu dziej\u00f3w zastrzeg\u0142a dla Dziewicy Maryi, kt\u00f3ra jest uprzywilejowan\u0105 i pewn\u0105 drog\u0105 do spotkania z Chrystusem. R\u00f3wnie\u017c w dzisiejszych czasach, naznaczonych niepewno\u015bci\u0105 i zagubieniem, lub Bo\u017cy wyczuwa potrzeb\u0119 pobo\u017cnego, pe\u0142nego mi\u0142o\u015bci i nadziei zwr\u00f3cenia si\u0119 ku Niej.<\/p>\r\n<p>Maj\u0105c za zadanie rozeznawa\u0107 ten zmys\u0142 ludu Bo\u017cego, Jego \u015awi\u0105tobliwo\u015b\u0107 Papie\u017c Franciszek, uznaj\u0105c wyra\u017cone pragnienia, postanowi\u0142 poleci\u0107, aby do formularza Litanii zwanej \u201eloreta\u0144sk\u0105: w\u0142\u0105czy\u0107 wezwania \u201eMater misericordiae\u201d, \u201eMater spei\u201d i \u201eSolacium migrantium\u201d.<\/p>\r\n<p>Pierwsze wezwanie zostanie umieszczone po \u201eMater Ecclesiae\u201d, drugie po \u201eMater divinae gratiae\u201d, trzecie po \u201eRefugium peccatorum\u201d.<\/p>\r\n<p>Ciesz\u0119 si\u0119 mog\u0105c zakomunikowa\u0107 Waszej Eminencji \/ Ekscelencji to zarz\u0105dzenie ku wiadomo\u015bci i zastosowaniu, korzystam z okazji do przekazania wyraz\u00f3w mojego uszanowania, z pami\u0119ci\u0105 przed Panem.<\/p>\r\n<p>Robert Kard. Sarah<\/p>\r\n<p>Prefekt<\/p>\r\n<p>+ Artur Roche<\/p>\r\n<p>Arcybiskup Sekretarz<\/p>\r\n<\/blockquote>\r\n<blockquote>\r\n<p style=\"padding-left: 40px;\"><strong>Komunikat Komisji ds. Kultu Bo\u017cego i Dyscypliny Sakrament\u00f3w Konferencji Episkopatu Polski na temat w\u0142\u0105czenia nowych wezwa\u0144 do Litanii Loreta\u0144skiej<\/strong><\/p>\r\n<p style=\"padding-left: 40px;\">W zwi\u0105zku z og\u0142oszeniem przez Stolic\u0119 Apostolsk\u0105 w dniu 20.06.2020 r. trzech nowych wezwa\u0144 w Litanii Loreta\u0144skiej, pragn\u0119 poinformowa\u0107, \u017ce wezwanie \u201eMater misericordiae\u201d jest ju\u017c u\u017cywane w polskiej wersji Litanii jako \u201eMatko mi\u0142osierdzia\u201d, natomiast dwa pozosta\u0142e wezwania \u201eMater spei\u201d i \u201eSolacium migrantium\u201d, powinny w j\u0119zyku polskim zosta\u0107 zatwierdzone przez Konferencj\u0119 Episkopatu Polski zgodnie z prawem ko\u015bcielnym w ramach kompetencji biskup\u00f3w diecezjalnych (kan. 826). Do czasu zatwierdzenia oficjalnych tytu\u0142\u00f3w w j\u0119zyku polskim nie powinny one by\u0107 publicznie odmawiane, natomiast dla cel\u00f3w informacyjnych mo\u017cna tymczasowo u\u017cywa\u0107 wst\u0119pnie przyj\u0119tego projektu t\u0142umaczenia:<\/p>\r\n<p style=\"padding-left: 40px;\">Mater spei &#8211; Matko nadziei.<\/p>\r\n<p style=\"padding-left: 40px;\">Solacium migrantium &#8211; Pomocy migrant\u00f3w \/ Ulgo migrant\u00f3w.<\/p>\r\n<p style=\"padding-left: 40px;\">S\u0142owo \u201esolacium\u201d mo\u017cna t\u0142umaczy\u0107 na wiele sposob\u00f3w jako \u201epociecha, ulga, pomoc, ratunek, ucieczka\u201d, ale ze wzgl\u0119du na to, \u017ce wezwanie ma si\u0119 znale\u017a\u0107 mi\u0119dzy ju\u017c istniej\u0105cymi \u201eUcieczko grzesznych\u201d a \u201ePocieszycielko strapionych\u201d, dlatego s\u0142owa \u201eucieczka\u201d i pocieszenie\u201d jako ju\u017c zaj\u0119te nie powinny by\u0107 brane pod uwag\u0119, pozostaj\u0105 zatem \u201eulga, pomoc, ratunek\u201d. Obecnie wydaje si\u0119, \u017ce z tych trzech najlepiej brzmi \u201ePomocy migrant\u00f3w\u201d. Co do wyra\u017cenia \u201emigrantes\u201d, posiada ono zasadniczo trzy znaczenia: 1) ci, kt\u00f3rzy w\u0119druj\u0105 (tak\u017ce w poszukiwaniu lepszego losu, a wi\u0119c migranci we wsp\u00f3\u0142czesnym rozumieniu), 2) ci, kt\u00f3rzy si\u0119 wyprowadzaj\u0105, 3) przesiedleni; z tych trzech znacze\u0144 najlepiej w ca\u0142o\u015b\u0107 komponuje si\u0119 to pierwsze.<\/p>\r\n<p style=\"padding-left: 40px;\">Co do kolejno\u015bci odno\u015bnie do wezwania \u201eMatko mi\u0142osierdzia\u201d, obecnie zatwierdzona w Polsce wersja Litanii Loreta\u0144skiej umieszcza je po \u201eMatko \u0142aski Bo\u017cej\u201d i kolejno\u015b\u0107 ta mo\u017ce zosta\u0107 zachowana zw\u0142aszcza w miejscach, gdzie wierni korzystaj\u0105 z drukowanych tekst\u00f3w. Nowe miejsce tego wezwania jednak\u017ce ju\u017c jest wyznaczone przez Stolic\u0119 Apostolsk\u0105 na po \u201eMatko Ko\u015bcio\u0142a\u201d i tak r\u00f3wnie\u017c mo\u017cna je odmawia\u0107, zw\u0142aszcza tam, gdzie wierni tylko odpowiadaj\u0105 na wezwania przewodnicz\u0105cego.<\/p>\r\n<p style=\"padding-left: 40px;\">Tekst \u0142aci\u0144ski obowi\u0105zuje ju\u017c w nowym brzmieniu.<\/p>\r\n<p style=\"padding-left: 40px;\">\u201d\u00a0 Adam Ba\u0142abuch<\/p>\r\n<p style=\"padding-left: 40px;\">Przewodnicz\u0105cy Komisji ds.&nbsp;Kultu Bo\u017cego i Dyscypliny Sakrament\u00f3w KEP<\/p>\r\n<p style=\"padding-left: 40px;\">\u015awidnica, 20 czerwca 2020 r.<\/p>\r\n<p style=\"padding-left: 40px;\">\u0179r\u00f3d\u0142o: BP KEP \/ KAI<\/p>\r\n<\/blockquote>\r\n<h4>&nbsp;<\/h4>\r\n<hr style=\"background-color: #000000; border-width: 0; color: #000000; height: 2px; line-height: 0; text-align: center; width: 100%;\">\r\n<h4>&nbsp;<\/h4>\r\n<blockquote>\r\n<p>[<strong>Wybrane wypowiedzi internaut\u00f3w pod w\/w tekstem na stronie \u017ar\u00f3d\u0142owej:<\/strong>]<\/p>\r\n<p>Hmmm, <strong>czemu nie doda\u0107 np.&#8221;Matko ekologii&#8221; albo &#8222;Kr\u00f3lowo Amazonii&#8221; ??<\/strong> Czekamy na dalsze zmiany. Kiedy reforma liturgiczna ? Tzn. korekta tej najgorszej reformy jaka si\u0119 dokona\u0142a za spraw\u0105 Soboru Watyka\u0144skiego 2. Do\u0142o\u017cenie wezwa\u0144 w litanii Loreta\u0144skiej to jak drobne kropelki deszczu zwiastuj\u0105ce nadchodz\u0105c\u0105 ulewe.<br>\r\n<em>Daro<\/em><\/p>\r\n<\/blockquote>\r\n<p class=\"zrodlo\">Za: <a href=\"https:\/\/www.pch24.pl\/watykan-zatwierdzil-nowe-wezwania-w-litanii-loretanskiej--co-sie-zmieni-,76706,i.html\">PoloniaChristiana &#8211; pch24.pl (2020-06-20)<\/a><\/p>\r\n<h4>&nbsp;<\/h4>\r\n<hr style=\"background-color: #000000; border-width: 0; color: #000000; height: 2px; line-height: 0; text-align: center; width: 100%;\">\r\n<h4>&nbsp;<\/h4>\r\n<h2>Nowe wezwania w Litanii. Uk\u0142on przed Matk\u0105 Bo\u017c\u0105, czy przed ideologiami? [OPINIA]<\/h2>\r\n<p><strong>W naszych dziejach mieli\u015bmy czas, gdy zmieniano nam litani\u0119 loreta\u0144sk\u0105 do NMP. I nie by\u0142 to dobry czas. My\u015bl\u0119 tu o epoce rozbior\u00f3w, gdy zaborcy skre\u015blali z litanii wezwanie do Kr\u00f3lowej Korony Polskiej. Dzisiaj o wiele wi\u0119ksze zagro\u017cenie p\u0142ynie z faktu nie redukowania, co raczej uzupe\u0142niania litanii o nowe wezwania.<\/strong><\/p>\r\n<p>Pisz\u0119 te s\u0142owa pod wp\u0142ywem wiadomo\u015bci zakomunikowanej przez kardyna\u0142a Roberta Saraha &#8211; prefekta kongregacji kultu Bo\u017cego i dyscypliny sakrament\u00f3w &#8211; o tym, \u017ce na mocy decyzji papie\u017ca Franciszka litania loreta\u0144ska do NMP ma by\u0107 uzupe\u0142niona o trzy nowe wezwania: Matko Mi\u0142osierdzia, Matko nadziei i Pocieszenie migrant\u00f3w (w\u0119druj\u0105cych).<\/p>\r\n<p>Oczywi\u015bcie, litania powstawa\u0142a przez dodawanie w kolejnych wiekach coraz to nowych wezwa\u0144 przez pobo\u017cny lud. Pierwsze wezwania gin\u0105 w pomroce dziej\u00f3w i nie by\u0142y one wynikiem decyzji takiego czy innego papie\u017ca. By\u0142 to wzrost organiczny, a nie rezultat jakiej\u015b arbitralno\u015bci.<\/p>\r\n<p>Wszystkie dotychczasowe wezwania, kt\u00f3re znalaz\u0142y si\u0119 w litanii na mocy decyzji papieskich by\u0142y rezultatem wyst\u0119powania papie\u017cy jako stra\u017cnik\u00f3w Tradycji, wiernych szafarzy wyci\u0105gaj\u0105cych z jej skarbca rzeczy stare i nowe (nova et vetera). Ale to by\u0142 ci\u0105gle ten sam skarbiec starych prawd opisywanych w nowych orzeczeniach dogmatycznych (Kr\u00f3lowo bez grzechu pierworodnego pocz\u0119ta, Kr\u00f3lowo wniebowzi\u0119ta), kt\u00f3re sz\u0142y wbrew temu, co \u201e\u015bwiat\u201d my\u015bla\u0142 (\u201e\u015bredniowiecze, wstecznictwo, przeszkoda do ekumenizmu\u201d).<\/p>\r\n<p>Taki charakter mia\u0142y dodane za spraw\u0105 Benedykta XV wezwanie \u201eKr\u00f3lowo pokoju\u201d i \u015bw. Jana Paw\u0142a II \u201eKr\u00f3lowo rodzin\u201d. W tym czasie, gdy swoj\u0105 decyzj\u0119 podejmowa\u0142 pierwszy z wymienionych papie\u017cy (pierwsza wojna \u015bwiatowa) nikt tak naprawd\u0119 &#8211; poza Stolic\u0105 Apostolsk\u0105 &#8211; pokoju nie chcia\u0142. Inicjatywa pokojowa papie\u017ca z 1917 roku zosta\u0142a solidarnie odrzucone przez oba wojuj\u0105ce bloki, a nowa si\u0142a &#8211; bolszewicy &#8211; s\u0142owu \u201epok\u00f3j\u201d nada\u0142a zupe\u0142nie nowe znaczenie. Z kolei wezwanie dodane przez \u015bw. Jana Paw\u0142a II by\u0142o prawdziwym znakiem sprzeciwu wobec nasilaj\u0105cej si\u0119 fali uderzeniowej w rodzin\u0119 ze strony \u015bwiatowych promotor\u00f3w cywilizacji \u015bmierci.<\/p>\r\n<p>W dodanych przez papie\u017ca Franciszka wezwaniach mamy do czynienia z odst\u0119pstwem od tej regu\u0142y. Konkretnie chodzi o wezwanie \u201ePocieszycielko migrant\u00f3w (w\u0119druj\u0105cych)\u201d. Czy to jest uk\u0142on przed Matk\u0105 Bo\u017c\u0105, czy raczej przed modnymi aktualnie ideologiami? Czy chodzi o oddanie jeszcze wi\u0119kszej czci Matce Zbawiciela, czy raczej o zawstydzanie \u201erygoryst\u00f3w antyimigranckich? Czy chodzi o odpowied\u017a na potrzeby i wezwania, przed kt\u00f3rymi stoi Ko\u015bci\u00f3\u0142, szukaj\u0105cy pomocy u swojej Matki, czy raczej wyraz jakiego\u015b aktywizmu mile widzianego przez tych, kt\u00f3rzy chc\u0105 zredukowa\u0107 Ko\u015bci\u00f3\u0142 do wielkiej, mi\u0119dzynarodowej organizacji pozarz\u0105dowej o profilu charytatywnym i ekologicznym (mo\u017ce kolejnym wezwaniem b\u0119dzie \u201ePanno roztropnie korzystaj\u0105ca z d\u00f3br natury\u201d?)?<\/p>\r\n<p>Matko Logosu, m\u00f3dl si\u0119 za nami. Ucz nas, \u017ce Pan jest Bogiem wszechmocnym i mi\u0142osiernym, ale jednocze\u015bnie nie mo\u017ce zaprzecza\u0107 sam sobie. Nie jest &#8211; jak uczy\u0142 Benedykt XVI w 2006 roku w Ratyzbonie &#8211; arbitraln\u0105 wol\u0105, ale rozumnym \u0141adem. A bez Ciebie, Matko Logosu, bez Twojego zawierzenia, Twojego &#8222;fiat&#8221;, nie sta\u0142by si\u0119 on naszym udzia\u0142em. Jak\u017ce dzisiaj, w epoce szerz\u0105cych si\u0119 na zgub\u0119 dusz ludzkich a ur\u0105gaj\u0105cych zdrowemu rozs\u0105dkowi ideologii, potrzeba nam odnowy wiary w Logos, z kt\u00f3rym Ty od tamtej godziny w Nazarecie by\u0142a\u015b i jeste\u015b tak mocno zwi\u0105zana.<\/p>\r\n<p>Pierwsza czcicielko Eucharystii, m\u00f3dl si\u0119 za nami w czasie rosn\u0105cej pogardy dla Sakramentu O\u0142tarza i erozji wiary w Ko\u015bciele w realn\u0105 obecno\u015b\u0107 Chrystusa pod postaciami chleba i wina; gdy \u017ar\u00f3d\u0142o i szczyt \u017cycia Ko\u015bcio\u0142a jest banalizowane, traktowane jako zwyk\u0142y dodatek lub \u015brodek terapeutyczny dla poprawy \u201erelacji mi\u0119dzyludzkich\u201d. Ty by\u0142a\u015b przecie\u017c, jak uczy\u0142 Prymas Tysi\u0105clecia, pierwsz\u0105 monstrancj\u0105 nios\u0105c\u0105 Wcielone S\u0142owo do domu \u015bw. El\u017cbiety.<\/p>\r\n<p>Or\u0119downiczko za \u017cyciem nienarodzonych, m\u00f3dl si\u0119 za nami w epoce, gdy co roku trwa krwawa pandemia ludob\u00f3jczych praktyk skierowanych przeciw nienarodzonym; gdy ci, kt\u00f3rzy w ich obronie powinni nastawa\u0107 w por\u0119 i nie w por\u0119, milcz\u0105. A przecie\u017c te dzieci s\u0105 najbardziej ubogie, najbardziej bezbronne, a umieraj\u0105c bez chrztu pozbawiane s\u0105 najwi\u0119kszego skarbu.<\/p>\r\n<p><em><strong>Grzegorz Kucharczyk<\/strong><\/em><\/p>\r\n<blockquote>\r\n<p>[<strong>Wybrane wypowiedzi internaut\u00f3w pod w\/w tekstem na stronie \u017ar\u00f3d\u0142owej:<\/strong>]<\/p>\r\n<p>Ale gdy by\u0142a dyskusja na temat ew. dodania tytu\u0142u &#8222;Wsp\u00f3\u0142odkupicielka&#8221; to Watykan zareagowa\u0142 nadzwyczajnie twardym sprzeciwem!<br>\r\n<em>go\u015b\u0107<\/em><br>\r\n<br>\r\nPo zmianie Ojcze nasz , teraz litania , za chwil\u0119 zmieni Zdrowa\u015b Maryjo , \u017ceby w ko\u0144cu wierz\u0119 w Boga dopasowa\u0107 do jakiego\u015b boga niekoniecznie ju\u017c tego prawdziwego W Tr\u00f3jcy \u015awi\u0119tej Jedynego . No i b\u0119dziemy mieli jak\u0105\u015b multikulti quasi religi\u0119 matki ziemi z jej naczelnym &#8222;dzien dobry&#8221; wodzem. Wysoka Rada nadaje ton jak wida\u0107 .<br>\r\n<em>Wojtek<\/em><br>\r\n<br>\r\nZa: <a href=\"https:\/\/www.pch24.pl\/nowe-wezwania-w-litanii--uklon-przed-matka-boza--czy-przed-ideologiami---opinia-,76730,i.html\">PoloniaChristiana &#8211; pch24.pl (2020-06-22)<\/a><\/p>\r\n<\/blockquote>\r\n<h4>&nbsp;<\/h4>\r\n<hr style=\"background-color: #000000; border-width: 0; color: #000000; height: 2px; line-height: 0; text-align: center; width: 100%;\">\r\n<h4>&nbsp;<\/h4>","protected":false},"excerpt":{"rendered":"\u201eNiezliczone s\u0105 tytu\u0142y i wezwania, kt\u00f3re pobo\u017cno\u015b\u0107 chrze\u015bcija\u0144ska w ci\u0105gu dziej\u00f3w zastrzeg\u0142a dla Dziewicy Maryi, kt\u00f3ra jest uprzywilejowan\u0105 i pewn\u0105 drog\u0105 do spotkania z Chrystusem. R\u00f3wnie\u017c w dzisiejszych czasach, naznaczonych niepewno\u015bci\u0105 i zagubieniem, lub Bo\u017cy wyczuwa potrzeb\u0119 pobo\u017cnego, pe\u0142nego mi\u0142o\u015bci i nadziei zwr\u00f3cenia si\u0119 ku Niej\u201d &#8211; czytamy w Li\u015bcie Kongregacji ds. Kultu Bo\u017cego i [&hellip;]","protected":false},"author":1,"featured_media":0,"comment_status":"closed","ping_status":"closed","sticky":false,"template":"","format":"standard","meta":{"_acf_changed":false,"_monsterinsights_skip_tracking":false,"_monsterinsights_sitenote_active":false,"_monsterinsights_sitenote_note":"","_monsterinsights_sitenote_category":0,"ngg_post_thumbnail":0,"footnotes":"","_wp_rev_ctl_limit":""},"categories":[3],"tags":[300,33],"acf":[],"_links":{"self":[{"href":"https:\/\/www.bibula.com\/index.php?rest_route=\/wp\/v2\/posts\/114911"}],"collection":[{"href":"https:\/\/www.bibula.com\/index.php?rest_route=\/wp\/v2\/posts"}],"about":[{"href":"https:\/\/www.bibula.com\/index.php?rest_route=\/wp\/v2\/types\/post"}],"author":[{"embeddable":true,"href":"https:\/\/www.bibula.com\/index.php?rest_route=\/wp\/v2\/users\/1"}],"replies":[{"embeddable":true,"href":"https:\/\/www.bibula.com\/index.php?rest_route=%2Fwp%2Fv2%2Fcomments&post=114911"}],"version-history":[{"count":0,"href":"https:\/\/www.bibula.com\/index.php?rest_route=\/wp\/v2\/posts\/114911\/revisions"}],"wp:attachment":[{"href":"https:\/\/www.bibula.com\/index.php?rest_route=%2Fwp%2Fv2%2Fmedia&parent=114911"}],"wp:term":[{"taxonomy":"category","embeddable":true,"href":"https:\/\/www.bibula.com\/index.php?rest_route=%2Fwp%2Fv2%2Fcategories&post=114911"},{"taxonomy":"post_tag","embeddable":true,"href":"https:\/\/www.bibula.com\/index.php?rest_route=%2Fwp%2Fv2%2Ftags&post=114911"}],"curies":[{"name":"wp","href":"https:\/\/api.w.org\/{rel}","templated":true}]}}