{"id":114805,"date":"2020-06-13T17:48:30","date_gmt":"2020-06-13T21:48:30","guid":{"rendered":"http:\/\/www.bibula.com\/?p=114805"},"modified":"2020-06-15T09:28:56","modified_gmt":"2020-06-15T13:28:56","slug":"kanada-polonijny-dziennikarz-pomawiany-przez-zydowskie-media-i-organizacje-zatrzymany-przez-policje","status":"publish","type":"post","link":"https:\/\/www.bibula.com\/?p=114805","title":{"rendered":"Kanada: polonijny dziennikarz, pomawiany przez \u017cydowskie media i organizacje, zatrzymany przez policj\u0119"},"content":{"rendered":"<p><strong>Pom\u00f3wiony o antysemityzm przez wp\u0142ywow\u0105 \u017cydowsk\u0105 organizacj\u0119 B\u2019nai Brith Canada polonijny dziennikarz z Kanady, Andrzej Kumor, zosta\u0142 zatrzymany przez policj\u0119. Przedstawiono mu decyzj\u0119 prokuratury ws. oskar\u017ce\u0144 o \u201emow\u0119 nienawi\u015bci\u201d, pouczono i zwolniono. Wed\u0142ug jego komentarza dla portalu Kresy.pl., polska dyplomacja twierdzi, \u017ce nie mo\u017ce go broni\u0107.<\/strong><\/p>\r\n<p>Jak informowali\u015bmy pod koniec ub. roku, dziennikarz polonijny z Ontario w Kanadzie i redaktor naczelny \u201eGo\u0144ca\u201d, Andrzej Kumor, zosta\u0142 pom\u00f3wiony o antysemityzm przez wp\u0142ywow\u0105 \u017cydowsk\u0105 organizacj\u0119 B\u2019nai Brith Canada, m.in. za to, \u017ce m\u00f3wi\u0105c o terrorystycznej dzia\u0142alno\u015bci organizacji syjonistycznych, u\u017cy\u0142 frazy \u201esyjoni\u015bci maj\u0105 terroryzm za uszami\u201d. \u017bydowskie media i organizacje, w tym Jerusalem Post, w\u0142o\u017cy\u0142y mu w usta s\u0142owa, kt\u00f3rych nie powiedzia\u0142. Z ich zawiadomienia polskiego dziennikarza zacz\u0119\u0142a n\u0119ka\u0107 kanadyjska policja. Otrzymywa\u0142 te\u017c pogr\u00f3\u017cki. Polska dyplomacja nie zrobi\u0142a w\u00f3wczas nic, by go broni\u0107. Portal Kresy.pl szczeg\u00f3\u0142owo opisa\u0142 ca\u0142\u0105 spraw\u0119.<\/p>\r\n<p>W sprawie Andrzeja Kumora miesi\u0105cami nie dzia\u0142o si\u0119 nic &#8211; do ubieg\u0142ej niedzieli, gdy odwiedzili go policjanci z regionu Peel. Polonijny dziennikarz zosta\u0142 formalnie zatrzymany. Us\u0142ysza\u0142 m.in., \u017ce mo\u017ce skontaktowa\u0107 si\u0119 z adwokatem, oraz \u017ce \u201ecokolwiek powie\u201d mo\u017ce by\u0107 u\u017cyte przeciwko niemu.<\/p>\r\n<p>Redaktor naczelny \u201eGo\u0144ca\u201d zrelacjonowa\u0142 ca\u0142\u0105 sytuacj\u0119 w artykule na portalu swojej gazety. Policjanci powiedzieli mu, \u017ce wi\u0105zane z nim przest\u0119pstwo jest \u201ebardzo powa\u017cne\u201d. Nast\u0119pnie przedstawili mu decyzj\u0119 prokuratora, kt\u00f3ry uzna\u0142, \u017ce dziennikarz swoich komentarzach \u201eprzekroczy\u0142 granice mowy nienawi\u015bci, ale w ma\u0142ym stopniu\u201d. W zwi\u0105zku z tym, otrzyma\u0142 \u201eformalne ostrze\u017cenie\u201d.<\/p>\r\n<p>\u201eNast\u0119pnie policjanci zarejestrowali na nagrywarce decyzj\u0119 prokuratury, ja za\u015b pr\u00f3bowa\u0142em do niej si\u0119 odnie\u015b\u0107 pytaj\u0105c, co mam robi\u0107, aby unika\u0107 mowy nienawi\u015b\u0107 (\u2026). Funkcjonariusz policji odpar\u0142, \u017ce nie mo\u017ce mi udziela\u0107 porady prawnej, ale powinienem unika\u0107 temat\u00f3w kontrowersyjnych, a gdy dotycz\u0105 jakiej\u015b okre\u015blonej spo\u0142eczno\u015bci, bezpiecznie by\u0142oby zapyta\u0107 tej spo\u0142eczno\u015bci o zdanie przed publikacj\u0105\u201d &#8211; relacjonuje Andrzej Kumor. \u201eNa moj\u0105 odpowied\u017a, \u017ce w moim po\u0142o\u017ceniu jest to trudne poniewa\u017c w\u0142a\u015bciwie wszystkie poruszane tematy s\u0105 w jakim\u015b sensie kontrowersyjne, nawet te o pogodzie, nie by\u0142o komentarza\u201d.<\/p>\r\n<p>Dziennikarza pouczono te\u017c, by unika\u0107 \u201eodpowiedzi generalizuj\u0105cych\u201d, jak np. \u201e\u017bydzi maj\u0105 terroryzm we krwi\u201d, cho\u0107 jego oryginalna wypowied\u017a odnosi\u0142a si\u0119 do syjonist\u00f3w i przytacza\u0142a krytyk\u0119 terroryzmu syjonistycznego ze strony prominentnych dzia\u0142aczy \u017cydowskich.<\/p>\r\n<p>\u201eZapyta\u0142em, czy gdybym napisa\u0142, \u017ce &lt;&lt;Niemcy w Auschwitz zachowywali si\u0119 jak bestie&gt;&gt;, czy to mog\u0142oby by\u0107 uznane za mow\u0119 nienawi\u015bci. Otrzyma\u0142em odpowied\u017a, \u017ce mo\u017cliwe, \u017ce tak, poniewa\u017c jest to generalizacja o Niemcach, jako takich i powinienem napisa\u0107 \u201enazi\u015bci\u201d, poniewa\u017c nazi\u015bci to ruch polityczny; tutaj pad\u0142 m\u00f3j argument, \u017ce syjoni\u015bci to te\u017c ruch polityczny\u201d &#8211; pisze Kumor. P\u00f3\u017aniej poinformowano go, \u017ce prokurator podj\u0105\u0142 decyzj\u0119 o udzieleniu mu ostrze\u017cenia. \u201e(\u2026) dlatego formalnie nie postawiono mi zarzut\u00f3w i nie skierowano sprawy do s\u0105du, a po odczytaniu decyzji zwolniono\u201d.<\/p>\r\n<p>Szef \u201eGo\u0144ca\u201d zaznaczy\u0142, \u017ce rozmawiaj\u0105c z policjantami chcia\u0142 uzyska\u0107 informacje, jakie s\u0105 konkretne ramy tzw. \u201emowy nienawi\u015bci\u201d, gdy\u017c w jego rozeznaniu s\u0105 one p\u0142ynne i bardzo szerokie. Powiedziano mu, \u017ce nawet je\u017celi przedrukowuje materia\u0142y legalnie opublikowane w Polsce, to w Kanadzie za ich publikacj\u0119 mo\u017ce zosta\u0107 poci\u0105gni\u0119ty do odpowiedzialno\u015bci karnej.<\/p>\r\n<p>\u201ePodsumowuj\u0105c: zosta\u0142em formalnie zatrzymany po to, aby przedstawi\u0107 mi wszystkie te decyzje i zwolni\u0107\u201d &#8211; podsumowa\u0142 ca\u0142\u0105 sytuacj\u0119 Kumor. Doda\u0142, \u017ce na koniec policjanci powiedzieli mu, \u017ce \u201ekwestia mowy nienawi\u015bci to nie jest ulica jednokierunkowa, i je\u017celi polonijne organizacje, czy te\u017c ja sam zauwa\u017camy publikacje kanadyjskie oskar\u017caj\u0105ce nas, Polak\u00f3w, w spos\u00f3b generalizuj\u0105cy przypisuj\u0105ce jako narodowi ujemne cechy, poni\u017caj\u0105ce, to powinni\u015bmy kierowa\u0107 te sprawy na policj\u0119\u201d. W zwi\u0105zku z tym, dziennikarz przekaza\u0142 opisane wcze\u015bniej gro\u017aby, zwi\u0105zane z ca\u0142\u0105 spraw\u0105.<\/p>\r\n<p>\u201eInformuj\u0119 o tym wszystkim, \u017ceby\u015bmy byli \u015bwiadomi, i\u017c wolno\u015b\u0107 wypowiedzi w Kanadzie, jest bardzo istotnie ograniczona przez nowe przepisy. Te, kt\u00f3re dotycz\u0105 antysemityzmu &#8211; tak zwana robocza definicja antysemityzmu &#8211; wesz\u0142y w \u017cycie na jesieni ubieg\u0142ego roku\u201d &#8211; zaznaczy\u0142.<\/p>\r\n<p><a href=\"https:\/\/www.bnaibrith.ca\/newspaper_publisher_arrested_over_antisemitic_articles\" target=\"_blank\" rel=\"noopener noreferrer\">Zatrzymanie Kumora zosta\u0142 odnotowane przez B\u2019nai Brith Canada<\/a> &#8211; \u017cydowsk\u0105 organizacj\u0119, kt\u00f3ra go pomawia\u0142a i zaszczuwa\u0142a. Jej przedstawiciele podkre\u015blaj\u0105, \u017ce sta\u0142o si\u0119 to za spraw\u0105 z\u0142o\u017conego przez organizacj\u0119 zawiadomienia. Twierdzi te\u017c, \u017ce polonijnego dziennikarza \u201etym razem zwolniono bez postawienia zarzut\u00f3w\u201d, wcze\u015bniej \u201eostrzegaj\u0105c go, \u017ce jakakolwiek dalsza promocja nienawi\u015bci skierowanej przeciwko \u017bydom spowoduje postawienie mu zarzut\u00f3w karnych\u201d. Dodano te\u017c, \u017ce \u201ekr\u00f3tko po tym wszystkie obra\u017aliwe artyku\u0142y zosta\u0142y skasowane ze strony Go\u0144ca\u201d, a jedno nagranie na serwisie YouTube przesta\u0142o by\u0107 publicznie dost\u0119pne. Na stronie B\u2019nai Brith Canada niezgodnie z prawd\u0105 napisano, \u017ce w nagraniu tym \u201eKumor oskar\u017cy\u0142 \u017byd\u00f3w i Syjonist\u00f3w o to, \u017ce maj\u0105 &lt;&lt;terroryzm we krwi&gt;&gt;\u201d.<\/p>\r\n<p>Szef B\u2019nai Brith Canada Michael Mostyn, kt\u00f3ry ju\u017c wcze\u015bniej atakowa\u0142 Kumora, wyrazi\u0142 zadowolenie z dzia\u0142a\u0144 policji, dzi\u0119kuj\u0105c im za \u201estaranno\u015b\u0107\u201d. Zaznaczy\u0142, \u017ce on i jego organizacja maj\u0105 nadziej\u0119, \u017ce \u201eKumor dosta\u0142 nauczk\u0119\u201d.<\/p>\r\n<p>\u201eW Kanadzie przest\u0119pstwem jest umy\u015blne promowanie nienawi\u015bci przeciwko mo\u017cliwej do zidentyfikowania grupie. B\u2019nai Brith b\u0119dzie w dalszym ci\u0105gu bezlito\u015bnie \u015bciga\u0107 takie incydenty, \u017ceby pod\u017ceganie przeciwko spo\u0142eczno\u015bci \u017cydowskiej i innym grupom nie uchodzi\u0142o bezkarnie\u201d &#8211; o\u015bwiadczy\u0142 Mostyn.<\/p>\r\n<p>Nale\u017cy zaznaczy\u0107, \u017ce przedstawiciele \u015brodowisk \u017cydowskich, w tym lo\u017cy B\u2019nai Brith Canada, s\u0105 regularnie zapraszani na imprezy organizowane przez polsk\u0105 ambasad\u0119 w Ottawie oraz konsulat w Toronto. Dodajmy te\u017c, \u017ce z B\u2019nai Brith spotykaj\u0105 si\u0119 podczas wizyt w USA czo\u0142owi <a href=\"https:\/\/kresy.pl\/wydarzenia\/gowin-spotkal-sie-z-usa-organizacjami-zydowskimi-rozmowy-nt-ustawy-o-ipn-i-ustawy-447\/\">przedstawiciele w\u0142adz Polski<\/a>.<\/p>\r\n<p>W komentarzu dla portalu Kresy.pl Andrzej Kumor odni\u00f3s\u0142 si\u0119 do sprawy. \u201eB\u2019nai Brith odnotowa\u0142a sukces w swoim komunikacie, dodaj\u0105c r\u00f3wnie\u017c, \u017ce kandydowa\u0142em do Sejmu&nbsp;RP z ramienia \u201eantysemickiej&nbsp; partii\u201d Konfederacja\u201d &#8211; powiedzia\u0142 z u\u015bmiechem polonijny dziennikarz. Na pytanie o to, czy uzyska\u0142 jak\u0105 pomoc lub wsparcie ze strony polskiej dyplomacji odpowiedzia\u0142:<\/p>\r\n<p>\u201eZadzwoni\u0142 do mnie&nbsp;konsul generalny z Toronto prosz\u0105c&nbsp;o informacje. Podobno ze wzgl\u0119du na fakt, \u017ce mam r\u00f3wnie\u017c obywatelstwo kanadyjskie, polskie przedstawicielstwo nie mo\u017ce wyst\u0119powa\u0107 w mojej obronie\u201d.<\/p>\r\n<p>Kumor zaznaczy\u0142, \u017ce spotka\u0142 si\u0119 z wieloma wyrazami sympatii i solidarno\u015bci od Polak\u00f3w mieszkaj\u0105cych w Kanadzie. \u201eWielu oferowa\u0142o pieni\u0105dze na jaki\u015b fundusz obrony. Niestety, droga prawna tutaj jest bardzo droga &#8211; miliony dolar\u00f3w. Adwokat bierze 700 dol. za godzin\u0119. A w przypadku spraw wymagaj\u0105cych t\u0142umaczenia z innego j\u0119zyka, interpretacji i tekst\u00f3w publicystycznych, s\u0105 dodatkowe koszty.<\/p>\r\n<p>\u201eNamawiam&nbsp;wszystkich, aby korzystali z przys\u0142uguj\u0105cego im prawa &#8211; jakie ono jest &#8211; i kierowali na policj\u0119 wszystkie przypadki antypolonizm\u00f3w, wrednych generalizacji na temat Polak\u00f3w, jakich jest pe\u0142no w tutejszych gazetach\u201d &#8211; doda\u0142 polonijny dziennikarz.<\/p>\r\n<p>Jak wynika\u0142o z odpowiedzi uzyskanej w MSZ przez portal Kresy.pl w grudniu ub. roku, polska dyplomacja nie zrobi\u0142a nic w obronie polonijnego dziennikarza. Szef \u201eGo\u0144ca\u201d w rozmowie z portalem Kresy.pl ujawni\u0142 w\u00f3wczas, \u017ce po tym, jak B\u2019nai Brith publicznie pom\u00f3wi\u0142o go o antysemityzm, otrzyma\u0142 par\u0119 maili z pogr\u00f3\u017ckami. W\u00f3wczas zarzut\u00f3w mu nie postawiono, ale zaznacza\u0142, \u017ce gdyby tak si\u0119 sta\u0142o, to by\u0142yby oskar\u017cenia prokuratorskie, co oznacza proces karny o tzw. mow\u0119 nienawi\u015bci.<\/p>\r\n<ul>\r\n\t<li>PRZECZYTAJ WI\u0118CEJ: <a href=\"https:\/\/kresy.pl\/wydarzenia\/zydowskie-media-i-organizacje-zaszczuwaja-polonijnego-dziennikarza-msz-chowa-glowe-w-piasek\/\">\u017bydowskie media i organizacje&nbsp;zaszczuwaj\u0105 polonijnego dziennikarza. MSZ chowa g\u0142ow\u0119 w piasek <\/a><\/li>\r\n<\/ul>\r\n<p><a href=\"https:\/\/www.goniec.net\/2020\/06\/08\/zostalem-zatrzymany-przez-policje\/?fbclid=IwAR1ygEQCjE0kLZ7ixu8a2k3h2qde1Bg8DD_qGh6UVXDOgtYruiRz1hrpaYQ\" target=\"_blank\" rel=\"noopener noreferrer\">goniec.net<\/a> \/ Kresy.pl<\/p>\r\n<p class=\"zrodlo\">Za: <a href=\"https:\/\/kresy.pl\/wydarzenia\/kanada-polonijny-dziennikarz-pomawiany-przez-zydowskie-media-i-organizacje-zatrzymany-przez-policje\/\">Kresy.pl (13 czerwca 2020)<\/a><\/p>\r\n<h4>&nbsp;<\/h4>\r\n<hr style=\"background-color: #000000; border-width: 0; color: #000000; height: 2px; line-height: 0; text-align: center; width: 100%;\">\r\n<h4>&nbsp;<\/h4>\r\n<h2>Andrzej Kumor: Zosta\u0142em zatrzymany przez policj\u0119<\/h2>\r\n<p>Niekt\u00f3rzy z Pa\u0144stwa pewnie pami\u0119taj\u0105, \u017ce pod koniec lata ubieg\u0142ego roku zosta\u0142em pom\u00f3wiony przez \u017cydowsk\u0105 organizacj\u0119 Bnai Brith o \u201era\u017c\u0105cy antysemityzm\u201d; przytoczono kilka przyk\u0142ad\u00f3w moich felieton\u00f3w, w kt\u00f3rych m\u00f3wi\u0142em o sprawach polsko-\u017cydowskich, obronie dobrego imienia Polski, a tak\u017ce ustawie 447 w Stanach Zjednoczonych, uznano m.in. \u017ce demonizuj\u0119 \u017byd\u00f3w umieszczaj\u0105c tytu\u0142, \u017ce \u201esyjoni\u015bci maj\u0105 terroryzm za uszami\u201d, a nast\u0119pnie w tek\u015bcie: \u201e\u017bydzi, a raczej syjoni\u015bci maj\u0105 terroryzm we krwi\u201d. Innym przyk\u0142adem owego ra\u017c\u0105cego antysemityzmu by\u0142a r\u00f3wnie\u017c moja rozmowa z Grzegorzem Wa\u015bniewskim komendantem Stowarzyszenia J\u00f3zefa Pi\u0142sudskiego \u201eOrze\u0142 Strzelecki\u201d w Kanadzie, w kt\u00f3rej przedstawia\u0142 obron\u0119 krzy\u017ca w KL Auschwitz przez Kazimierza \u015awitonia i opisywa\u0142 spraw\u0119 na przyk\u0142adzie wydanych w Polsce ksi\u0105\u017cek, twierdz\u0105c \u017ce usuni\u0119cie krzy\u017cy by\u0142o \u201edemoniczne\u201d.<br>\r\nJeszcze innym zarzutem by\u0142o moje stwierdzenie, \u017ce Polacy powinni wzorowa\u0107 si\u0119 na lobby \u017cydowskim w Stanach Zjednoczonych kt\u00f3re finansuje polityk\u0119 ameryka\u0144sk\u0105 i robi\u0107 to samo. Inny przyk\u0142ad antysemityzmu to przedrukowany artyku\u0142 Jarka D\u0105browskiego o nowym filmie jaki ma zrobi\u0107 Wojciech Sumli\u0144ski o Jedwabnem, w kt\u00f3rym &#8222;oskar\u017cano tzw przemys\u0142 holokaustu o usi\u0142owanie ograbienia Polski\u201d<\/p>\r\n<p>Teksty te zosta\u0142y zakwestionowane, jako naruszaj\u0105ce kanadyjskie przepisy dotycz\u0105ce szerzenia mowy nienawi\u015bci i w sierpniu organizacja Bnai Brith skierowa\u0142a spraw\u0119 do policji regionu Peel.<\/p>\r\n<p>Ja &#8211; oczywi\u015bcie &#8211; do wszystkich tych tekst\u00f3w dawno temu si\u0119 ustosunkowa\u0142em wierz\u0105c w debat\u0119 publiczn\u0105 i wolno\u015b\u0107 s\u0142owa; na \u0142amach \u201eGo\u0144ca\u201d przytoczy\u0142em r\u00f3wnie\u017c wszystkie zastrze\u017cenia; udzieli\u0142em te\u017c obszernego wywiadu Canadian Jewish News.<br>\r\nWe wrze\u015bniu skontaktowa\u0142a si\u0119 ze mn\u0105 policja, informuj\u0105c o podj\u0119ciu sprawy.<br>\r\nPrzez wiele miesi\u0119cy nic wi\u0119cej na ten temat nie s\u0142ysza\u0142em, do czasu, a\u017c po 9 miesi\u0105cach, w niedziel\u0119 po po\u0142udniu odwiedzili mnie policjanci z regionu Peel, formalnie mnie zatrzymuj\u0105c i przedstawiaj\u0105c formu\u0142ki o mo\u017cliwo\u015bci skontaktowania si\u0119 z adwokatem, oraz \u017ce \u201ecokolwiek powiem mo\u017ce by\u0107 u\u017cyte przeciwko mnie\u201d i \u201emam prawo do zachowania milczenia\u201d. Panowie policjanci wyja\u015bnili, \u017ce przest\u0119pstwo, z kt\u00f3rym mnie wi\u0105\u017c\u0105, jest bardzo powa\u017cne, po czym przedstawili mi decyzj\u0119 prokuratora.<\/p>\r\n<p>Po zg\u0142oszeniu policja podj\u0119\u0142a \u015bledztwo i materia\u0142 dowodowy przekaza\u0142a do biura prokuratury, tam za\u015b uznano, \u017ce w swoich komentarzach przekroczy\u0142em granice mowy nienawi\u015bci, ale w ma\u0142ym stopniu, dlatego te\u017c w niedziel\u0119 po zatrzymaniu otrzyma\u0142em formalne ostrze\u017cenie.<\/p>\r\n<p>Nast\u0119pnie policjanci zarejestrowali na nagrywarce decyzj\u0119 prokuratury, ja za\u015b pr\u00f3bowa\u0142em do niej si\u0119 odnie\u015b\u0107 pytaj\u0105c, co mam robi\u0107, aby unika\u0107 mowy nienawi\u015b\u0107, poniewa\u017c legalna definicja tego zjawiska jest mi ma\u0142o znana.<\/p>\r\n<p>Funkcjonariusz policji odpar\u0142, \u017ce nie mo\u017ce mi udziela\u0107 porady prawnej, ale powinienem unika\u0107 temat\u00f3w kontrowersyjnych, a gdy dotycz\u0105 jakiej\u015b okre\u015blonej spo\u0142eczno\u015bci, bezpiecznie by\u0142oby zapyta\u0107 tej spo\u0142eczno\u015bci o zdanie przed publikacj\u0105.<br>\r\nNa moj\u0105 odpowied\u017a, \u017ce w moim po\u0142o\u017ceniu jest to trudne poniewa\u017c w\u0142a\u015bciwie wszystkie poruszane tematy s\u0105 w jakim\u015b sensie kontrowersyjne, nawet te o pogodzie, nie by\u0142o komentarza.<\/p>\r\n<p>Pouczono mnie r\u00f3wnie\u017c, \u017ceby unika\u0107 odpowiedzi generalizuj\u0105cych w\u0142a\u015bnie takich, jak na przyk\u0142ad \u017ce &#8211; jak to zapisano &#8211; \u201e\u017bydzi maj\u0105 terroryzm we krwi\u201d, co jak ju\u017c wcze\u015bniej m\u00f3wi\u0142em dotyczy\u0142o opinii o syjonistach &#8211; w tek\u015bcie podane by\u0142y przyk\u0142ady krytyki terroryzmu syjonistycznego przez prominentnych dzia\u0142aczy \u017cydowskich.<br>\r\nZapyta\u0142em, czy gdybym napisa\u0142, \u017ce \u201eNiemcy w Auschwitz zachowywali si\u0119 jak bestie\u201d, czy to mog\u0142oby by\u0107 uznane za mow\u0119 nienawi\u015bci. Otrzyma\u0142em odpowied\u017a, \u017ce mo\u017cliwe, \u017ce tak, poniewa\u017c jest to generalizacja o Niemcach, jako takich i powinienem napisa\u0107 \u201enazi\u015bci\u201d, poniewa\u017c nazi\u015bci to ruch polityczny; tutaj pad\u0142 m\u00f3j argument, \u017ce syjoni\u015bci to te\u017c ruch polityczny.<br>\r\nNast\u0119pnie poinformowano mnie \u017ce prokurator podj\u0105\u0142 decyzj\u0119, i\u017c udzielone zostanie mi ostrze\u017cenie,&nbsp; dlatego formalnie nie postawiono mi zarzut\u00f3w i nie skierowano sprawy do s\u0105du, a po odczytaniu decyzji zwolniono.<\/p>\r\n<p>Podczas rozmowy z funkcjonariuszami chodzi\u0142o mi g\u0142\u00f3wnie o to, abym otrzyma\u0142 wskaz\u00f3wki, jakie s\u0105 konkretne ramy tego, co okre\u015blane jest jako \u201emowa nienawi\u015bci\u201d, poniewa\u017c w moim rozeznaniu s\u0105 one p\u0142ynne i bardzo szerokie.<br>\r\nPanowie policjanci powiedzieli mi na przyk\u0142ad, \u017ce nawet je\u017celi przedrukowuj\u0119 materia\u0142y opublikowane ju\u017c w Polsce, kt\u00f3re w Polsce mog\u0105 by\u0107 legalnie publikowane, to tutaj obowi\u0105zuje mnie prawo kanadyjskie i mog\u0119 by\u0107 za ich publikacj\u0119 poci\u0105gni\u0119ty do odpowiedzialno\u015bci karnej.<\/p>\r\n<p>Podsumowuj\u0105c: zosta\u0142em formalnie zatrzymany po to, aby przedstawi\u0107 mi wszystkie te decyzje i zwolni\u0107.<br>\r\nZatrzymanie odby\u0142o si\u0119 u mnie w domu (nie mam lokalu redakcyjnego i pracuj\u0119 z domu) gdy\u017c ze wzgl\u0119du na panuj\u0105c\u0105 pandemi\u0119 komisariaty s\u0105 zamkni\u0119te.<br>\r\nNa koniec panowie policjanci, kt\u00f3rzy byli bardzo uprzejmi i mili, powiedzieli, \u017ce oczywi\u015bcie kwestia mowy nienawi\u015bci to nie jest ulica jednokierunkowa, i je\u017celi polonijne organizacje, czy te\u017c ja sam zauwa\u017camy publikacje kanadyjskie oskar\u017caj\u0105ce nas, Polak\u00f3w, w spos\u00f3b generalizuj\u0105cy przypisuj\u0105ce jako narodowi ujemne cechy, poni\u017caj\u0105ce, to powinni\u015bmy kierowa\u0107 te sprawy na policj\u0119.<\/p>\r\n<p>W zwi\u0105zku z czym przekaza\u0142em otrzymane drog\u0105 e-mailow\u0105 gro\u017aby, zwi\u0105zane z opisan\u0105 spraw\u0105.<\/p>\r\n<p>Informuj\u0119 o tym wszystkim, \u017ceby\u015bmy byli \u015bwiadomi, i\u017c wolno\u015b\u0107 wypowiedzi w Kanadzie, jest bardzo istotnie ograniczona przez nowe przepisy. Te, kt\u00f3re dotycz\u0105 antysemityzmu &#8211; tak zwana robocza definicja antysemityzmu &#8211; wesz\u0142y w \u017cycie na jesieni ubieg\u0142ego roku.<\/p>\r\n<p><em><strong>Andrzej Kumor<\/strong><\/em><\/p>\r\n<p class=\"zrodlo\">Za: <a href=\"https:\/\/www.goniec.net\/2020\/06\/08\/zostalem-zatrzymany-przez-policje\/?fbclid=IwAR1ygEQCjE0kLZ7ixu8a2k3h2qde1Bg8DD_qGh6UVXDOgtYruiRz1hrpaYQ\">goniec.net (<span class=\"td-post-date td-post-date-no-dot\"><time class=\"entry-date updated td-module-date\" datetime=\"2020-06-08T11:46:01+00:00\">8 czerwca, 2020<\/time><\/span><\/a><a href=\"https:\/\/www.goniec.net\/2020\/06\/08\/zostalem-zatrzymany-przez-policje\/?fbclid=IwAR1ygEQCjE0kLZ7ixu8a2k3h2qde1Bg8DD_qGh6UVXDOgtYruiRz1hrpaYQ\">)<\/a><\/p>\r\n<h4>&nbsp;<\/h4>\r\n<hr style=\"background-color: #000000; border-width: 0; color: #000000; height: 2px; line-height: 0; text-align: center; width: 100%;\">\r\n<h4>&nbsp;<\/h4>","protected":false},"excerpt":{"rendered":"Pom\u00f3wiony o antysemityzm przez wp\u0142ywow\u0105 \u017cydowsk\u0105 organizacj\u0119 B\u2019nai Brith Canada polonijny dziennikarz z Kanady, Andrzej Kumor, zosta\u0142 zatrzymany przez policj\u0119. Przedstawiono mu decyzj\u0119 prokuratury ws. oskar\u017ce\u0144 o \u201emow\u0119 nienawi\u015bci\u201d, pouczono i zwolniono. Wed\u0142ug jego komentarza dla portalu Kresy.pl., polska dyplomacja twierdzi, \u017ce nie mo\u017ce go broni\u0107. Jak informowali\u015bmy pod koniec ub. roku, dziennikarz polonijny z [&hellip;]","protected":false},"author":1,"featured_media":0,"comment_status":"closed","ping_status":"closed","sticky":false,"template":"","format":"standard","meta":{"_acf_changed":false,"_monsterinsights_skip_tracking":false,"_monsterinsights_sitenote_active":false,"_monsterinsights_sitenote_note":"","_monsterinsights_sitenote_category":0,"ngg_post_thumbnail":0,"footnotes":"","_wp_rev_ctl_limit":""},"categories":[129],"tags":[75,200,16,53,136],"acf":[],"_links":{"self":[{"href":"https:\/\/www.bibula.com\/index.php?rest_route=\/wp\/v2\/posts\/114805"}],"collection":[{"href":"https:\/\/www.bibula.com\/index.php?rest_route=\/wp\/v2\/posts"}],"about":[{"href":"https:\/\/www.bibula.com\/index.php?rest_route=\/wp\/v2\/types\/post"}],"author":[{"embeddable":true,"href":"https:\/\/www.bibula.com\/index.php?rest_route=\/wp\/v2\/users\/1"}],"replies":[{"embeddable":true,"href":"https:\/\/www.bibula.com\/index.php?rest_route=%2Fwp%2Fv2%2Fcomments&post=114805"}],"version-history":[{"count":0,"href":"https:\/\/www.bibula.com\/index.php?rest_route=\/wp\/v2\/posts\/114805\/revisions"}],"wp:attachment":[{"href":"https:\/\/www.bibula.com\/index.php?rest_route=%2Fwp%2Fv2%2Fmedia&parent=114805"}],"wp:term":[{"taxonomy":"category","embeddable":true,"href":"https:\/\/www.bibula.com\/index.php?rest_route=%2Fwp%2Fv2%2Fcategories&post=114805"},{"taxonomy":"post_tag","embeddable":true,"href":"https:\/\/www.bibula.com\/index.php?rest_route=%2Fwp%2Fv2%2Ftags&post=114805"}],"curies":[{"name":"wp","href":"https:\/\/api.w.org\/{rel}","templated":true}]}}