{"id":1148,"date":"2007-08-10T00:00:00","date_gmt":"2007-08-10T00:00:00","guid":{"rendered":""},"modified":"2013-09-20T16:24:36","modified_gmt":"2013-09-20T21:24:36","slug":"kadisz-odmawiany-podczas-zydowsko-katolickich-uroczystosci-pogrzebowych-kard-lustigera","status":"publish","type":"post","link":"https:\/\/www.bibula.com\/?p=1148","title":{"rendered":"<em>Kadisz<\/em> odmawiany podczas \u017cydowsko-katolickich uroczysto\u015bci pogrzebowych kard. Lustigera"},"content":{"rendered":"<p><strong>&#8222;Francja \u017cegna\u0142a paryskiego arcybiskupa&#8221; &#8211; donosi prasa izraelska w zwi\u0105zku z pogrzebem kardyna\u0142a Jean-Marie Lustiger, zmar\u0142ego 6 sierpnia br. w wieku 80. Rozdmuchane przez \u015bwiatow\u0105 pras\u0119 uroczysto\u015bci pogrzebowe wi\u0105\u017c\u0105 si\u0119 z pochodzeniem Aarona Lustiger &#8211; bo tak brzmia\u0142o jego prawdziwe imi\u0119 &#8211; oraz pogl\u0105dami tego duchownego, dla kt\u00f3rego katolicyzm by\u0142 tylko narz\u0119dziem do promowania judaizmu w Ko\u015bciele.<\/strong><\/p>\r\n<p>Aaron Lustiger urodzi\u0142 si\u0119 w rodzinie \u017byd\u00f3w aszekazyjskich mieszkaj\u0105cych w B\u0119dzinie, kt\u00f3rzy wyemigrowali do Francji. W wieku 14 lat na przek\u00f3r swoim rodzicom Aaron ochrzci\u0142 si\u0119. Jednak w ci\u0105gu ca\u0142ego swojego urz\u0119dowania jako ksi\u0105dz katolicki, a p\u00f3\u017aniej obejmuj\u0105c liczne urz\u0119dy ko\u015bcielne, nigdy nie wyrzeka\u0142 si\u0119 swoich \u017cydowskich korzeni, wr\u0119cz przeciwnie &#8211; wielokrotnie publicznie je podkre\u015bla\u0142.<\/p>\r\n<p>W czasie obejmowania urz\u0119du Arcybiskupa Pary\u017ca, Lustiger powiedzia\u0142: &#8222;Urodzi\u0142em si\u0119 \u017bydem i pozostaj\u0119 nim, nawet je\u015bli jest to przez wielu nie do zaakceptowania. Dla mnie, przekaz Izraela przynosi \u015bwiat\u0142o gojom.&#8221;<br \/>Jak po\u015bwiadcza by\u0142y g\u0142\u00f3wny rabin Francji Ren\u00c3\u00a9 Samuel Sirat, kard. Lustiger kilkakrotnie odwiedza\u0142 synagog\u0119 gdzie odmawia\u0142 \u017cydowsk\u0105 modlitw\u0119 za zmar\u0142ych (<em>Kaddish<\/em>) za swoj\u0105 matk\u0119.<\/p>\r\n<p>Lustiger swoj\u0105 karier\u0119 zawdzi\u0119cza wcielaniu w \u017cycie przez pontyfikat Jana Paw\u0142a II tzw. ekumenicznego i mi\u0119dzyreligijnego dialogu. Wyb\u00f3r dokonany przez Jana Paw\u0142a II, kt\u00f3ry mianowa\u0142 Lustigera biskupem (1979 rok) i kardyna\u0142em (1983 rok) oraz upowa\u017cnia\u0142 go do wielu specjalnych zada\u0144 w Ko\u015bciele, podyktowany by\u0142 mrzonkami o mo\u017cliwo\u015bci zbudowania teologicznego porozumienia z innowiercami, szczeg\u00f3lnie z \u017bydami.<\/p>\r\n<p>Podczas uroczysto\u015bci pogrzebowych, na wyra\u017ane \u017cyczenie kard. Lustigera kuzyn Arno Lustiger <a class=\"content_sz\" href=\"http:\/\/www.ynetnews.com\/articles\/0,7340,L-3436032,00.html\" target=\"_blank\">odm\u00f3wi\u0142<\/a> przed uroczysto\u015bciami w katedrze katolickiej \u017cydowsk\u0105 modlitw\u0119 <em>Kaddish<\/em>, a Jonas-Moses Lustiger odm\u00f3wi\u0142 po hebrajsku i francusku Psalm 113.<\/p>\r\n<p>Rabin Joel Roth, ekspert prawa \u017cydowskiego na nowojorskiej uczelni <em>Jewish Theological Seminary of America<\/em> <a class=\"content_sz\" href=\"http:\/\/www.haaretz.com\/hasen\/spages\/891944.html\" target=\"_blank\">powiedzia\u0142<\/a>, \u017ce &#8222;jest wielce niezwyk\u0142e aby <em>Kaddish<\/em> odmawiany by\u0142 podczas pogrzebu konwert\u00f3w z Judaizmu.&#8221; Roth doda\u0142 jednak, \u017ce &#8222;Jest wa\u017cne i nale\u017cy to podkre\u015bli\u0107, i\u017c nie jest mo\u017cliwe bycie w tym samym czasie \u017bydem i katolikiem.&#8221; <\/p>\r\n<p>To stwierdzenie rabina pozostawia wiele do my\u015blenia. Najwa\u017cniejsz\u0105 kwesti\u0105 jest bowiem zdanie sobie sprawy kim tak naprawd\u0119 by\u0142 Jean-Marie Lustiger i jako kto odszed\u0142? Jego wielokrotne o\u015bwiadczenia oraz przejrzyste wieloletnie dzia\u0142ania wskazuj\u0105, \u017ce w g\u0142\u0119bi serca i duszy czu\u0142 si\u0119 \u017bydem, cho\u0107 formalnie nie by\u0142 cz\u0142onkiem Synagogi. To rozdwojenie prowadzi\u0142o do fa\u0142szywego rozumienia istoty i roli Ko\u015bcio\u0142a, a w rezultacie do wykonywania funkcji ko\u015bcielnych jedynie jako elementu gry s\u0142u\u017c\u0105cej szkodliwej judaizacji wiernych.<\/p>\r\n<p>Niech tajemnica nieprzeniknionego mi\u0142osierdzia Boga w Tr\u00f3jcy Jedynego, sprawiedliwie wynagrodzi jego dzia\u0142alno\u015b\u0107.<\/p>\r\n<p>&nbsp;<\/p>\r\n<blockquote>\r\n<p><strong>ZOB. R\u00d3WNIE\u017b:<\/strong><\/p>\r\n<ul>\r\n<li><a class=\"content_sz\" href=\"http:\/\/www.bibula.com\/?p=00868\" target=\"_blank\">&#8222;Odszed\u0142 do domu Ojca&#8221;<\/a><\/li>\r\n<li><a class=\"content_sz\" href=\"http:\/\/www.bibula.com\/17\/pasja_print.html\" target=\"_blank\">Bolesna M\u0119ka<\/a><\/li>\r\n<\/ul>\r\n<\/blockquote>","protected":false},"excerpt":{"rendered":"&#8222;Francja \u017cegna\u0142a paryskiego arcybiskupa&#8221; &#8211; donosi prasa izraelska w zwi\u0105zku z pogrzebem kardyna\u0142a Jean-Marie Lustiger, zmar\u0142ego 6 sierpnia br. w wieku 80. Rozdmuchane przez \u015bwiatow\u0105 pras\u0119 uroczysto\u015bci pogrzebowe wi\u0105\u017c\u0105 si\u0119 z pochodzeniem Aarona Lustiger &#8211; bo tak brzmia\u0142o jego prawdziwe imi\u0119 &#8211; oraz pogl\u0105dami tego duchownego, dla kt\u00f3rego katolicyzm by\u0142 tylko narz\u0119dziem do promowania judaizmu [&hellip;]","protected":false},"author":1,"featured_media":0,"comment_status":"closed","ping_status":"open","sticky":false,"template":"","format":"standard","meta":{"_acf_changed":false,"_monsterinsights_skip_tracking":false,"_monsterinsights_sitenote_active":false,"_monsterinsights_sitenote_note":"","_monsterinsights_sitenote_category":0,"ngg_post_thumbnail":0,"footnotes":"","_wp_rev_ctl_limit":""},"categories":[3],"tags":[191,18,101,33],"acf":[],"_links":{"self":[{"href":"https:\/\/www.bibula.com\/index.php?rest_route=\/wp\/v2\/posts\/1148"}],"collection":[{"href":"https:\/\/www.bibula.com\/index.php?rest_route=\/wp\/v2\/posts"}],"about":[{"href":"https:\/\/www.bibula.com\/index.php?rest_route=\/wp\/v2\/types\/post"}],"author":[{"embeddable":true,"href":"https:\/\/www.bibula.com\/index.php?rest_route=\/wp\/v2\/users\/1"}],"replies":[{"embeddable":true,"href":"https:\/\/www.bibula.com\/index.php?rest_route=%2Fwp%2Fv2%2Fcomments&post=1148"}],"version-history":[{"count":0,"href":"https:\/\/www.bibula.com\/index.php?rest_route=\/wp\/v2\/posts\/1148\/revisions"}],"wp:attachment":[{"href":"https:\/\/www.bibula.com\/index.php?rest_route=%2Fwp%2Fv2%2Fmedia&parent=1148"}],"wp:term":[{"taxonomy":"category","embeddable":true,"href":"https:\/\/www.bibula.com\/index.php?rest_route=%2Fwp%2Fv2%2Fcategories&post=1148"},{"taxonomy":"post_tag","embeddable":true,"href":"https:\/\/www.bibula.com\/index.php?rest_route=%2Fwp%2Fv2%2Ftags&post=1148"}],"curies":[{"name":"wp","href":"https:\/\/api.w.org\/{rel}","templated":true}]}}