{"id":114650,"date":"2020-06-05T11:17:11","date_gmt":"2020-06-05T15:17:11","guid":{"rendered":"http:\/\/www.bibula.com\/?p=114650"},"modified":"2020-06-19T13:12:15","modified_gmt":"2020-06-19T17:12:15","slug":"petycja-do-profesorow-uniwerystetu-waszyngton-czarni-powinni-byc-traktowani-ulgowo-na-egzaminach","status":"publish","type":"post","link":"https:\/\/www.bibula.com\/?p=114650","title":{"rendered":"Petycja do profesor\u00f3w Uniwersytetu Waszyngton: Czarni powinni by\u0107 traktowani ulgowo na egzaminach"},"content":{"rendered":"<p><strong>Studenci uniwersytetu w stanie Waszyngtonie domagaj\u0105 si\u0119, aby czarni studenci byli \u0142agodniej traktowani podczas egzamin\u00f3w fina\u0142owych, poniewa\u017c &#8222;s\u0105 zbyt zaj\u0119ci walk\u0105 o swoje prawa, aby mogli siedzie\u0107 i studiowa\u0107.&#8221;<\/strong><\/p>\r\n<p>Petycja student\u00f3w wzywa profesor\u00f3w <em>University of Washington<\/em>, aby swobodniej traktowali czarnych student\u00f3w. Do tej pory petycja zebra\u0142a prawie 50 tysi\u0119cy podpis\u00f3w.<\/p>\r\n<p>&#8222;<em>Nie mo\u017cemy siedzie\u0107 i patrze\u0107, jak rozwija si\u0119 niesprawiedliwo\u015b\u0107 na naszych oczach.<\/em>&#8221; &#8211; czytamy w petycji. &#8222;<em>Nie mamy przywilej\u00f3w, takie jakie maj\u0105 studenci biali i nie-czarni, aby ignorowa\u0107 to co si\u0119 dzieje i pozosta\u0107 w domu i uczy\u0107 si\u0119 do fina\u0142\u00f3w<\/em> \u201d- dodaje petycja.<\/p>\r\n<p>\u201e<em>Jeste\u015bmy zaj\u0119ci walk\u0105 o nasze prawa i prawa przysz\u0142ych czarnych dzieci i student\u00f3w do studiowania. To co Uniwersytet Waszyngton m\u00f3g\u0142by zrobi\u0107, to za\u017c\u0105da\u0107 od profesor\u00f3w \u0142agodnego traktowania [czarnych student\u00f3w] w tym czasie.<\/em>\u201d<\/p>\r\n<p>Petycja zosta\u0142a rozes\u0142ana do profesor\u00f3w przez dyrektora uniwersytetu do spraw relacji z mediami, z pro\u015bb\u0105 ich &#8222;<em>o rozwa\u017cenie, \u017ce kiedy jeste\u015bmy razem jako spo\u0142eczno\u015b\u0107, niekt\u00f3rzy s\u0105 bardziej dotkni\u0119ci ni\u017c inni<\/em>\u201d.<\/p>\r\n<p class=\"zrodlo\">Opracowanie: www.bibula.com na podstawie <a href=\"https:\/\/www.change.org\/p\/university-of-washington-uw-give-black-students-leniency-for-finals\">change.org (06-04-2020)<\/a><\/p>\r\n<h4>&nbsp;<\/h4>\r\n<hr style=\"background-color: #000000; border-width: 0; color: #000000; height: 2px; line-height: 0; text-align: center; width: 100%;\">\r\n<h4>&nbsp;<\/h4>\r\n<blockquote>\r\n<p><strong>KOMENTARZ <em>BIBU\u0141Y<\/em><\/strong>: Do tego wszystkiego warto doda\u0107, \u017ce wielu czarnych student\u00f3w dosta\u0142o si\u0119 do koled\u017c\u00f3w tylko dlatego, \u017ce zaliczaj\u0105 si\u0119 do dzisiejszej klasy uprzywilejowanej i otrzymali specjalne preferencyjne punkty. Teraz, nie radz\u0105 sobie i \u017c\u0105daj\u0105 &#8222;w ramach r\u00f3wno\u015bci&#8221; \u0142agodniejszego traktowania. Mo\u017ce lepiej tym czarnym od razu rozdawa\u0107 dyplomy uko\u0144czenia uczelni. B\u0119dzie to ta\u0144sze i wydajniejsze. B\u0119d\u0105 te\u017c mieli wi\u0119cej czasu na protestowanie i pl\u0105drowanie sklep\u00f3w.<\/p>\r\n<\/blockquote>\r\n<h4>&nbsp;<\/h4>\r\n<hr style=\"background-color: #000000; border-width: 0; color: #000000; height: 2px; line-height: 0; text-align: center; width: 100%;\">\r\n<h4>&nbsp;<\/h4>\r\n<h2><br>\r\nMatematyk straci\u0142 prac\u0119, bo nie podni\u00f3s\u0142 ocen czarnym po \u015bmierci George\u2019a Floyda<\/h2>\r\n<p><strong>Profesor matematyki Gordon Klein z University of California w Los Angeles zosta\u0142 zwolniony, bo odm\u00f3wi\u0142 podwy\u017cszania ocen czarnosk\u00f3rym po \u015bmierci George\u2019a Floyda.<\/strong><\/p>\r\n<p>Na Uniwersytecie Kalifornijskim w Los Angeles dziej\u0105 si\u0119 przedziwne rzeczy. Czarnosk\u00f3rzy studenci mieli tam dostawa\u0107 wy\u017csze oceny, bo \u201ecierpi\u0105 z powodu \u015bmierci George\u2019a Floyda\u201d. Matematyk Gordon Klein nie poszed\u0142 na taki uk\u0142ad i zosta\u0142 zawieszony.<\/p>\r\n<p>\u201eGordon Klein, profesor rachunkowo\u015bci, zosta\u0142 zawieszony na trzy tygodnie po tym jak odm\u00f3wi\u0142 w odpowiedzi na e-maile z pro\u015bb\u0105 o \u0142agodne ocenianie czarnych student\u00f3w\u201d &#8211; czytamy w artykule Daily Mail autorstwa w artykule Harriet Alexander.<br>\r\nReklama<\/p>\r\n<p>Co ciekawe, Klein nie napisa\u0142 nawet wprost, \u017ce nie chce podnosi\u0107 czarnym ocen. Zauwa\u017cy\u0142 po prostu, \u017ce \u201enie ma poj\u0119cia, kto by\u0142 czarny, poniewa\u017c kurs rachunk\u00f3w jest online\u201d.<\/p>\r\n<p>Profesor wyk\u0142ada\u0142 na uniwersytecie 39 lat. Dopiero teraz opinia publiczna odkry\u0142a w nim rasist\u0119. Klein nie tylko straci\u0142 prac\u0119. Profesor dostaje pogr\u00f3\u017cki i musi przemieszcza\u0107 si\u0119 w asy\u015bcie policji.<\/p>\r\n<p>Sam pomys\u0142 podwy\u017cszania ocen ze wzgl\u0119du na kolor sk\u00f3ry i to tylko dlatego, \u017ce zabito kryminalist\u0119 i degenerata, jest skrajnie absurdalny. Tak jednak dzi\u015b wygl\u0105da USA i rzeczywisto\u015b\u0107 na zlewicowanych ameryka\u0144skich uczelniach.<\/p>\r\n<p>\u0179r\u00f3d\u0142o: Daily Mail<\/p>\r\n<p class=\"zrodlo\">Za: <a href=\"https:\/\/nczas.com\/2020\/06\/19\/matematyk-stracil-prace-bo-nie-podniosl-ocen-czarnym-po-smierci-georgea-floyda\/\">Najwy\u017cszy Czas! (19 czerwca 2020)<\/a><\/p>\r\n<h4>&nbsp;<\/h4>\r\n<hr style=\"background-color: #000000; border-width: 0; color: #000000; height: 2px; line-height: 0; text-align: center; width: 100%;\">\r\n<h4>&nbsp;<\/h4>","protected":false},"excerpt":{"rendered":"Studenci uniwersytetu w stanie Waszyngtonie domagaj\u0105 si\u0119, aby czarni studenci byli \u0142agodniej traktowani podczas egzamin\u00f3w fina\u0142owych, poniewa\u017c &#8222;s\u0105 zbyt zaj\u0119ci walk\u0105 o swoje prawa, aby mogli siedzie\u0107 i studiowa\u0107.&#8221; Petycja student\u00f3w wzywa profesor\u00f3w University of Washington, aby swobodniej traktowali czarnych student\u00f3w. Do tej pory petycja zebra\u0142a prawie 50 tysi\u0119cy podpis\u00f3w. &#8222;Nie mo\u017cemy siedzie\u0107 i patrze\u0107, [&hellip;]","protected":false},"author":1,"featured_media":0,"comment_status":"closed","ping_status":"closed","sticky":false,"template":"","format":"standard","meta":{"_acf_changed":false,"_monsterinsights_skip_tracking":false,"_monsterinsights_sitenote_active":false,"_monsterinsights_sitenote_note":"","_monsterinsights_sitenote_category":0,"ngg_post_thumbnail":0,"footnotes":"","_wp_rev_ctl_limit":""},"categories":[7],"tags":[25,31,20,221],"acf":[],"_links":{"self":[{"href":"https:\/\/www.bibula.com\/index.php?rest_route=\/wp\/v2\/posts\/114650"}],"collection":[{"href":"https:\/\/www.bibula.com\/index.php?rest_route=\/wp\/v2\/posts"}],"about":[{"href":"https:\/\/www.bibula.com\/index.php?rest_route=\/wp\/v2\/types\/post"}],"author":[{"embeddable":true,"href":"https:\/\/www.bibula.com\/index.php?rest_route=\/wp\/v2\/users\/1"}],"replies":[{"embeddable":true,"href":"https:\/\/www.bibula.com\/index.php?rest_route=%2Fwp%2Fv2%2Fcomments&post=114650"}],"version-history":[{"count":0,"href":"https:\/\/www.bibula.com\/index.php?rest_route=\/wp\/v2\/posts\/114650\/revisions"}],"wp:attachment":[{"href":"https:\/\/www.bibula.com\/index.php?rest_route=%2Fwp%2Fv2%2Fmedia&parent=114650"}],"wp:term":[{"taxonomy":"category","embeddable":true,"href":"https:\/\/www.bibula.com\/index.php?rest_route=%2Fwp%2Fv2%2Fcategories&post=114650"},{"taxonomy":"post_tag","embeddable":true,"href":"https:\/\/www.bibula.com\/index.php?rest_route=%2Fwp%2Fv2%2Ftags&post=114650"}],"curies":[{"name":"wp","href":"https:\/\/api.w.org\/{rel}","templated":true}]}}