{"id":114616,"date":"2020-06-04T17:39:26","date_gmt":"2020-06-04T21:39:26","guid":{"rendered":"http:\/\/www.bibula.com\/?p=114616"},"modified":"2020-06-04T17:39:26","modified_gmt":"2020-06-04T21:39:26","slug":"premier-w-sejmie-o-nowym-swiatowym-porzadku","status":"publish","type":"post","link":"https:\/\/www.bibula.com\/?p=114616","title":{"rendered":"Premier w Sejmie o\u2026 \u201enowym \u015bwiatowym porz\u0105dku&#8221;"},"content":{"rendered":"<p><strong>Mateusz Morawiecki zaskoczy\u0142 krytyk\u00f3w globalizmu u\u017cytym w czwartkowym wyst\u0105pieniu sejmowym sformu\u0142owaniem, kt\u00f3re dla jednych oznacza element jednej ze \u201espiskowych teorii dziej\u00f3w\u201d, za\u015b dla innych uosabia zagro\u017cenia zwi\u0105zane z tworzeniem \u015bwiatowego systemu polityczno-gospodarczo-spo\u0142ecznego o charakterze totalitarnym.<\/strong><\/p>\r\n<p>&#8211; <em>Szanowny Panie Prezydencie, Pani Marsza\u0142ek, Wysoka Izbo! Na naszych oczach wykuwa si\u0119 nowy porz\u0105dek \u015bwiata, \u015bwiata po koronawirusie. Wiemy doskonale, \u017ce to, co dzieje si\u0119 dzisiaj, b\u0119dzie mia\u0142o wp\u0142yw na Polsk\u0119, na Europ\u0119 za pi\u0119\u0107, za dziesi\u0119\u0107 lat<\/em> &#8211; tak rozpocz\u0105\u0142 szef rz\u0105du swe przem\u00f3wienie, w kt\u00f3rym uzasadnia\u0142 wniosek o wotum zaufania.<\/p>\r\n<p>U\u017cyte we wst\u0119pie sformu\u0142owanie \u201enowy porz\u0105dek \u015bwiata\u201d zwr\u00f3ci\u0142o uwag\u0119 u\u017cytkownik\u00f3w medi\u00f3w spo\u0142eczno\u015bciowych. Odpowiada bowiem globalistycznej koncepcji \u015bwiatowego rz\u0105du i systemu totalnej kontroli. Teoria \u201eNew World Order\u201d, zaliczana przez g\u0142\u00f3wny nurt opinii do katalogu teorii spiskowych, przywo\u0142ywana by\u0142a w ostatnim czasie z powodu globalnego re\u017cimu sanitarnego, spowodowanego \u015bwiatow\u0105 ekspansj\u0105 koronawirusa.<\/p>\r\n<p><strong><img fetchpriority=\"high\" decoding=\"async\" class=\"aligncenter\" src=\"https:\/\/www.pch24.pl\/files\/tarnowski%20.jpg\" width=\"600\" height=\"576\"><\/strong><\/p>\r\n<p><img decoding=\"async\" class=\"aligncenter\" src=\"https:\/\/www.pch24.pl\/files\/podlasianka.jpg\" width=\"600\" height=\"576\"><\/p>\r\n<p><img decoding=\"async\" class=\"aligncenter\" src=\"https:\/\/www.pch24.pl\/files\/rola.jpg\" width=\"600\" height=\"576\"><\/p>\r\n<p>W ostatnim czasie uwag\u0119 krytycy globalizacji i post\u0119puj\u0105cej &#8211; w miar\u0119 tworzenia kolejnych sprzyjaj\u0105cych temu wynalazk\u00f3w nauki i techniki &#8211; kontroli spo\u0142ecznej, przypomnieli tak\u017ce utworzenie przez Organizacj\u0119 Narod\u00f3w Zjednoczonych programu o tej nazwie. Sta\u0142o si\u0119 to w roku poprzedniego \u015bwiatowego kryzysu.<\/p>\r\n<p>Na oficjalnej witrynie wspomnianej inicjatywy znajdujemy ulubione frazesy lewicy i globalist\u00f3w: \u201eProjekt Narod\u00f3w Zjednoczonych <em>Nowy \u015awiatowy Porz\u0105dek<\/em> [New World Order] jest globaln\u0105 inicjatyw\u0105 wysokiego szczebla za\u0142o\u017con\u0105 w 2008 r. W celu promowania nowego paradygmatu gospodarczego, nowego porz\u0105dku politycznego, a szerzej &#8211; nowego porz\u0105dku \u015bwiatowego dla ludzko\u015bci, kt\u00f3ry osi\u0105ga globalne cele ONZ dotycz\u0105ce zr\u00f3wnowa\u017conego rozwoju do 2030 r., a szcz\u0119\u015bcie, dobrobyt i&nbsp;wolno\u015b\u0107 ka\u017cdego \u017cycia na Ziemi do 2050 roku\u201d.<\/p>\r\n<p><img loading=\"lazy\" decoding=\"async\" class=\"aligncenter\" src=\"https:\/\/www.pch24.pl\/files\/nwo%20un%20.jpg\" alt=\"\" width=\"599\" height=\"303\"><\/p>\r\n<p>\u0179r\u00f3d\u0142a: TVP Parlament, Twitter, unwwo.org<\/p>\r\n<p>RoM<\/p>\r\n<blockquote>\r\n<p>[<strong>Wybrane wypowiedzi internaut\u00f3w pod w\/w tekstem na stronie \u017ar\u00f3d\u0142owej:<\/strong>]<\/p>\r\n<p>Dlaczego to niekt\u00f3rych dziwi , \u017ce Premier Morawiecki m\u00f3wi o &#8222;nowym porz\u0105dku \u015bwiata&#8221;. Projekt globalny tzw. &#8221; Zr\u00f3wnowa\u017cony Rozw\u00f3j &#8221; wszystko si\u0119 w tym zawiera. Morawiecki i inni zostali do tego przygotowani, aby w naszym kraju zaprowadzi\u0107 &#8221; nowy porz\u0105dek \u015bwiata&#8221;. Przez te kilka lat konsekwentnie realizowany &#8230; Aborcja, gender, coraz wi\u0119ksze podporz\u0105dkowanie Ko\u015bcio\u0142a w\u0142adzy pa\u0144stwowej,niszczenie wiary .., prze\u015bladowanie wierz\u0105cy w Chrystusa.. Przecie\u017c to s\u0105 fakty, kt\u00f3re si\u0119 dziej\u0105 na naszych oczach. Chyba ju\u017c nikt nie powinien mie\u0107 z\u0142udze\u0144 , co do obecnej w\u0142adzy.<br>\r\n<em>Ula<\/em><br>\r\n<br>\r\nTeoria &#8222;New World Order&#8221; &#8211; co za teoria. Czy dolar z napisem NOVUS ORDO SECLORUM to jest teoria? Czy premier Morawiecki wyg\u0142asza teorie i to jeszcze spiskowe. Rozejrzyjcie si\u0119 doko\u0142a.<br>\r\n<em>Ry\u015b<\/em><\/p>\r\n<\/blockquote>\r\n<p class=\"zrodlo\">Za: <a href=\"https:\/\/www.pch24.pl\/premier-w-sejmie-o-nowym-swiatowym-porzadku,76412,i.html\">PoloniaChristiana &#8211; pch24.pl (2020-06-04)<\/a><\/p>\r\n<h4>&nbsp;<\/h4>\r\n<hr style=\"background-color: #000000; border-width: 0; color: #000000; height: 2px; line-height: 0; text-align: center; width: 100%;\">\r\n<h4>&nbsp;<\/h4>","protected":false},"excerpt":{"rendered":"Mateusz Morawiecki zaskoczy\u0142 krytyk\u00f3w globalizmu u\u017cytym w czwartkowym wyst\u0105pieniu sejmowym sformu\u0142owaniem, kt\u00f3re dla jednych oznacza element jednej ze \u201espiskowych teorii dziej\u00f3w\u201d, za\u015b dla innych uosabia zagro\u017cenia zwi\u0105zane z tworzeniem \u015bwiatowego systemu polityczno-gospodarczo-spo\u0142ecznego o charakterze totalitarnym. &#8211; Szanowny Panie Prezydencie, Pani Marsza\u0142ek, Wysoka Izbo! Na naszych oczach wykuwa si\u0119 nowy porz\u0105dek \u015bwiata, \u015bwiata po koronawirusie. Wiemy [&hellip;]","protected":false},"author":1,"featured_media":0,"comment_status":"closed","ping_status":"closed","sticky":false,"template":"","format":"standard","meta":{"_acf_changed":false,"_monsterinsights_skip_tracking":false,"_monsterinsights_sitenote_active":false,"_monsterinsights_sitenote_note":"","_monsterinsights_sitenote_category":0,"ngg_post_thumbnail":0,"footnotes":"","_wp_rev_ctl_limit":""},"categories":[8],"tags":[98,351],"acf":[],"_links":{"self":[{"href":"https:\/\/www.bibula.com\/index.php?rest_route=\/wp\/v2\/posts\/114616"}],"collection":[{"href":"https:\/\/www.bibula.com\/index.php?rest_route=\/wp\/v2\/posts"}],"about":[{"href":"https:\/\/www.bibula.com\/index.php?rest_route=\/wp\/v2\/types\/post"}],"author":[{"embeddable":true,"href":"https:\/\/www.bibula.com\/index.php?rest_route=\/wp\/v2\/users\/1"}],"replies":[{"embeddable":true,"href":"https:\/\/www.bibula.com\/index.php?rest_route=%2Fwp%2Fv2%2Fcomments&post=114616"}],"version-history":[{"count":0,"href":"https:\/\/www.bibula.com\/index.php?rest_route=\/wp\/v2\/posts\/114616\/revisions"}],"wp:attachment":[{"href":"https:\/\/www.bibula.com\/index.php?rest_route=%2Fwp%2Fv2%2Fmedia&parent=114616"}],"wp:term":[{"taxonomy":"category","embeddable":true,"href":"https:\/\/www.bibula.com\/index.php?rest_route=%2Fwp%2Fv2%2Fcategories&post=114616"},{"taxonomy":"post_tag","embeddable":true,"href":"https:\/\/www.bibula.com\/index.php?rest_route=%2Fwp%2Fv2%2Ftags&post=114616"}],"curies":[{"name":"wp","href":"https:\/\/api.w.org\/{rel}","templated":true}]}}