{"id":114612,"date":"2020-06-04T12:28:32","date_gmt":"2020-06-04T16:28:32","guid":{"rendered":"http:\/\/www.bibula.com\/?p=114612"},"modified":"2020-06-04T18:25:21","modified_gmt":"2020-06-04T22:25:21","slug":"rasizm-w-usa-czarnoskory-dziennikarz-obnaza-hipokryzje-black-lives-matter","status":"publish","type":"post","link":"https:\/\/www.bibula.com\/?p=114612","title":{"rendered":"Rasizm w USA? Czarnosk\u00f3ry dziennikarz obna\u017ca hipokryzj\u0119 Black Lives Matter"},"content":{"rendered":"<p><strong>Czarnosk\u00f3ry pisarz i prezenter radiowy, <a href=\"https:\/\/www.wykop.pl\/link\/5533903\/szwindel-ktory-kryje-sie-za-ruchem-blacklivesmatter\/\">Larry Elder, w jednym z wywiad\u00f3w udowodni\u0142<\/a>, \u017ce ruch \u201eBlack Lives Matter\u201d opiera si\u0119 wy\u0142\u0105cznie na lewackiej propagandzie. Wskaza\u0142, \u017ce rasizm w USA jest wymy\u015blonym zjawiskiem, na kt\u00f3re nie ma \u017cadnych dowod\u00f3w.<\/strong><\/p>\r\n<div class=\"td-post-featured-image\">\r\n<p><img fetchpriority=\"high\" decoding=\"async\" class=\"aligncenter\" title=\"larry_elder_nczas\" src=\"https:\/\/nczas.com\/wp-content\/uploads\/2020\/06\/larry_elder_nczas-696x464.jpg\" sizes=\"(max-width: 696px) 100vw, 696px\" srcset=\"https:\/\/nczas.com\/wp-content\/uploads\/2020\/06\/larry_elder_nczas-696x464.jpg 696w, https:\/\/nczas.com\/wp-content\/uploads\/2020\/06\/larry_elder_nczas-300x200.jpg 300w, https:\/\/nczas.com\/wp-content\/uploads\/2020\/06\/larry_elder_nczas-1024x683.jpg 1024w, https:\/\/nczas.com\/wp-content\/uploads\/2020\/06\/larry_elder_nczas-768x512.jpg 768w, https:\/\/nczas.com\/wp-content\/uploads\/2020\/06\/larry_elder_nczas-1068x712.jpg 1068w, https:\/\/nczas.com\/wp-content\/uploads\/2020\/06\/larry_elder_nczas-630x420.jpg 630w, https:\/\/nczas.com\/wp-content\/uploads\/2020\/06\/larry_elder_nczas.jpg 1200w\" alt=\"Larry Elder\/Fot. screen wykop.pl\/rasizm\" width=\"597\" height=\"398\"><\/p>\r\n<p style=\"text-align: center;\"><em>Larry Elder\/Fot. screen wykop.pl<\/em><\/p>\r\n<p>Prowadz\u0105cy pr\u00f3bowa\u0142 przekona\u0107 czarnosk\u00f3rego Eldera, \u017ce w USA istnieje rasizm. Twierdzi\u0142, \u017ce jest on \u201einstytucj\u0105\u201d i \u201enadal istnieje\u201d, jako pok\u0142osie niewolnictwa. Przekonywa\u0142 r\u00f3wnie\u017c, \u017ce rzekomo istnieje og\u00f3lna tendencja, \u017ce policjanci s\u0105 bardziej sk\u0142onni strzela\u0107, je\u015bli przest\u0119pca jest czarny.<\/p>\r\n<p>Elder wskaza\u0142 jednak, \u017ce fakty s\u0105 zupe\u0142nie inne. &#8211;<em> 965 ludzi zosta\u0142o zastrzelonych przez policj\u0119 w zesz\u0142ym roku. 4 proc. przypadk\u00f3w to bia\u0142y policjant strzelaj\u0105cy do nieuzbrojonych czarnych &#8211; <\/em>m\u00f3wi\u0142.<\/p>\r\n<p>&#8211; <em>W Chicago w 2011 roku zastrzelono 21 ludzi, w 2015 &#8211; 7.<\/em> W Chicago, kt\u00f3re jest w 1\/3 bia\u0142e, w 1\/3 czarne i w 1\/3 latynoskie 70 proc. zab\u00f3jstw pope\u0142nianych jest przez czarnych na czarnych. 40 w miesi\u0105cu, prawie 500 rocznie w samym Chicago i ponad 70 proc. tych spraw jest nierozwi\u0105zana. Dlaczego<a href=\"https:\/\/nczas.com\/2020\/06\/03\/czlonek-black-lives-matter-kaze-kobiecie-kleknac-i-przeprosic-za-bycie-biala-ta-nie-ma-z-tym-zadnego-problemu-i-od-razu-kleka-video\/\"> Black Lives Matter<\/a> o tym nie m\u00f3wi? &#8211; doda\u0142 radiowiec. Jak podkre\u015bla\u0142, teza o rasistowskich bia\u0142ych policjantach strzelaj\u0105cych do czarnych jest z gruntu fa\u0142szywa.<\/p>\r\n<p>&#8211; <em>Powodem, dla kt\u00f3rego ci tzw. aktywi\u015bci o tym m\u00f3wi\u0105 jest za\u0142o\u017cenie, \u017ce rasizm nadal jest wielkim problemem w USA. Media &#8211; CNN, a zw\u0142aszcza MSNBC &#8211; szalej\u0105, gdy tylko policja zabije murzyna i od razu organizuj\u0105 jaki\u015b \u201eMarsz na Waszyngton\u201d<\/em> &#8211; stwierdzi\u0142.<\/p>\r\n<p>&#8211; <em>To niedorzeczne. Po\u0142owa zab\u00f3jstw w USA pope\u0142niana jest przez czarnych na czarnych. W zesz\u0142ym roku by\u0142o to 14 tys. zab\u00f3jstw &#8211;<\/em> podkre\u015bli\u0142.<\/p>\r\n<h4>Demokraci zbijaj\u0105 kapita\u0142 polityczny<\/h4>\r\n<p>Dziennikarz dopytywa\u0142, czy zdaniem Eldera g\u0142oszenie propagandowych hase\u0142 o rzekomym rasizmie jest spowodowane wy\u0142\u0105cznie \u201esprawiedliwo\u015bci\u0105 spo\u0142eczn\u0105\u201d. &#8211;<em> M\u00f3wi si\u0119 o tym tylko po to, \u017ceby ludzie byli nadal wzburzeni i g\u0142osowali na demokrat\u00f3w?<\/em> &#8211; pyta\u0142.<\/p>\r\n<p>Czarnosk\u00f3ry go\u015b\u0107 zgodzi\u0142 si\u0119 z t\u0105 tez\u0105. Wskaza\u0142, \u017ce nie ma dowod\u00f3w na brak sprawiedliwo\u015bci spo\u0142ecznej.<\/p>\r\n<p>&#8211;<em> Kiedy czarny podejrzany zostaje zabity przez policjanta media siadaj\u0105 na to, ludzie to ogl\u0105daj\u0105 i w wi\u0119kszo\u015bci sytuacji sprawiedliwo\u015bci staje si\u0119 zado\u015b\u0107<\/em> &#8211; m\u00f3wi\u0142.<\/p>\r\n<p>Przytoczy\u0142 przyk\u0142ad \u015bmierci Freddiego Graya w Baltimore. &#8211; <em>Miasto jest w 45 proc. czarne, rada miasta to sami demokraci, wi\u0119kszo\u015b\u0107 rady miejskiej jest czarna, szef policji by\u0142 wtedy czarny, zast\u0119pca te\u017c. Wi\u0119kszo\u015b\u0107 oficer\u00f3w jest czarna, burmistrz jest czarny, prokurator generalny jest czarny. Mimo to m\u00f3wimy tu o rasizmie. To absurdalne<\/em> &#8211; m\u00f3wi\u0142.<\/p>\r\n<p>Wskaza\u0142 te\u017c, \u017ce badania Uniwersytetu w Waszyngtonie wskazuj\u0105, \u017ce biali policjanci cz\u0119\u015bciej wahaj\u0105 si\u0119 u\u017cy\u0107 broni, gdy przest\u0119pca jest czarny. Boj\u0105 si\u0119 bowiem oskar\u017ce\u0144 o rasizm.<\/p>\r\n<p>Zdaniem Eldera, najwi\u0119kszym problemem w czarnej spo\u0142eczno\u015bci jest to, \u017ce a\u017c 75 proc. murzyn\u00f3w wychowuje si\u0119 bez ojca.<\/p>\r\n<p>&#8211;<em> To si\u0119 \u0142\u0105czy ze wszystkimi innymi problemami spo\u0142ecznymi.<\/em> Przest\u0119pczo\u015b\u0107, gorsze wyniki ekonomiczne, wi\u0119ksza szansa na bycie aresztowanym, to wynika z tego najwa\u017cniejszego problemu czarnej spo\u0142eczno\u015bci &#8211; podkre\u015bli\u0142.<\/p>\r\n<p>Ca\u0142y program w j\u0119zyku angielskim do obejrzenia pod tym linkiem:<\/p>\r\n<p><iframe title=\"Conservatives, Black Lives Matter, Racism | Larry Elder | POLITICS | Rubin Report\" src=\"https:\/\/www.youtube.com\/embed\/IFqVNPwsLNo?feature=oembed\" allowfullscreen=\"allowfullscreen\" data-mce-fragment=\"1\" width=\"600\" height=\"392\" frameborder=\"0\"><span style=\"display: inline-block; width: 0px; overflow: hidden; line-height: 0;\" data-mce-type=\"bookmark\" class=\"mce_SELRES_start\">\u00ef\u00bb\u00bf<\/span><\/iframe><\/p>\r\n<p class=\"zrodlo\">Za: <a href=\"https:\/\/nczas.com\/2020\/06\/04\/rasizm-w-usa-czarnoskory-dziennikarz-obnaza-hipokryzje-black-lives-matter\/\">Najwy\u017cszy Czas! (4 czerwca 2020)<\/a><\/p>\r\n<h4>&nbsp;<\/h4>\r\n<hr style=\"background-color: #000000; border-width: 0; color: #000000; height: 2px; line-height: 0; text-align: center; width: 100%;\">\r\n<h4>&nbsp;<\/h4>\r\n<h2>Policja zabija dwa razy wi\u0119cej bia\u0142ych ni\u017c&nbsp;czarnych<\/h2>\r\n<p><strong>Protesty zwi\u0105zane ze \u015bmierci\u0105 czarnosk\u00f3rego George\u2019a Floyda wydaj\u0105 si\u0119 nie ustawa\u0107, a tymczasem opublikowano nowe statystyki dotycz\u0105ce liczby Amerykan\u00f3w zastrzelonych podczas policyjnych interwencji.<\/strong><\/p>\r\n<p>Wida\u0107 w nich wyra\u017anie, \u017ce biali obywatele Stan\u00f3w Zjednoczonych gin\u0105 dwa razy cz\u0119\u015bciej ni\u017c czarni, przy czym w przypadku tych drugich widoczna jest du\u017ca nadreprezentacja ofiar w stosunku do odsetka czarnosk\u00f3rych w\u015br\u00f3d ameryka\u0144skiej populacji.<\/p>\r\n<p>Konserwatywny dwutygodnik \u201eNational Review\u201d zamie\u015bci\u0142 tekst po\u015bwi\u0119cony statystykom dotycz\u0105c\u0105 liczby ofiar, kt\u00f3re w ostatnich latach zgin\u0119\u0142y w wyniku u\u017cycia broni palnej podczas policyjnych interwencji. To w\u0142a\u015bnie brutalno\u015b\u0107 ameryka\u0144skiej policji, w tym r\u00f3wnie\u017c nadu\u017cywanie przez nich broni palnej, ma by\u0107 jedn\u0105 z przyczyn protest\u00f3w maj\u0105cych miejsce po \u015bmierci czarnosk\u00f3rego mieszka\u0144ca Minneapolis.<\/p>\r\n<p>Pismo powo\u0142uje si\u0119 na dane serwisu Statista.com, czyli og\u00f3lno\u015bwiatowej platformy gromadz\u0105cej miliony statystyk na temat r\u00f3\u017cnorodnych zagadnie\u0144. Je\u015bli chodzi o dane dotycz\u0105ce policyjnych interwencji w USA, zako\u0144czonych strzelanin\u0105, wida\u0107 wyra\u017anie, \u017ce biali Amerykanie du\u017co cz\u0119\u015bciej gin\u0105 w podobnych przypadkach.<\/p>\r\n<p>W ubieg\u0142ym roku funkcjonariusze zabili 235 czarnosk\u00f3rych os\u00f3b oraz 370 bia\u0142ych. W 2018 r. by\u0142 to stosunek 209 do 399, a w 2017 r. 223 do 457.<\/p>\r\n<p>Wida\u0107 wi\u0119c wyra\u017anie, \u017ce czarnosk\u00f3rzy prawie dwa razy cz\u0119\u015bciej padaj\u0105 ofiar\u0105 policyjnych interwencji. Sama liczba strzelanin podczas takich wydarze\u0144 utrzymuje si\u0119 tak naprawd\u0119 na sta\u0142ym poziomie oko\u0142o tysi\u0105ca przypadk\u00f3w rocznie. Og\u00f3\u0142em murzyni stanowi\u0105 25 proc. wszystkich ofiar mundurowych, stanowi\u0105c jednocze\u015bnie tylko 13 proc. ca\u0142ej populacji Stan\u00f3w Zjednoczonych.<\/p>\r\n<p>\u201eNational Review\u201d zauwa\u017ca, \u017ce wspomniany Floyd zgin\u0105\u0142 podczas policyjnej interwencji, b\u0119d\u0105c osob\u0105 nieuzbrojon\u0105. Nawet uwzgl\u0119dniaj\u0105c ten fakt, bia\u0142a ludno\u015b\u0107 USA ginie du\u017co cz\u0119\u015bciej ni\u017c czarnosk\u00f3rzy &#8211; w ubieg\u0142ym roku policja zabi\u0142a 19 bia\u0142ych oraz 9 czarnych m\u0119\u017cczyzn, kt\u00f3rzy nie posiadali przy sobie \u017cadnej broni.<\/p>\r\n<p>Andrew C. McCarthy, czo\u0142owy publicysta dwutygodnika i by\u0142y prokurator, zauwa\u017ca jednocze\u015bnie, \u017ce czarnosk\u00f3rzy stanowi\u0105c <strong>13 proc. populacji kraju s\u0105 odpowiedzialni za 53 proc. wszystkich morderstw oraz 60 proc. kradzie\u017cy. <\/strong><\/p>\r\n<p>Z tych danych nie wynika cz\u0119sto podnoszony argument, i\u017c policja interesuje si\u0119 nimi du\u017co cz\u0119\u015bciej ni\u017c bia\u0142ymi Amerykanami &#8211; statystyki zab\u00f3jstw i kradzie\u017cy dotycz\u0105 bowiem spraw zg\u0142aszanych przez przedstawicieli wszystkich ras.<\/p>\r\n<p><em>Na podstawie: nationalreview.com, foxnews.com<\/em><br>\r\n<em><a href=\"http:\/\/autonom.pl\/?p=31745\" target=\"_blank\" rel=\"noopener noreferrer\">http:\/\/autonom.pl<\/a><\/em><\/p>\r\n<p class=\"zrodlo\">Za: <a href=\"https:\/\/marucha.wordpress.com\/2020\/06\/04\/policja-zabija-dwa-razy-wiecej-bialych-niz-czarnych\/\">Dziennik gajowego Maruchy (2020-06-04)<\/a><\/p>\r\n<h4>&nbsp;<\/h4>\r\n<hr style=\"background-color: #000000; border-width: 0; color: #000000; height: 2px; line-height: 0; text-align: center; width: 100%;\">\r\n<h4>&nbsp;<\/h4>\r\n<\/div>","protected":false},"excerpt":{"rendered":"Czarnosk\u00f3ry pisarz i prezenter radiowy, Larry Elder, w jednym z wywiad\u00f3w udowodni\u0142, \u017ce ruch \u201eBlack Lives Matter\u201d opiera si\u0119 wy\u0142\u0105cznie na lewackiej propagandzie. Wskaza\u0142, \u017ce rasizm w USA jest wymy\u015blonym zjawiskiem, na kt\u00f3re nie ma \u017cadnych dowod\u00f3w. Larry Elder\/Fot. screen wykop.pl Prowadz\u0105cy pr\u00f3bowa\u0142 przekona\u0107 czarnosk\u00f3rego Eldera, \u017ce w USA istnieje rasizm. Twierdzi\u0142, \u017ce jest on [&hellip;]","protected":false},"author":1,"featured_media":0,"comment_status":"closed","ping_status":"closed","sticky":false,"template":"","format":"standard","meta":{"_acf_changed":false,"_monsterinsights_skip_tracking":false,"_monsterinsights_sitenote_active":false,"_monsterinsights_sitenote_note":"","_monsterinsights_sitenote_category":0,"ngg_post_thumbnail":0,"footnotes":"","_wp_rev_ctl_limit":""},"categories":[7],"tags":[31,20,221],"acf":[],"_links":{"self":[{"href":"https:\/\/www.bibula.com\/index.php?rest_route=\/wp\/v2\/posts\/114612"}],"collection":[{"href":"https:\/\/www.bibula.com\/index.php?rest_route=\/wp\/v2\/posts"}],"about":[{"href":"https:\/\/www.bibula.com\/index.php?rest_route=\/wp\/v2\/types\/post"}],"author":[{"embeddable":true,"href":"https:\/\/www.bibula.com\/index.php?rest_route=\/wp\/v2\/users\/1"}],"replies":[{"embeddable":true,"href":"https:\/\/www.bibula.com\/index.php?rest_route=%2Fwp%2Fv2%2Fcomments&post=114612"}],"version-history":[{"count":0,"href":"https:\/\/www.bibula.com\/index.php?rest_route=\/wp\/v2\/posts\/114612\/revisions"}],"wp:attachment":[{"href":"https:\/\/www.bibula.com\/index.php?rest_route=%2Fwp%2Fv2%2Fmedia&parent=114612"}],"wp:term":[{"taxonomy":"category","embeddable":true,"href":"https:\/\/www.bibula.com\/index.php?rest_route=%2Fwp%2Fv2%2Fcategories&post=114612"},{"taxonomy":"post_tag","embeddable":true,"href":"https:\/\/www.bibula.com\/index.php?rest_route=%2Fwp%2Fv2%2Ftags&post=114612"}],"curies":[{"name":"wp","href":"https:\/\/api.w.org\/{rel}","templated":true}]}}