{"id":114576,"date":"2020-06-01T17:19:05","date_gmt":"2020-06-01T21:19:05","guid":{"rendered":"http:\/\/www.bibula.com\/?p=114576"},"modified":"2020-06-01T17:19:05","modified_gmt":"2020-06-01T21:19:05","slug":"lukaszenko-do-szefa-kgb-majdanow-na-bialorusi-nie-bedzie","status":"publish","type":"post","link":"https:\/\/www.bibula.com\/?p=114576","title":{"rendered":"\u0141ukaszenko do szefa KGB: Majdan\u00f3w na Bia\u0142orusi nie b\u0119dzie"},"content":{"rendered":"<p><strong>Prezydent Bia\u0142orusi wezwa\u0142 dzi\u015b do siebie szefa Komitetu Bezpiecze\u0144stwa Pa\u0144stwowego (KGB) Walerija Wakulczyka. W czasie szeroko relacjonowanego posiedzenia \u0141ukaszenko odwo\u0142a\u0142 si\u0119 do mobilizacji zwolennik\u00f3w opozycji.<\/strong><\/p>\r\n<p>W ostatnich dniach <a href=\"https:\/\/kresy.pl\/wydarzenia\/regiony\/bialorus\/bialorus-ludzie-masowo-gromadza-sie-by-okazac-poparcie-dla-zatrzymanego-opozycjonisty-video\/\">na ulice bia\u0142oruskich miast wysz\u0142y tysi\u0105ce obywateli<\/a> chc\u0105cych z\u0142o\u017cy\u0107 podpisy na listach poparcia dla os\u00f3b, kt\u00f3re chc\u0105 wystawi\u0107 swoje kandydatury w przypadaj\u0105cych na 9 sierpnia wyborach prezydenckich. Gromadz\u0105cy si\u0119 ludzie urz\u0105dzaj\u0105 spontaniczne manifestacje przeciw obecnemu prezydentowi Bia\u0142orusi i poparcia dla Swiet\u0142any Ciechanowskiej, \u017cony popularnego blogera Siergieja Ciechanowskiego, kt\u00f3ry pierwotnie sam chcia\u0142 wystawi\u0107 swoj\u0105 kandydatur\u0119 i w <a href=\"https:\/\/kresy.pl\/wydarzenia\/bialorus-popularny-bloger-zatrzymany-podczas-pikiety-w-grodnie-video-foto\/\">pi\u0105tek zosta\u0142 aresztowany przez milicj\u0119<\/a>. Ciechanowski ostro krytykuje \u0141ukaszenk\u0119 nazywaj\u0105c go nawet \u201ekaraluchem\u201d.<\/p>\r\n<p>Aresztowanie Ciechanowskiego nie jest jedynym sygna\u0142em stanowczo\u015bci bia\u0142oruskiego przyw\u00f3dcy. W poniedzia\u0142ek spotka\u0142 si\u0119 on przewodnicz\u0105cym KGB. \u201eBezpiecze\u0144stwo pa\u0144stwowe &#8211; podstawa podstaw\u201d &#8211; s\u0142owa \u0141ukaszenki cytuje portal Naviny.by &#8211; \u201eKomitetowi Bezpiecze\u0144stwa Pa\u0144stwowego przynale\u017cy razem z prezydentem wiod\u0105ca rola w obronie suwerenno\u015bci i niepodleg\u0142o\u015bci naszego pa\u0144stwa\u201d. \u0141ukaszenko oceni\u0142, \u017ce s\u0105 aktorzy polityczni, kt\u00f3rzy chc\u0105 \u201ezrobi\u0107 nam majdanik w przededniu wybor\u00f3w prezydenckich lub w dzie\u0144 wybor\u00f3w prezydenckich\u201d. Jak doda\u0142 bia\u0142oruski prezydent &#8211; \u201ewszystkich tych majdanowc\u00f3w chc\u0119 uprzedzi\u0107, \u017ce majdan\u00f3w na Bia\u0142orusi nie b\u0119dzie\u201d.<\/p>\r\n<p>\u0141ukaszenko m\u00f3wi\u0142 te\u017c o r\u00f3\u017cnicach mi\u0119dzy jego pa\u0144stwem, a krajami w kt\u00f3rych dosz\u0142o do zmiany w\u0142adz na skutek wyst\u0105pie\u0144 ulicznych &#8211; \u201eNie trzeba nas por\u00f3wnywa\u0107, jak niedawno wypisywa\u0142a gazeta s\u0105siedniego kraju, \u017ce tutaj u nas pojawili si\u0119 nowi Paszynianowie, nowi Ze\u0142enscy i u nas prawie taka sytuacja a to jak w Armenii, a to jak na Ukrainie. Musz\u0119 powiedzie\u0107, \u017ce sytuacja mo\u017ce si\u0119 r\u00f3\u017cnie u\u0142o\u017cy\u0107. Tylko u nas nie ma Paszynian\u00f3w i Ze\u0142enskich\u201d. Bia\u0142oruskich opozycjonist\u00f3w \u0141ukaszenko oceni\u0142 du\u017co gorzej ni\u017c premiera Armenii i prezydenta Ukrainy &#8211; \u201eniekt\u00f3rzy nasi chc\u0105 za kopiejk\u0119 sprzeda\u0107 wszystko to co by\u0142o tu stworzone nie tylko przez prezydenta \u0141ukaszenk\u0119 , nie tylko przez w\u0142adz\u0119. Stworzone by\u0142o przez nar\u00f3d\u201d.<\/p>\r\n<p>Jeszcze raz podkre\u015bl\u0119, m\u00f3wi\u0119 to majdanowcom, \u017ce nigdy nie dopu\u015bcimy do destabilizacji sytuacji w naszym kraju\u201d &#8211; podsumowa\u0142 prezydent Bia\u0142orusi.<\/p>\r\n<p><a href=\"https:\/\/naviny.by\/new\/20200601\/1591004150-lukashenko-strogo-predupredil-vseh-maydanutyh\">naviny.by<\/a>\/kresy.pl<\/p>","protected":false},"excerpt":{"rendered":"Prezydent Bia\u0142orusi wezwa\u0142 dzi\u015b do siebie szefa Komitetu Bezpiecze\u0144stwa Pa\u0144stwowego (KGB) Walerija Wakulczyka. W czasie szeroko relacjonowanego posiedzenia \u0141ukaszenko odwo\u0142a\u0142 si\u0119 do mobilizacji zwolennik\u00f3w opozycji. W ostatnich dniach na ulice bia\u0142oruskich miast wysz\u0142y tysi\u0105ce obywateli chc\u0105cych z\u0142o\u017cy\u0107 podpisy na listach poparcia dla os\u00f3b, kt\u00f3re chc\u0105 wystawi\u0107 swoje kandydatury w przypadaj\u0105cych na 9 sierpnia wyborach prezydenckich. [&hellip;]","protected":false},"author":1,"featured_media":0,"comment_status":"closed","ping_status":"closed","sticky":false,"template":"","format":"standard","meta":{"_acf_changed":false,"_monsterinsights_skip_tracking":false,"ngg_post_thumbnail":0,"footnotes":"","_wp_rev_ctl_limit":""},"categories":[6],"tags":[168,141,20],"acf":[],"_links":{"self":[{"href":"https:\/\/www.bibula.com\/index.php?rest_route=\/wp\/v2\/posts\/114576"}],"collection":[{"href":"https:\/\/www.bibula.com\/index.php?rest_route=\/wp\/v2\/posts"}],"about":[{"href":"https:\/\/www.bibula.com\/index.php?rest_route=\/wp\/v2\/types\/post"}],"author":[{"embeddable":true,"href":"https:\/\/www.bibula.com\/index.php?rest_route=\/wp\/v2\/users\/1"}],"replies":[{"embeddable":true,"href":"https:\/\/www.bibula.com\/index.php?rest_route=%2Fwp%2Fv2%2Fcomments&post=114576"}],"version-history":[{"count":0,"href":"https:\/\/www.bibula.com\/index.php?rest_route=\/wp\/v2\/posts\/114576\/revisions"}],"wp:attachment":[{"href":"https:\/\/www.bibula.com\/index.php?rest_route=%2Fwp%2Fv2%2Fmedia&parent=114576"}],"wp:term":[{"taxonomy":"category","embeddable":true,"href":"https:\/\/www.bibula.com\/index.php?rest_route=%2Fwp%2Fv2%2Fcategories&post=114576"},{"taxonomy":"post_tag","embeddable":true,"href":"https:\/\/www.bibula.com\/index.php?rest_route=%2Fwp%2Fv2%2Ftags&post=114576"}],"curies":[{"name":"wp","href":"https:\/\/api.w.org\/{rel}","templated":true}]}}