{"id":114520,"date":"2020-05-29T12:49:38","date_gmt":"2020-05-29T16:49:38","guid":{"rendered":"http:\/\/www.bibula.com\/?p=114520"},"modified":"2020-05-29T12:49:38","modified_gmt":"2020-05-29T16:49:38","slug":"czy-w-tym-budynku-sa-szkolone-teczowe-bojowki-rafala-trzaskowskiego-politycy-pis-zadaja-odpowiedzi","status":"publish","type":"post","link":"https:\/\/www.bibula.com\/?p=114520","title":{"rendered":"&#8222;Czy w tym budynku s\u0105 szkolone t\u0119czowe boj\u00f3wki Rafa\u0142a Trzaskowskiego?&#8221; Politycy PiS \u017c\u0105daj\u0105 odpowiedzi"},"content":{"rendered":"<p><strong>Wczoraj portal \u0179ycie Stolicy ujawni\u0142, \u017ce instytucja kultury finansowana przez warszawski ratusz w ramach skrajnie lewicowej Spo\u0142ecznej Szko\u0142y Antykapitalizmu prowadzi\u0142a szkolenia z \u201etaktyki miejskiej\/ulicznej gimnastyki\u201d. Wiceministrowie Sebastian Kaleta i Jacek Ozdoba za\u017c\u0105dali wyja\u015bnie\u0144.<\/strong><\/p>\r\n<p>Jak ujawni\u0142o \u0179ycie Stolicy Biennale Warszawa &#8211; na kt\u00f3re w zesz\u0142ym roku warszawski ratusz mia\u0142 przeznaczy\u0107 a\u017c 3,6 miliona z\u0142otych &#8211; zorganizowa\u0142o na prze\u0142omie 2019 i 2020 roku seri\u0119 wyk\u0142ad\u00f3w, dyskusji i szkole\u0144 pod nazw\u0105 Spo\u0142eczna Szko\u0142a Antykapitalizmu. Najwi\u0119ksze zainteresowanie wzbudzi\u0142o zamkni\u0119te szkolenie pod enigmatyczn\u0105 nazw\u0105 \u201eTaktyki miejskie\/uliczna gimnastyka, czyli techniki dzia\u0142ania grupowego\u201d, kt\u00f3r\u0105 wiele os\u00f3b zinterpretowa\u0142o jako szkolenie ulicznych boj\u00f3wkarzy, znanych dobrze z lewicowych protest\u00f3w na zachodzie Europy.<\/p>\r\n<p><iframe class=\"wp-embedded-content\" title=\"\u201eInstytucja finansowana przez warszawski ratusz szkoli\u0142a ulicznych boj\u00f3wkarzy?\u201d \u201d\u201d Wiadomo\u015bci z Polski i \u015awiata - Stefczyk.info\" src=\"https:\/\/www.stefczyk.info\/2020\/05\/28\/instytucja-finansowana-przez-warszawski-ratusz-szkolila-ulicznych-bojowkarzy\/embed\/#?secret=FrSwYqS3y9\" marginwidth=\"0\" marginheight=\"0\" scrolling=\"no\" sandbox=\"allow-scripts\" data-secret=\"FrSwYqS3y9\" data-mce-fragment=\"1\" width=\"600\" height=\"600\" frameborder=\"0\"><\/iframe><\/p>\r\n<p>Wiceminister sprawiedliwo\u015bci Sebastian Kaleta i klimatu Jacek Ozdoba postanowili wyja\u015bni\u0107 t\u0105 spraw\u0119 na miejscu. Zapytali prezydenta Trzaskowskiego o jego kontrol\u0119 nad Biennale Warszaw<strong>a. \u201eCzy w tym budynku s\u0105 szkolone t\u0119czowe boj\u00f3wki Rafa\u0142a Trzaskowskiego\u201d<\/strong> &#8211; spyta\u0142 Kaleta na konferencji przed siedzib\u0105 BW. Zaznaczy\u0142, \u017ce poj\u0119cie \u201etaktyki miejskie\u201d nale\u017cy do kategorii poj\u0119\u0107 militarnych a skrajna lewica jest znana z tego, \u017ce ma swoje boj\u00f3wki, kt\u00f3re cz\u0119sto walcz\u0105 z policj\u0105 podczas organizowanych przez nich demonstracji.<strong> \u201eNie mo\u017cna pozwoli\u0107, aby skrajna lewica, kt\u00f3ra chce si\u0119 szkoli\u0107 z taktyk miejskich, otrzymywa\u0142a dofinansowanie z pieni\u0119dzy publicznych\u201d<\/strong> &#8211; stwierdzi\u0142.<\/p>\r\n<p>Kaleta wspomnia\u0142 tak\u017ce o innych aktywno\u015bciach BW. <strong>\u201eNie spos\u00f3b oprze\u0107 si\u0119 wra\u017ceniu, analizuj\u0105c np. media spo\u0142eczno\u015bciowe prowadzone przez t\u0119 plac\u00f3wk\u0119, \u017ce opr\u00f3cz skrajnego lewactwa ta jednostka promuje skrajny ruch LGBT.\u201d<\/strong> -stwierdzi\u0142 &#8211;<strong> \u201eWidzimy, \u017ce Warszawa pod rz\u0105dami Rafa\u0142a Trzaskowskiego jest skrajnie zideologizowana\u201d.<\/strong><\/p>\r\n<p>Wiceminister Ozdoba wyrazi\u0142 nadziej\u0119 na to, \u017ce ratusz wyja\u015bni na czym mia\u0142y polega\u0107 te zaj\u0119cia. <strong>\u201eNie mo\u017ce by\u0107 takiej sytuacji, \u017ce prawie 4 mln z\u0142otych publicznych pieni\u0119dzy trafia na rzecz organizacji, kt\u00f3re budz\u0105 w\u0105tpliwo\u015bci, kt\u00f3re s\u0105 ideologiczne\u201d<\/strong> &#8211; podkre\u015bli\u0142. Stwierdzi\u0142 te\u017c, \u017ce programy BW maj\u0105 dzieli\u0107 spo\u0142ecze\u0144stwo zamiast je \u0142\u0105czy\u0107.<\/p>\r\n<p>Konferencji wiceministr\u00f3w przygl\u0105da\u0142a si\u0119 dyrektor BW Pawe\u0142 Wodzi\u0144ski. Po jej zako\u0144czeniu stwierdzi\u0142, \u017ce jego instytucja pad\u0142a ofiar\u0105 medialnej nagonki. Stwierdzi\u0142 r\u00f3wnie\u017c, \u017ce zaj\u0119cia z \u201etaktyki miejskiej\u201d mia\u0142y mie\u0107 charakter antyprzemocowy i antydyskryminacyjny. Mia\u0142y uczy\u0107 uczestnik\u00f3w tego, jak broni\u0107 si\u0119 przed agresj\u0105, tak\u017ce ze strony skrajnej prawicy.<\/p>\r\n<p>\u0179r\u00f3d\u0142o: Stefczyk Info na podst. Niezale\u017cnaAutor: WM<\/p>","protected":false},"excerpt":{"rendered":"Wczoraj portal \u0179ycie Stolicy ujawni\u0142, \u017ce instytucja kultury finansowana przez warszawski ratusz w ramach skrajnie lewicowej Spo\u0142ecznej Szko\u0142y Antykapitalizmu prowadzi\u0142a szkolenia z \u201etaktyki miejskiej\/ulicznej gimnastyki\u201d. Wiceministrowie Sebastian Kaleta i Jacek Ozdoba za\u017c\u0105dali wyja\u015bnie\u0144. Jak ujawni\u0142o \u0179ycie Stolicy Biennale Warszawa &#8211; na kt\u00f3re w zesz\u0142ym roku warszawski ratusz mia\u0142 przeznaczy\u0107 a\u017c 3,6 miliona z\u0142otych &#8211; zorganizowa\u0142o [&hellip;]","protected":false},"author":1,"featured_media":0,"comment_status":"closed","ping_status":"closed","sticky":false,"template":"","format":"standard","meta":{"_acf_changed":false,"_monsterinsights_skip_tracking":false,"ngg_post_thumbnail":0,"footnotes":"","_wp_rev_ctl_limit":""},"categories":[8],"tags":[114,98],"acf":[],"_links":{"self":[{"href":"https:\/\/www.bibula.com\/index.php?rest_route=\/wp\/v2\/posts\/114520"}],"collection":[{"href":"https:\/\/www.bibula.com\/index.php?rest_route=\/wp\/v2\/posts"}],"about":[{"href":"https:\/\/www.bibula.com\/index.php?rest_route=\/wp\/v2\/types\/post"}],"author":[{"embeddable":true,"href":"https:\/\/www.bibula.com\/index.php?rest_route=\/wp\/v2\/users\/1"}],"replies":[{"embeddable":true,"href":"https:\/\/www.bibula.com\/index.php?rest_route=%2Fwp%2Fv2%2Fcomments&post=114520"}],"version-history":[{"count":0,"href":"https:\/\/www.bibula.com\/index.php?rest_route=\/wp\/v2\/posts\/114520\/revisions"}],"wp:attachment":[{"href":"https:\/\/www.bibula.com\/index.php?rest_route=%2Fwp%2Fv2%2Fmedia&parent=114520"}],"wp:term":[{"taxonomy":"category","embeddable":true,"href":"https:\/\/www.bibula.com\/index.php?rest_route=%2Fwp%2Fv2%2Fcategories&post=114520"},{"taxonomy":"post_tag","embeddable":true,"href":"https:\/\/www.bibula.com\/index.php?rest_route=%2Fwp%2Fv2%2Ftags&post=114520"}],"curies":[{"name":"wp","href":"https:\/\/api.w.org\/{rel}","templated":true}]}}