{"id":11437,"date":"2009-07-14T10:05:16","date_gmt":"2009-07-14T15:05:16","guid":{"rendered":"http:\/\/www.bibula.com\/?p=11437"},"modified":"2009-07-14T10:05:16","modified_gmt":"2009-07-14T15:05:16","slug":"profanacja-najswietszego-sakramentu-oraz-kaplicy-w-lubaniu","status":"publish","type":"post","link":"https:\/\/www.bibula.com\/?p=11437","title":{"rendered":"Profanacja Naj\u015bwi\u0119tszego Sakramentu oraz kaplicy w Lubaniu"},"content":{"rendered":"<p><strong>W nocy z soboty na niedziel\u0119 12 lipca niezidentyfikowani sprawcy w\u0142amali si\u0119 do tymczasowej kaplicy parafii pw. \u015aw. Jadwigi w Lubaniu w diecezji legnickiej. W trakcie w\u0142amania dokonali profanacji Naj\u015bwi\u0119tszego Sakramentu przechowywanego w tabernakulum oraz podpalenia samej kaplicy. Spraw\u0119 bada policja.<br \/>\r\n <\/strong><br \/>\r\n Po\u017car kaplicy zauwa\u017cono ok. godz. 23.50. Zaalarmowana Stra\u017c Po\u017carna pojawi\u0142a si\u0119 na miejscu bardzo szybko. W akcji gaszenia po\u017caru wzi\u0119\u0142o udzia\u0142 5 zast\u0119p\u00f3w stra\u017cackich. Ogie\u0144 ugaszono ok. godz. 3.00 w nocy &#8211; spalona zosta\u0142a znaczna cz\u0119\u015b\u0107 tymczasowej kaplicy, wraz z ksi\u0119gami, szatami i naczyniami liturgicznymi.<br \/>\r\n <br \/>\r\n Niedzielne Msze \u015bw. zosta\u0142y odprawione przy znajduj\u0105cym si\u0119 w pobli\u017cu tymczasowym o\u0142tarzu polowym. Kap\u0142ani skorzystali z pomocy duchownych parafii dziekanatu, po\u017cyczaj\u0105c ksi\u0119gi, naczynia i szaty liturgiczne.<br \/>\r\n <br \/>\r\n W niedziel\u0119 12 lipca, w godzinach przedpo\u0142udniowych parafi\u0119 w Lubaniu odwiedzi\u0142 biskup pomocniczy legnicki Marek Mendyk. Wsp\u00f3lnie z parafianami odprawi\u0142 modlitwy w intencji szybkiego odnowienia kaplicy.<br \/>\r\n <br \/>\r\n W specjalnym komunikacie bp Mendyk wezwa\u0142 duchowie\u0144stwo i wiernych do odprawienia nabo\u017ce\u0144stw ekspiacyjnych za dokonanie profanacji i w intencji nawr\u00f3cenia sprawc\u00f3w w najbli\u017csz\u0105 niedziel\u0119 19 lipca po ka\u017cdej Mszy \u015bw.<br \/>\r\n <br \/>\r\n W komunikacie wzywa te\u017c do wzmo\u017cenia czujno\u015bci i troski o miejsca naj\u015bwi\u0119tsze, jakimi s\u0105 przede wszystkim \u015bwi\u0105tynie i przechowywany w nich Naj\u015bwi\u0119tszy Sakrament. <br \/>\r\n <br \/>\r\n Parafia \u015bw. Jadwigi w Lubaniu obchodzi\u0142a w tym roku 10-lecie istnienia. Zosta\u0142a erygowana 25 czerwca 1999 r. przez pierwszego biskupa legnickiego Tadeusza Rybaka. Od pocz\u0105tku proboszczem parafii jest ks. kan. Andrzej Fila, kt\u00f3ry wraz z komitetem budowy ko\u015bcio\u0142a zabiega od 7 lat o wybudowanie nowej \u015bwi\u0105tyni.<br \/>\r\n <br \/>\r\n \u0179r\u00f3d\u0142o: KAI<\/p>","protected":false},"excerpt":{"rendered":"W nocy z soboty na niedziel\u0119 12 lipca niezidentyfikowani sprawcy w\u0142amali si\u0119 do tymczasowej kaplicy parafii pw. \u015aw. Jadwigi w Lubaniu w diecezji legnickiej. W trakcie w\u0142amania dokonali profanacji Naj\u015bwi\u0119tszego Sakramentu przechowywanego w tabernakulum oraz podpalenia samej kaplicy. Spraw\u0119 bada policja. Po\u017car kaplicy zauwa\u017cono ok. godz. 23.50. Zaalarmowana Stra\u017c Po\u017carna pojawi\u0142a si\u0119 na miejscu bardzo [&hellip;]","protected":false},"author":1,"featured_media":0,"comment_status":"closed","ping_status":"closed","sticky":false,"template":"","format":"standard","meta":{"_acf_changed":false,"_monsterinsights_skip_tracking":false,"_monsterinsights_sitenote_active":false,"_monsterinsights_sitenote_note":"","_monsterinsights_sitenote_category":0,"ngg_post_thumbnail":0,"footnotes":"","_wp_rev_ctl_limit":""},"categories":[10],"tags":[100],"acf":[],"_links":{"self":[{"href":"https:\/\/www.bibula.com\/index.php?rest_route=\/wp\/v2\/posts\/11437"}],"collection":[{"href":"https:\/\/www.bibula.com\/index.php?rest_route=\/wp\/v2\/posts"}],"about":[{"href":"https:\/\/www.bibula.com\/index.php?rest_route=\/wp\/v2\/types\/post"}],"author":[{"embeddable":true,"href":"https:\/\/www.bibula.com\/index.php?rest_route=\/wp\/v2\/users\/1"}],"replies":[{"embeddable":true,"href":"https:\/\/www.bibula.com\/index.php?rest_route=%2Fwp%2Fv2%2Fcomments&post=11437"}],"version-history":[{"count":0,"href":"https:\/\/www.bibula.com\/index.php?rest_route=\/wp\/v2\/posts\/11437\/revisions"}],"wp:attachment":[{"href":"https:\/\/www.bibula.com\/index.php?rest_route=%2Fwp%2Fv2%2Fmedia&parent=11437"}],"wp:term":[{"taxonomy":"category","embeddable":true,"href":"https:\/\/www.bibula.com\/index.php?rest_route=%2Fwp%2Fv2%2Fcategories&post=11437"},{"taxonomy":"post_tag","embeddable":true,"href":"https:\/\/www.bibula.com\/index.php?rest_route=%2Fwp%2Fv2%2Ftags&post=11437"}],"curies":[{"name":"wp","href":"https:\/\/api.w.org\/{rel}","templated":true}]}}