{"id":114350,"date":"2020-05-20T13:10:10","date_gmt":"2020-05-20T17:10:10","guid":{"rendered":"http:\/\/www.bibula.com\/?p=114350"},"modified":"2020-05-20T13:11:30","modified_gmt":"2020-05-20T17:11:30","slug":"szwajcaria-wbrew-prawu-kanonicznemu-kobieta-zostanie-wikariuszem-biskupim","status":"publish","type":"post","link":"https:\/\/www.bibula.com\/?p=114350","title":{"rendered":"Szwajcaria: Wbrew prawu kanonicznemu kobieta zostanie wikariuszem biskupim"},"content":{"rendered":"<p><strong>W Szwajcarii kobieta przejmie obowi\u0105zki wikariusza biskupiego. Stanie si\u0119 tak w diecezji Lozanny, Genewy i Fryburga. To niezgodne z Kodeksem Prawa Kanonicznego, wi\u0119c lokalny biskup zastosowa\u0142 sprytny wybieg prawny.<\/strong><\/p>\r\n<p>Jak poinformowa\u0142y w\u0142adze diecezji, 1. sierpnia obowi\u0105zki biskupiego delegata ds. niemieckoj\u0119zycznej cz\u0119\u015bci biskupstwa przejmie Marianne Pohl-Henzen, dot\u0105d kieruj\u0105ca diecezjalnym duszpasterstwem. To oznacza, \u017ce przejmie obowi\u0105zki ks. Pascala Marquarda, kt\u00f3ry od 2017 roku by\u0142 wikariuszem biskupim w diecezji.<\/p>\r\n<p>Kodeks Prawa Kanonicznego wymaga, by wikariusz biskupi, podobnie jak wikariusz generalny, by\u0142 kap\u0142anem.<\/p>\r\n<p>\u201eWikariusz generalny i biskupi powinni by\u0107 kap\u0142anami, kt\u00f3rzy uko\u0144czyli przynajmniej trzydzie\u015bci lat, posiadaj\u0105 doktorat lub licencjat z prawa kanonicznego lub z teologii, ewentualnie w tych dyscyplinach s\u0105 przynajmniej naprawd\u0119 biegli, odznaczaj\u0105 si\u0119 zdrow\u0105 nauk\u0105, prawo\u015bci\u0105, roztropno\u015bci\u0105 i do\u015bwiadczeniem w za\u0142atwianiu spraw\u201d &#8211; g\u0142osi kan. 478.<\/p>\r\n<p>Z tego powodu kieruj\u0105cy diecezj\u0105 bp Charles Morerod zastosowa\u0142 prawny wybieg: cho\u0107 Pohl-Henzen b\u0119dzie robi\u0107 to samo, co wikariusz biskupi, formalnie nie otrzyma tej funkcji.<\/p>\r\n<p>Wcze\u015bniej podobnie sta\u0142o si\u0119 w niemieckiej diecezji M\u00fcnster, gdzie kobiecie powierzono obowi\u0105zki dziekana. Tego r\u00f3wnie\u017c zabrania Kodeks Prawa Kanonicznego. Tamtejszy biskup, Felix Genn, powo\u0142a\u0142 kobiet\u0119 <em>de iure<\/em> na stanowisko przedstawiciela biskupa, cho\u0107 <em>de facto<\/em> powierzy\u0142 jej obowi\u0105zki dziekana.<\/p>\r\n<p>W krajach niemieckoj\u0119zycznych kobiety otrzymuj\u0105 w ostatnich latach coraz wi\u0119cej kierowniczych stanowisk. To element szerokiej strategii z jednej strony budowania tak zwanego \u201er\u00f3wnouprawnienia\u201d, z drugiej &#8211; \u201edeklerykaliacji\u201d polegaj\u0105cej na cedowaniu kompetencji przez duchownych na \u015bwieckich.<\/p>\r\n<p>\u0179r\u00f3d\u0142a: Katholisch.de, PCh24.pl<\/p>\r\n<p>Pach<\/p>\r\n<blockquote>\r\n<p>[<strong>Wybrane wypowiedzi internaut\u00f3w pod w\/w tekstem na stronie \u017ar\u00f3d\u0142owej:<\/strong>]<\/p>\r\n<p>A Kaligula to mianowa\u0142 konia senatorem. R\u00f3\u017cne rzeczy si\u0119 dzia\u0142y na tym \u015bwiecie. Ale do Pana nale\u017cy ostatnie s\u0142owo. Boja\u017a\u0144 Bo\u017ca zagin\u0119\u0142a tymczasem.<br>\r\n<em>zaniepokojony<\/em><br>\r\n<br>\r\nto jawna schizma, bo do tej pory by\u0142a niejawna&#8230;<br>\r\n<em>eee<\/em><br>\r\n<br>\r\nA zacz\u0119\u0142o si\u0119 niewinnie, od dziewcz\u0105t-ministrantek, kobiet-lektorek, kobiet-szafarek.<br>\r\n<em>Go\u015b\u0107<\/em><\/p>\r\n<\/blockquote>","protected":false},"excerpt":{"rendered":"W Szwajcarii kobieta przejmie obowi\u0105zki wikariusza biskupiego. Stanie si\u0119 tak w diecezji Lozanny, Genewy i Fryburga. To niezgodne z Kodeksem Prawa Kanonicznego, wi\u0119c lokalny biskup zastosowa\u0142 sprytny wybieg prawny. Jak poinformowa\u0142y w\u0142adze diecezji, 1. sierpnia obowi\u0105zki biskupiego delegata ds. niemieckoj\u0119zycznej cz\u0119\u015bci biskupstwa przejmie Marianne Pohl-Henzen, dot\u0105d kieruj\u0105ca diecezjalnym duszpasterstwem. To oznacza, \u017ce przejmie obowi\u0105zki ks. [&hellip;]","protected":false},"author":1,"featured_media":0,"comment_status":"closed","ping_status":"closed","sticky":false,"template":"","format":"standard","meta":{"_acf_changed":false,"_monsterinsights_skip_tracking":false,"_monsterinsights_sitenote_active":false,"_monsterinsights_sitenote_note":"","_monsterinsights_sitenote_category":0,"ngg_post_thumbnail":0,"footnotes":"","_wp_rev_ctl_limit":""},"categories":[3],"tags":[239,33],"acf":[],"_links":{"self":[{"href":"https:\/\/www.bibula.com\/index.php?rest_route=\/wp\/v2\/posts\/114350"}],"collection":[{"href":"https:\/\/www.bibula.com\/index.php?rest_route=\/wp\/v2\/posts"}],"about":[{"href":"https:\/\/www.bibula.com\/index.php?rest_route=\/wp\/v2\/types\/post"}],"author":[{"embeddable":true,"href":"https:\/\/www.bibula.com\/index.php?rest_route=\/wp\/v2\/users\/1"}],"replies":[{"embeddable":true,"href":"https:\/\/www.bibula.com\/index.php?rest_route=%2Fwp%2Fv2%2Fcomments&post=114350"}],"version-history":[{"count":0,"href":"https:\/\/www.bibula.com\/index.php?rest_route=\/wp\/v2\/posts\/114350\/revisions"}],"wp:attachment":[{"href":"https:\/\/www.bibula.com\/index.php?rest_route=%2Fwp%2Fv2%2Fmedia&parent=114350"}],"wp:term":[{"taxonomy":"category","embeddable":true,"href":"https:\/\/www.bibula.com\/index.php?rest_route=%2Fwp%2Fv2%2Fcategories&post=114350"},{"taxonomy":"post_tag","embeddable":true,"href":"https:\/\/www.bibula.com\/index.php?rest_route=%2Fwp%2Fv2%2Ftags&post=114350"}],"curies":[{"name":"wp","href":"https:\/\/api.w.org\/{rel}","templated":true}]}}