{"id":114198,"date":"2020-05-13T11:03:41","date_gmt":"2020-05-13T15:03:41","guid":{"rendered":"http:\/\/www.bibula.com\/?p=114198"},"modified":"2020-05-13T11:04:21","modified_gmt":"2020-05-13T15:04:21","slug":"nizsze-swiecenia-i-swiecenia-subdiakonatu-w-seminariach-fsspx-na-polkuli-polnocnej","status":"publish","type":"post","link":"https:\/\/www.bibula.com\/?p=114198","title":{"rendered":"Ni\u017csze \u015bwi\u0119cenia i \u015bwi\u0119cenia subdiakonatu w seminariach FSSPX na p\u00f3\u0142kuli p\u00f3\u0142nocnej"},"content":{"rendered":"<p>Chocia\u017c w \u017cadnym z seminari\u00f3w Bractwa Kap\u0142a\u0144skiego \u015aw. Piusa X nie odnotowano przypadku zara\u017cenia wirusem z Wuhan i zaj\u0119cia odbywaj\u0105 si\u0119 w nich w normalnym trybie, to jednak &#8211; ze wzgl\u0119du na rz\u0105dowe obostrzenia w sprawowaniu kultu &#8211; zdecydowano o przesuni\u0119ciu wypadaj\u0105cych zwykle w ubieg\u0142ych miesi\u0105cach ni\u017cszych \u015bwi\u0119ceniach kap\u0142a\u0144skich oraz \u015bwi\u0119ceniach subdiakonatu. Dzi\u0119ki Bogu op\u00f3\u017anienie nie by\u0142o du\u017ce i w seminariach Bractwa w Niemczech, Szwajcarii i Stanach Zjednoczonych przyby\u0142o nowych s\u0142ug o\u0142tarza.<\/p>\r\n<p>Ec\u00c3\u00b4ne: przyszli subdiakoni stawiaj\u0105 krok ku o\u0142tarzowi, kt\u00f3ry wyra\u017ca ich wol\u0119 po\u015bwi\u0119cenia \u017cycia na zawsze Bogu, aby nast\u0119pnie, po od\u015bpiewaniu pierwszej cz\u0119\u015bci Litanii do Wszystkich \u015awi\u0119tych, otrzyma\u0107 \u015bwi\u0119cenia poprzez na\u0142o\u017cenie r\u0119ki i modlitw\u0119 biskupa oraz symboliczne dotkni\u0119cie kielicha. Tym samym decyduj\u0105 si\u0119 oni w spos\u00f3b nieodwo\u0142alny na \u017cycie w doskona\u0142ej czysto\u015bci oraz codzienne odmawianie ca\u0142ego brewiarza.<\/p>\r\n<p>W szwajcarskim Ec\u00c3\u00b4ne \u015bwi\u0119cenia planowane na sobot\u0119 Sititentes, poprzedzaj\u0105c\u0105 okres M\u0119ki Pa\u0144skiej, odby\u0142y si\u0119 trzy tygodnie p\u00f3\u017aniej. Kr\u00f3tko po Wielkiejnocy bp. Bernardowi Tissier de Mallerais uda\u0142o si\u0119 dotrze\u0107 do seminarium, aby 18 kwietnia, w Sobot\u0119 Wielkanocn\u0105, wy\u015bwi\u0119ci\u0107 12 seminarzyst\u00f3w na egzorcyst\u00f3w, a nast\u0119pnie na akolit\u00f3w, za\u015b dw\u00f3m kolejnym udzieli\u0107 \u015bwi\u0119ce\u0144 subdiakonatu. Chocia\u017c ceremonia musia\u0142a odby\u0107 si\u0119 za zamkni\u0119tymi drzwiami, jedynie w\u015br\u00f3d cz\u0142onk\u00f3w wsp\u00f3lnoty seminaryjnej, to sta\u0142a si\u0119 ona dla ca\u0142ego seminarium \u017ar\u00f3d\u0142em rado\u015bci na ca\u0142\u0105 oktaw\u0119 wielkanocn\u0105.<\/p>\r\n<p>Podczas \u015bpiewu litanii przyszli subdiakoni pozostaj\u0105 w postawie le\u017c\u0105cej na znak czci wobec Boga i Jego s\u0142u\u017cby oraz w\u0142asnego uni\u017cenia (seminarium w Dillwyn).<\/p>\r\n<p>Tego samego dnia bp Bernard Fellay udzieli\u0142 \u015bwi\u0119ce\u0144 w Dillwyn, w seminarium Bractwa w Stanach Zjednoczonych. Trzech seminarzyst\u00f3w zosta\u0142o ostiariuszami i lektorami, 10 zosta\u0142o wy\u015bwi\u0119conych na egzorcyst\u00f3w i akolit\u00f3w, a kolejnych czterech przyj\u0119\u0142o \u015bwi\u0119cenia subdiakonatu. Zanim bp Fellay przyst\u0105pi\u0142 do \u015bwi\u0119ce\u0144, poruszy\u0142 w kazaniu podnios\u0142o\u015b\u0107 tego aktu, m\u00f3wi\u0105c, \u017ce \u201esiedem stopni do \u015bwi\u0119ce\u0144 kap\u0142a\u0144skich, kt\u00f3re Ko\u015bci\u00f3\u0142 ustanowi\u0142, powinno przypomina\u0107 nam o godno\u015bci powo\u0142ania. Niesko\u0144czony majestat Bo\u017cy oraz Naj\u015bwi\u0119tsza Ofiara wymagaj\u0105 czci i przygotowania, krok po kroku, w kierunku o\u0142tarza\u201d.<\/p>\r\n<p>Zaitzkofen: przyszli subdiakoni s\u0142uchaj\u0105 napomnienia biskupa o obowi\u0105zku prowadzenia \u017cycia odpowiadaj\u0105cego godno\u015bci powierzonej im s\u0142u\u017cbie przy o\u0142tarzu.<\/p>\r\n<p>Najd\u0142u\u017cej na \u015bwi\u0119cenia musieli czeka\u0107 klerycy z seminarium w Zaitzkofen w Bawarii. O ile ni\u017csze \u015bwi\u0119cenia mog\u0142y odby\u0107 si\u0119 zgodnie ze zwyczajem w lutym, w uroczysto\u015b\u0107 Oczyszczenia Naj\u015bwi\u0119tszej Maryi Panny, to \u015bwi\u0119cenia subdiakonatu, zaplanowane na sobot\u0119 przed Niedziel\u0105 M\u0119ki Pa\u0144skiej, mia\u0142y miejsce dopiero w ubieg\u0142\u0105 sobot\u0119, 9 maja. Symboliczny krok do przodu uczyni\u0142o a\u017c sze\u015bciu seminarzyst\u00f3w: dw\u00f3ch Niemc\u00f3w, dw\u00f3ch Czech\u00f3w, jeden Austriak oraz jeden kleryk z Litwy. \u015awi\u0119ce\u0144 udzieli\u0142 im bp Alfons de Galarreta, kt\u00f3ry na wjazd do Niemiec ze Szwajcarii potrzebowa\u0142 pozwolenia od bawarskiej policji. \u015awi\u0119cenia odby\u0142y si\u0119 przy udziale niewielkiej liczby go\u015bci (ok. 30 os\u00f3b). Dodatkowo ze wzgl\u0119du na fakt, \u017ce Msze i nabo\u017ce\u0144stwa w Bawarii nie mog\u0105 trwa\u0107 d\u0142u\u017cej ni\u017c 60 minut, biskup najpierw wyg\u0142osi\u0142 kazanie, p\u00f3\u017aniej nast\u0105pi\u0142a przerwa, a dopiero po niej Msza \u015bw. ze \u015bwi\u0119ceniami.<\/p>\r\n<p>Kolejnym krokiem dla \u015bwie\u017co upieczonych subdiakon\u00f3w b\u0119d\u0105 \u015bwi\u0119cenia diakonatu, za to zwie\u0144czeniem roku seminaryjnego w Zaitzkofen b\u0119d\u0105 jak zawsze \u015bwi\u0119cenia kap\u0142a\u0144skie, kt\u00f3re tym razem maj\u0105 jednak odby\u0107 si\u0119 o tydzie\u0144 wcze\u015bniej ni\u017c zwykle &#8211; 19 czerwca, w uroczysto\u015b\u0107 Naj\u015bwi\u0119tszego Serca Pana Jezusa. W\u015br\u00f3d trzech kandydat\u00f3w znajduje si\u0119 jeden Polak &#8211; ks. dk. Sebastian Koli\u0144ski. Nast\u0119pne tygodnie poka\u017c\u0105, czy zarz\u0105dzenia w Bawarii pozwol\u0105 na udzia\u0142 w ceremonii wi\u0119kszej liczby wiernych, jednak niezale\u017cnie od tego nie zapomnijmy o modlitwie za tych, kt\u00f3rzy ju\u017c nied\u0142ugo maj\u0105 sta\u0107 si\u0119 \u201ekap\u0142anami na wz\u00f3r Melchizedeka\u201d.<\/p>\r\n<h4>&nbsp;<\/h4>\r\n<p style=\"text-align: center;\"><a href=\"https:\/\/news.fsspx.pl\/wp-content\/uploads\/SD1.jpg\"><img fetchpriority=\"high\" decoding=\"async\" class=\"aligncenter\" src=\"https:\/\/news.fsspx.pl\/wp-content\/uploads\/SD1.jpg\" width=\"600\" height=\"400\"><\/a><em>Bp Alfons de Galarreta i nowo wy\u015bwi\u0119ceni subdiakoni w Zaitzkofen<\/em><\/p>\r\n<h4>&nbsp;<\/h4>\r\n<p><a href=\"https:\/\/news.fsspx.pl\/wp-content\/uploads\/SD2.jpg\"><img decoding=\"async\" class=\"aligncenter\" src=\"https:\/\/news.fsspx.pl\/wp-content\/uploads\/SD2.jpg\" width=\"599\" height=\"337\"><\/a><\/p>\r\n<p style=\"text-align: center;\"><em>Ec\u00c3\u00b4ne: przyszli subdiakoni stawiaj\u0105 krok ku o\u0142tarzowi, kt\u00f3ry wyra\u017ca ich wol\u0119 po\u015bwi\u0119cenia \u017cycia na zawsze Bogu, aby nast\u0119pnie, po od\u015bpiewaniu pierwszej cz\u0119\u015bci Litanii do Wszystkich \u015awi\u0119tych, otrzyma\u0107 \u015bwi\u0119cenia poprzez na\u0142o\u017cenie r\u0119ki i modlitw\u0119 biskupa oraz symboliczne dotkni\u0119cie kielicha. Tym samym decyduj\u0105 si\u0119 oni w spos\u00f3b nieodwo\u0142alny na \u017cycie w doskona\u0142ej czysto\u015bci oraz codzienne odmawianie ca\u0142ego brewiarza.<\/em><\/p>\r\n<h4>&nbsp;<\/h4>\r\n<p><a href=\"https:\/\/news.fsspx.pl\/wp-content\/uploads\/SD3.jpg\"><img decoding=\"async\" class=\"aligncenter\" src=\"https:\/\/news.fsspx.pl\/wp-content\/uploads\/SD3.jpg\" width=\"601\" height=\"338\"><\/a><\/p>\r\n<p style=\"text-align: center;\"><em>Podczas \u015bpiewu litanii przyszli subdiakoni pozostaj\u0105 w postawie le\u017c\u0105cej na znak czci wobec Boga i Jego s\u0142u\u017cby oraz w\u0142asnego uni\u017cenia (seminarium w Dillwyn).<\/em><\/p>\r\n<h4>&nbsp;<\/h4>\r\n<p><a href=\"https:\/\/news.fsspx.pl\/wp-content\/uploads\/SD4.jpg\"><img loading=\"lazy\" decoding=\"async\" class=\"aligncenter\" src=\"https:\/\/news.fsspx.pl\/wp-content\/uploads\/SD4.jpg\" width=\"600\" height=\"400\"><\/a><\/p>\r\n<p style=\"text-align: center;\"><em>Zaitzkofen: przyszli subdiakoni s\u0142uchaj\u0105 napomnienia biskupa o obowi\u0105zku prowadzenia \u017cycia odpowiadaj\u0105cego godno\u015bci powierzonej im s\u0142u\u017cbie przy o\u0142tarzu.<\/em><\/p>\r\n<h4>&nbsp;<\/h4>\r\n<p><strong>\u0179r\u00f3d\u0142a<\/strong><\/p>\r\n<ul>\r\n\t<li><a href=\"https:\/\/econe.fsspx.org\/fr\/news-events\/news\/sous-diaconat-et-seconds-ordres-mineurs-au-seminaire-d-econe-suisse-57738\" rel=\"external noopener noreferrer\" data-wpel-link=\"external\">Sous-diaconat et seconds ordres mineurs au s\u00c3\u00a9minaire d\u2019\u00c3\u2030c\u00c3\u00b4ne (Suisse)<\/a><\/li>\r\n\t<li><a href=\"https:\/\/www.stas.org\/en\/news-events\/news\/ordinations-minor-orders-and-subdiaconate-2020-57484\" rel=\"external noopener noreferrer\" data-wpel-link=\"external\">Ordinations to the Minor Orders and Subdiaconate 2020<\/a><\/li>\r\n\t<li><a href=\"https:\/\/zaitzkofen.fsspx.org\/de\/media\/photos\/subdiakonatsweihe-zaitzkofen-58035\" rel=\"external noopener noreferrer\" data-wpel-link=\"external\">Subdiakonatsweihe in Zaitzkofen<\/a><\/li>\r\n<\/ul>","protected":false},"excerpt":{"rendered":"Chocia\u017c w \u017cadnym z seminari\u00f3w Bractwa Kap\u0142a\u0144skiego \u015aw. Piusa X nie odnotowano przypadku zara\u017cenia wirusem z Wuhan i zaj\u0119cia odbywaj\u0105 si\u0119 w nich w normalnym trybie, to jednak &#8211; ze wzgl\u0119du na rz\u0105dowe obostrzenia w sprawowaniu kultu &#8211; zdecydowano o przesuni\u0119ciu wypadaj\u0105cych zwykle w ubieg\u0142ych miesi\u0105cach ni\u017cszych \u015bwi\u0119ceniach kap\u0142a\u0144skich oraz \u015bwi\u0119ceniach subdiakonatu. Dzi\u0119ki Bogu op\u00f3\u017anienie [&hellip;]","protected":false},"author":1,"featured_media":0,"comment_status":"closed","ping_status":"closed","sticky":false,"template":"","format":"standard","meta":{"_acf_changed":false,"_monsterinsights_skip_tracking":false,"_monsterinsights_sitenote_active":false,"_monsterinsights_sitenote_note":"","_monsterinsights_sitenote_category":0,"ngg_post_thumbnail":0,"footnotes":"","_wp_rev_ctl_limit":""},"categories":[3],"tags":[166,32,239,221],"acf":[],"_links":{"self":[{"href":"https:\/\/www.bibula.com\/index.php?rest_route=\/wp\/v2\/posts\/114198"}],"collection":[{"href":"https:\/\/www.bibula.com\/index.php?rest_route=\/wp\/v2\/posts"}],"about":[{"href":"https:\/\/www.bibula.com\/index.php?rest_route=\/wp\/v2\/types\/post"}],"author":[{"embeddable":true,"href":"https:\/\/www.bibula.com\/index.php?rest_route=\/wp\/v2\/users\/1"}],"replies":[{"embeddable":true,"href":"https:\/\/www.bibula.com\/index.php?rest_route=%2Fwp%2Fv2%2Fcomments&post=114198"}],"version-history":[{"count":0,"href":"https:\/\/www.bibula.com\/index.php?rest_route=\/wp\/v2\/posts\/114198\/revisions"}],"wp:attachment":[{"href":"https:\/\/www.bibula.com\/index.php?rest_route=%2Fwp%2Fv2%2Fmedia&parent=114198"}],"wp:term":[{"taxonomy":"category","embeddable":true,"href":"https:\/\/www.bibula.com\/index.php?rest_route=%2Fwp%2Fv2%2Fcategories&post=114198"},{"taxonomy":"post_tag","embeddable":true,"href":"https:\/\/www.bibula.com\/index.php?rest_route=%2Fwp%2Fv2%2Ftags&post=114198"}],"curies":[{"name":"wp","href":"https:\/\/api.w.org\/{rel}","templated":true}]}}