{"id":114037,"date":"2020-05-04T18:45:18","date_gmt":"2020-05-04T22:45:18","guid":{"rendered":"http:\/\/www.bibula.com\/?p=114037"},"modified":"2020-05-04T18:45:18","modified_gmt":"2020-05-04T22:45:18","slug":"arcybiskup-vigano-decyzje-o-sprawowaniu-kultu-bozego-nie-naleza-do-wladz-swieckich","status":"publish","type":"post","link":"https:\/\/www.bibula.com\/?p=114037","title":{"rendered":"Arcybiskup Vigano: decyzje o sprawowaniu kultu Bo\u017cego nie nale\u017c\u0105 do w\u0142adz \u015bwieckich"},"content":{"rendered":"<p><strong>W obszernym wywiadzie udzielonym w\u0142oskiemu watykani\u015bcie Marco Tosattiemu arcybiskup Carlo Maria Vigano bardzo surowo zrecenzowa\u0142 postaw\u0119 w\u0142adz \u015bwieckich, kt\u00f3re doprowadzi\u0142y do zamkni\u0119cia \u015bwi\u0105ty\u0144. Wiele gorzkich s\u0142\u00f3w pad\u0142o r\u00f3wnie\u017c pod adresem cz\u0119\u015bci dostojnik\u00f3w ko\u015bcielnych, zbytnio uleg\u0142ych wobec nadmiernych restrykcji rz\u0105dowych.<\/strong><\/p>\r\n<p>Angloj\u0119zyczny zapis rozmowy ukaza\u0142 si\u0119 na portalu The Remnant Newspaper. By\u0142y nuncjusz apostolski w Stanach Zjednoczonych jednoznacznie oceni\u0142 decyzj\u0119 rz\u0105du w\u0142oskiego o przed\u0142u\u017ceniu okresu, w kt\u00f3rym Msze \u015bwi\u0119te i nabo\u017ce\u0144stwa w tym kraju pozostan\u0105 &#8211; tak\u017ce po 4 maja &#8211; zamkni\u0119te dla wiernych, pomimo rozpocz\u0119tego w poniedzia\u0142ek kolejnego etapu \u201eodmra\u017cania\u201d poszczeg\u00f3lnych sektor\u00f3w \u017cycia publicznego.<\/p>\r\n<p>Arcybiskup Carlo Maria Vigan\u00f2 odni\u00f3s\u0142 si\u0119 w swej wypowiedzi do roszcze\u0144 pa\u0144stwa odno\u015bnie porz\u0105dku celebracji liturgicznych i funkcjonowania \u015bwi\u0105ty\u0144. Przypomnia\u0142, i\u017c na mocy konkordatu zawartego z w\u0142adzami w\u0142oskimi, Ko\u015bci\u00f3\u0142 cieszy si\u0119 \u201epe\u0142n\u0105 swobod\u0105 i autonomi\u0105 w wykonywaniu swojej pos\u0142ugi\u201d.<\/p>\r\n<p>&#8211; <em>\u0179adna w\u0142adza nie mo\u017ce ingerowa\u0107 w t\u0119 pos\u0142ug\u0119, nawet za zgod\u0105 w\u0142adzy ko\u015bcielnej, kt\u00f3ra nie jest panem, lecz tylko administratorem \u0142aski udzielanej wiernym poprzez sakramenty<\/em> &#8211; podkre\u015bli\u0142 ksi\u0105dz arcybiskup.<\/p>\r\n<p>&#8211; <em>Jurysdykcja nad miejscami kultu nale\u017cy zatem&nbsp;ca\u0142kowicie&nbsp;i wy\u0142\u0105cznie do miejscowego ordynariusza, kt\u00f3ry z pe\u0142n\u0105 autonomi\u0105 decyduje &#8211; dla dobra dusz powierzonych jego pasterskiej opiece &#8211; o tym, jakie nabo\u017ce\u0144stwa i przez kogo maj\u0105 by\u0107 tam odprawiane.&nbsp;Premier nie mo\u017ce zezwala\u0107 na dost\u0119p do ko\u015bcio\u0142\u00f3w, nie m\u00f3wi\u0105c ju\u017c o ustanawianiu tego, co wierni lub duchowni mog\u0105 czyni\u0107<\/em> &#8211; doda\u0142 hierarcha.<\/p>\r\n<p>&#8211; <em>Wynikaj\u0105ce z dekret\u00f3w premiera zawieszenie prawa do korzystania z wolno\u015bci wyznania jest oczywi\u015bcie bezprawne.&nbsp;Ufam, \u017ce znajd\u0105 si\u0119 tacy, kt\u00f3rzy zechc\u0105 oficjalnie to og\u0142osi\u0107, k\u0142ad\u0105c kres owemu haniebnemu z\u0142udzeniu wszechmocy ze strony w\u0142adzy cywilnej, nie tylko przed Bogiem i Jego Ko\u015bcio\u0142em, ale tak\u017ce wobec wiernych i obywateli W\u0142och &#8211; <\/em>te z kolei s\u0142owa odnosz\u0105 si\u0119 do faktu podwa\u017cenia dekret\u00f3w rz\u0105dowych przez wybitnych prawnik\u00f3w, w tym s\u0119dzi\u00f3w S\u0105du Najwy\u017cszego.<em>&nbsp;<\/em><\/p>\r\n<p>Jedna z kwestii podj\u0119tych przez Marca Tosattiego dotyczy\u0142a poczucia opuszczenia, jakiego &#8211; w opinii dziennikarza &#8211; do\u015bwiadcza wielu wiernych \u015bwieckich oraz kap\u0142an\u00f3w ze strony w\u0142oskiego Episkopatu.<\/p>\r\n<p>&#8211; <em>Aby unikn\u0105\u0107 nieporozumie\u0144, musimy zaznaczy\u0107, \u017ce Konferencja Biskup\u00f3w nie ma w\u0142adzy nad biskupami, z kt\u00f3rych ka\u017cdy posiada w swojej diecezji pe\u0142n\u0105 jurysdykcj\u0119, w jedno\u015bci ze Stolic\u0105 Apostolsk\u0105.&nbsp;Jest to jeszcze wa\u017cniejsze, gdy zrozumiemy, \u017ce CEI (Konferencja Episkopatu W\u0142och) by\u0142a zbyt koncyliacyjna i w istocie zosta\u0142a zdominowana przez w\u0142oski rz\u0105d<\/em> &#8211; zastrzeg\u0142 abp Vigan\u00f2. Jak podkre\u015bli\u0142, hierarchowie powinni, nie ogl\u0105daj\u0105c si\u0119 na g\u0142osy z zewn\u0105trz, raczej zadba\u0107 o to, by z rozwag\u0105 i m\u0105dro\u015bci\u0105 zagwarantowa\u0107 wiernym dost\u0119p do Mszy \u015bwi\u0119tej i sakrament\u00f3w.<\/p>\r\n<p>&#8211; <em>Wynios\u0142e milczenie CEI (Konferencji Episkopatu W\u0142och) i niemal wszystkich lokalnych ordynariuszy ujawni\u0142o sytuacj\u0119 podporz\u0105dkowania si\u0119 pa\u0144stwu &#8211; bezprecedensow\u0105 i s\u0142usznie postrzegan\u0105 przez wiernych oraz kap\u0142an\u00f3w jako rodzaj porzucenia.&nbsp;Skandaliczne przypadki nalot\u00f3w na ko\u015bcio\u0142y przez organa \u015bcigania, nawet podczas celebracji Mszy \u015bwi\u0119tej, s\u0105 symbolicznym przyk\u0142adem tego porzucenia<\/em> &#8211; podkre\u015bli\u0142 hierarcha.&nbsp;<\/p>\r\n<p>&#8211; <em>Taka \u015bwi\u0119tokradzka arogancja powinna by\u0142a sprowokowa\u0107 natychmiastowy i gwa\u0142towny protest Watyka\u0144skiego Sekretariatu Stanu.&nbsp;Ambasador W\u0142och przy Stolicy Apostolskiej powinien zosta\u0107 wezwany i us\u0142ysze\u0107 ostry protest przeciwko powa\u017cnemu naruszeniu konkordatu przez rz\u0105d. Z kolei Stolica Apostolska powinna by\u0142a zastrzec sobie prawo do odwo\u0142ania nuncjusza apostolskiego we W\u0142oszech, gdyby nielegalne \u015brodki podj\u0119te przez w\u0142adze nie zosta\u0142y wycofane<\/em> &#8211; oceni\u0142 by\u0142y dyplomata Kurii Rzymskiej.<\/p>\r\n<p>Arcybiskup Vigan\u00f2 pochwali\u0142 postaw\u0119 biskupa diecezji Ascoli-Piceno Giovanniego d&#8217;Ercole, kt\u00f3ry za\u017c\u0105da\u0142 od w\u0142adz, w tym osobi\u015bcie premiera Conte, pe\u0142nego uznania katolickiego prawa do publicznego kultu.<\/p>\r\n<p>&#8211; <em>Przemawia\u0142 jako prawdziwy biskup, z autorytetem, kt\u00f3ry pochodzi od Chrystusa.&nbsp;Jestem pewien, \u017ce jest wielu innych, podobnych mu pasterzy, kap\u0142an\u00f3w, kt\u00f3rzy czuj\u0105 si\u0119 odpowiedzialni za powierzone im dusze.&nbsp;Ale wielu milczy&#8230;&nbsp;W\u0142a\u015bnie w obecnym, wielkanocnym okresie liturgicznym rozbrzmiewa przypowie\u015b\u0107 o Dobrym Pasterzu;&nbsp;Pan Jezus wspomina tak\u017ce najemnik\u00f3w, kt\u00f3rzy nie dbaj\u0105 o zbawienie owiec: nie marnujmy Boskiego ostrze\u017cenia i przyk\u0142adu Naszego Zbawiciela, kt\u00f3ry oddaje swoje \u017cycie za owce!<\/em> &#8211; zaapelowa\u0142 hierarcha. Zwr\u00f3ci\u0142 si\u0119 on do duchownych o bardziej zdecydowane dzia\u0142anie na rzecz przywr\u00f3cenia zwyczajnych praktyk religijnych. Odwo\u0142a\u0142 si\u0119 mi\u0119dzy innymi do odpowiedzialno\u015bci za dusze ludzi odchodz\u0105cych z tego \u015bwiata bez sakrament\u00f3w. Przypomnia\u0142, \u017ce pos\u0142usze\u0144stwo jeste\u015bmy winni w pierwszej kolejno\u015bci Prawdzie i Dobru.<\/p>\r\n<p>&#8211; <em>Czy chrze\u015bcijanin nie jest zobowi\u0105zany do&nbsp;sprzeciwu sumienia, nawet w pracy, kiedy to, czego si\u0119 od niego wymaga, narusza Boskie Prawo?&nbsp;Gdyby nasza wiara opiera\u0142a si\u0119 wy\u0142\u0105cznie na pos\u0142usze\u0144stwie, m\u0119czennicy nie musieliby stawia\u0107 czo\u0142a udr\u0119kom, na kt\u00f3re skaza\u0142o je prawo cywilne: wystarczy\u0142oby pos\u0142usze\u0144stwo i zapalenie kadzid\u0142a pos\u0105gowi Cezara &#8211; <\/em>podkre\u015bli\u0142 rozm\u00f3wca Tosattiego.<\/p>\r\n<p>By\u0142y nuncjusz Stolicy Apostolskiej w rozmowie zauwa\u017cy\u0142, i\u017c epidemia COVID-19&nbsp;stworzy\u0142a rz\u0105dz\u0105cym okazj\u0119 do na\u0142o\u017cenia na spo\u0142ecze\u0144stwa powa\u017cnych ogranicze\u0144 wolno\u015bci. Wed\u0142ug arcybiskupa, s\u0105 one przejawami dyktatury posuwaj\u0105cej si\u0119 nawet do \u015bledzenia ludzi oraz narzucania nowych kolejnych regulacji pod pretekstem ochrony zdrowia i domniemanej epidemii. Niewybrane przez ludzi gremia roszcz\u0105 sobie pretensje do ustanawiania w\u0142asnych praw i karania tych, kt\u00f3rzy nie podporz\u0105dkuj\u0105 si\u0119 rozporz\u0105dzeniom. Niestety, odbywa si\u0119 to za aprobat\u0105 cz\u0119\u015bci hierarchii ko\u015bcielnej.<\/p>\r\n<p>&#8211; <em>Zawsze jest pow\u00f3d do nadziei, je\u015bli masz nadprzyrodzone spojrzenie.&nbsp;Przede wszystkim, ta epidemia sprawi\u0142a, \u017ce spad\u0142o wiele masek: prawdziwych pot\u0119g, mi\u0119dzynarodowych lobbies patentuj\u0105cych wirusa, a tak\u017ce przygotowuj\u0105cych si\u0119 do opatentowania szczepionki, a jednocze\u015bnie nalegaj\u0105cych na narzucenie jej wszystkim (\u2026) .&nbsp;Przynajmniej teraz wiemy, kim oni s\u0105 i jak wygl\u0105daj\u0105<\/em> &#8211; powiedzia\u0142 arcybiskup Vigan\u00f2.<\/p>\r\n<p>&#8211; <em>Maski spad\u0142y r\u00f3wnie\u017c tym, kt\u00f3rzy poddaj\u0105 si\u0119 tej farsie, wydaj\u0105c nieuzasadnione alarmy i szerz\u0105c panik\u0119 w\u015br\u00f3d ludzi, kreuj\u0105c \u015bwiatowy kryzys nie tylko zdrowotny, ale tak\u017ce ekonomiczny i polityczny na \u015bwiecie<\/em> &#8211; oceni\u0142.<\/p>\r\n<p>Hierarcha dostrzeg\u0142 liczne pozytywne aspekty obecnej sytuacji, w tym ogromn\u0105 hojno\u015b\u0107, po\u015bwi\u0119cenie dobrych ludzi, w tym lekarzy, piel\u0119gniarek, ksi\u0119\u017cy i wolontariuszy, ale tak\u017ce wielu bezimiennych ludzi, kt\u00f3rzy pomagaj\u0105 swoim s\u0105siadom, przynosz\u0105 ukojenie cierpi\u0105cym oraz budz\u0105 si\u0119 ze snu, zaczynaj\u0105c rozumie\u0107, co dzieje si\u0119 wok\u00f3\u0142.&nbsp;Hierarcha okre\u015bli\u0142 to jako \u201eprzebudzenie Dobra, kt\u00f3rego autorem jest niew\u0105tpliwie Pan.&nbsp;On rz\u0105dzi przeznaczeniem Ko\u015bcio\u0142a i \u015bwiata i nie pozwoli, by Z\u0142o zwyci\u0119\u017cy\u0142o\u201d &#8211; zaznaczy\u0142.<\/p>\r\n<p>&#8211; <em>Nie zapominajmy: Matka Bo\u017ca Fatimska obieca\u0142a siostrze \u0141ucji, \u017ce przed ko\u0144cem czas\u00f3w Papie\u017c po\u015bwi\u0119ci Rosj\u0119 Jej Niepokalanemu Sercu, a po tym akcie pos\u0142usze\u0144stwa nast\u0105pi era pokoju.&nbsp;Dlatego z ufno\u015bci\u0105 umie\u015b\u0107my siebie, nasze rodziny i nasze drogie W\u0142ochy pod p\u0142aszczem Naj\u015bwi\u0119tszej Maryi Panny, ufaj\u0105c Jej s\u0142owom<\/em> &#8211; wezwa\u0142 arcybiskup Vigan\u00f2.<\/p>\r\n<p>\u0179r\u00f3d\u0142o: remnantnewspaper.com\/<em>Stilium Curiae<\/em> &#8211; Marco Tosatti Blog<\/p>\r\n<p>RoM<\/p>\r\n<blockquote>\r\n<p>[<strong>Wybrane wypowiedzi internaut\u00f3w pod w\/w tekstem na stronie \u017ar\u00f3d\u0142owej:<\/strong>]<\/p>\r\n<p>Je\u015bli miejsce cezaropapizmu jest na \u015bmietniku historii to co powiedzie\u0107 o Rosji? Zastanawiam si\u0119 dlaczego tak \u015bmiali s\u0105 Ci hierarchowie, kt\u00f3rzy nie musz\u0105 podejmowa\u0107 decyzji i ponosi\u0107 za nie odpowiedzialno\u015bci. Kard Ze\u0144 z Hongkongu, kard. Muller, abp Vigano. S\u0142yszymy ich krytyczne i zdecydowane opinie, kt\u00f3re jednak nie maj\u0105 realnego wp\u0142ywu. Kiedy byli na decyzyjnych stanowiskach to jednak ich g\u0142os brzmia\u0142 tak radykalnie vide kard. Muller gdy by\u0142 prefektem Kongregacji Nauki Wiary. S\u0105 oczywi\u015bcie pozytywne przyk\u0142ady takie jak kard. Sarah, kt\u00f3ry nie boi si\u0119 i\u015b\u0107 pod pr\u0105d, ale On nie decyduje si\u0119 by\u0107 tak radykalnym, bo by\u0107 radykalnym w wypowiedziach to jedno, a ponosi\u0107 konsekwencje swoich decyzji to drugie. Popatrzmy na Prymasa Wyszy\u0144skiego. On by\u0142 got\u00f3w ryzykowa\u0107. Podpisa\u0142 porozumienie z komunistami w 1950 r. Do momentu aresztowania by\u0142 jednak w antykomunistycznym \u015brodowisku Piusa XII traktowany podejrzliwie. Potrzeba by\u0142o dopiero aresztowania,bu uwierzono Prymasowi<br>\r\n<em>Kto\u015b<\/em><br>\r\n<br>\r\nBog zap\u0142a\u0107 za takiego m\u0105drego kap\u0142ana. Ludzie chodz\u0105 jak w letargu ale powoli si\u0119 budz\u0105 i zaczynaj\u0105 dostrzegac kto jest kim we w\u0142adzach ko\u015bcielnych jak tez w\u0142adzach \u015bwieckich. Czuje sie upokorzona stajac przed Panem Bogiem w ko\u015bciele w maseczce, ale nasz proboszcz nie mowi pod koniec mszy sw. o niczym innym oprocz tego, zeby przestrzegac zalecen sanitarno-epidemiologicznych&#8230;&#8230;zostawi\u0119 komentarz dla Was&#8230;..<strong>kap\u0142an dzisiejszych czas\u00f3w- najwa\u017cniejsze pieniadze i maseczki.<\/strong><br>\r\n4 godziny temu \/ regi<br>\r\n<br>\r\nUjawni\u0142a si\u0119 bolesna prawda, \u017ce <strong>w\u015br\u00f3d hierarch\u00f3w jest wi\u0119cej najemnik\u00f3w ni\u017c pasterzy.<\/strong><br>\r\n<em>Go\u015b\u0107<\/em><br>\r\n<br>\r\nten tekst powinien zosta\u0107 odczytany we wszystkich ko\u015bcio\u0142ach<br>\r\n<em>maria<\/em><\/p>\r\n<\/blockquote>","protected":false},"excerpt":{"rendered":"W obszernym wywiadzie udzielonym w\u0142oskiemu watykani\u015bcie Marco Tosattiemu arcybiskup Carlo Maria Vigano bardzo surowo zrecenzowa\u0142 postaw\u0119 w\u0142adz \u015bwieckich, kt\u00f3re doprowadzi\u0142y do zamkni\u0119cia \u015bwi\u0105ty\u0144. Wiele gorzkich s\u0142\u00f3w pad\u0142o r\u00f3wnie\u017c pod adresem cz\u0119\u015bci dostojnik\u00f3w ko\u015bcielnych, zbytnio uleg\u0142ych wobec nadmiernych restrykcji rz\u0105dowych. Angloj\u0119zyczny zapis rozmowy ukaza\u0142 si\u0119 na portalu The Remnant Newspaper. By\u0142y nuncjusz apostolski w Stanach Zjednoczonych [&hellip;]","protected":false},"author":1,"featured_media":0,"comment_status":"closed","ping_status":"closed","sticky":false,"template":"","format":"standard","meta":{"_acf_changed":false,"_monsterinsights_skip_tracking":false,"_monsterinsights_sitenote_active":false,"_monsterinsights_sitenote_note":"","_monsterinsights_sitenote_category":0,"ngg_post_thumbnail":0,"footnotes":"","_wp_rev_ctl_limit":""},"categories":[3],"tags":[455,132,433,20,33],"acf":[],"_links":{"self":[{"href":"https:\/\/www.bibula.com\/index.php?rest_route=\/wp\/v2\/posts\/114037"}],"collection":[{"href":"https:\/\/www.bibula.com\/index.php?rest_route=\/wp\/v2\/posts"}],"about":[{"href":"https:\/\/www.bibula.com\/index.php?rest_route=\/wp\/v2\/types\/post"}],"author":[{"embeddable":true,"href":"https:\/\/www.bibula.com\/index.php?rest_route=\/wp\/v2\/users\/1"}],"replies":[{"embeddable":true,"href":"https:\/\/www.bibula.com\/index.php?rest_route=%2Fwp%2Fv2%2Fcomments&post=114037"}],"version-history":[{"count":0,"href":"https:\/\/www.bibula.com\/index.php?rest_route=\/wp\/v2\/posts\/114037\/revisions"}],"wp:attachment":[{"href":"https:\/\/www.bibula.com\/index.php?rest_route=%2Fwp%2Fv2%2Fmedia&parent=114037"}],"wp:term":[{"taxonomy":"category","embeddable":true,"href":"https:\/\/www.bibula.com\/index.php?rest_route=%2Fwp%2Fv2%2Fcategories&post=114037"},{"taxonomy":"post_tag","embeddable":true,"href":"https:\/\/www.bibula.com\/index.php?rest_route=%2Fwp%2Fv2%2Ftags&post=114037"}],"curies":[{"name":"wp","href":"https:\/\/api.w.org\/{rel}","templated":true}]}}