{"id":113900,"date":"2020-04-30T11:05:48","date_gmt":"2020-04-30T15:05:48","guid":{"rendered":"http:\/\/www.bibula.com\/?p=113900"},"modified":"2020-04-30T11:05:48","modified_gmt":"2020-04-30T15:05:48","slug":"burmistrz-ny-skrytykowal-zydow-zostal-nazwany-antysemita","status":"publish","type":"post","link":"https:\/\/www.bibula.com\/?p=113900","title":{"rendered":"Burmistrz NY skrytykowa\u0142 \u017byd\u00f3w &#8211; zosta\u0142 nazwany antysemit\u0105"},"content":{"rendered":"<p><strong>W \u017cydowskiej spo\u0142eczno\u015bci zmar\u0142 rabin zaka\u017cony koronawirusem, o czym poinformowa\u0142 New York Times. Na jego pogrzebie zgromadzi\u0142y si\u0119 t\u0142umy.<\/strong><\/p>\r\n<blockquote class=\"twitter-tweet\">\r\n<p dir=\"ltr\" lang=\"en\">Tipster says this is the Williamsburg funeral today of Rabbi Chaim Mertz who died from COVID-19 <a href=\"https:\/\/t.co\/wsTvCrlzpb\">pic.twitter.com\/wsTvCrlzpb<\/a><\/p>\r\n\r\n\u201d\u201d Reuven Blau (@ReuvenBlau) <a href=\"https:\/\/twitter.com\/ReuvenBlau\/status\/1255290725744418816?ref_src=twsrc%5Etfw\">April 29, 2020<\/a><\/blockquote>\r\n<p><script async=\"\" src=\"https:\/\/platform.twitter.com\/widgets.js\" charset=\"utf-8\"><\/script><\/p>\r\n<p><em>Poniewa\u017c skala pandemii w tej metropolii nadal jest przera\u017caj\u0105ca, burmistrz Nowego Jorku w ostrym wpisie na Twitterze stwierdzi\u0142:<\/em><\/p>\r\n<p><em>&#8211; Kiedy o tym us\u0142ysza\u0142em, poszed\u0142em tam sam, by upewni\u0107 si\u0119, \u017ce t\u0142um si\u0119 rozproszy. To, co zobaczy\u0142em, NIE B\u0118DZIE tolerowane, dop\u00f3ki walczymy z koronawirusem<\/em><\/p>\r\n<p><em>Oraz:<\/em><\/p>\r\n<p><em>&#8211; <\/em><em>Poinstruowa\u0142em NYPD (policj\u0119), by natychmiast wr\u0119cza\u0142a pozwy, a nawet aresztowa\u0142a tych, kt\u00f3rzy gromadz\u0105 si\u0119 w du\u017cych grupach. Chodzi o powstrzymanie tej choroby i ratowanie \u017cycia. Kropka<\/em><\/p>\r\n<blockquote class=\"twitter-tweet\">\r\n<p dir=\"ltr\" lang=\"en\">Something absolutely unacceptable happened in Central Park: A large group of people gathered in Central Park. When <a href=\"https:\/\/twitter.com\/hashtag\/NYC?src=hash&amp;ref_src=twsrc%5Etfw\">#NYC<\/a> Mayor <a href=\"https:\/\/twitter.com\/hashtag\/BillDeblasio?src=hash&amp;ref_src=twsrc%5Etfw\">#BillDeblasio<\/a> heard about it, he went there himself to ensure the crowd was dispersed. Upon arrival, he saw that it&#8217;s not <a href=\"https:\/\/twitter.com\/hashtag\/Jews?src=hash&amp;ref_src=twsrc%5Etfw\">#Jews<\/a> so he left right away. <a href=\"https:\/\/t.co\/y0pVACJjAl\">pic.twitter.com\/y0pVACJjAl<\/a><\/p>\r\n\r\n\u201d\u201d Dovi Stern (@DoviSternNYC) <a href=\"https:\/\/twitter.com\/DoviSternNYC\/status\/1255323371933446144?ref_src=twsrc%5Etfw\">April 29, 2020<\/a><\/blockquote>\r\n<p><script async=\"\" src=\"https:\/\/platform.twitter.com\/widgets.js\" charset=\"utf-8\"><\/script><\/p>\r\n<blockquote class=\"twitter-tweet\">\r\n<p dir=\"ltr\" lang=\"en\">My message to the Jewish community, and all communities, is this simple: the time for warnings has passed. I have instructed the NYPD to proceed immediately to summons or even arrest those who gather in large groups. This is about stopping this disease and saving lives. Period.<\/p>\r\n\r\n\u201d\u201d Mayor Bill de Blasio (@NYCMayor) <a href=\"https:\/\/twitter.com\/NYCMayor\/status\/1255309615883063297?ref_src=twsrc%5Etfw\">April 29, 2020<\/a><\/blockquote>\r\n<p><script async=\"\" src=\"https:\/\/platform.twitter.com\/widgets.js\" charset=\"utf-8\"><\/script><\/p>\r\n<p><em>Wywo\u0142a\u0142o to ostr\u0105 reakcj\u0119 ze strony \u015brodowisk \u017cydowskich, czego wyrazem by\u0142 wpis <\/em><em>Chaima Deutscha, <\/em><em>jednego z radnych na TT:<\/em><\/p>\r\n<div class=\"paragraph-10\">\r\n<p><em>&#8211; W ka\u017cdej dzielnicy s\u0105 ludzie, kt\u00f3rzy nie przestrzegaj\u0105 zasad. M\u00f3wienie do ca\u0142ej grupy etnicznej, jakby\u015bmy wszyscy ra\u017c\u0105co naruszali \u015brodki ostro\u017cno\u015bci, jest obra\u017aliwe, stereotypowe i zach\u0119ca do antysemityzmu <\/em><\/p>\r\n<p>Wczoraj burmistrz przeprosi\u0142 \u015brodowiska \u017cydowskie. Guardian News podaje:<\/p>\r\n<p><em>&#8211; Burmistrz Nowego Jorku, Bill de Blasio, przeprosi\u0142 za ostr\u0105 krytyk\u0119 zachowania \u017ca\u0142obnik\u00f3w na t\u0142ocznym pogrzebie rabina zmar\u0142ego na Covid-19. W tweecie burmistrz nazwa\u0142 wielk\u0105 procesj\u0119 \u201eabsolutnie nie do przyj\u0119cia\u201d i obieca\u0142, \u017ce zamknie takie zgromadzenia. \u201eJe\u015bli zobaczy\u0142e\u015b gniew i frustracj\u0119 [w odpowiedzi] masz racj\u0119\u201d &#8211; powiedzia\u0142 de Blasio. \u201eM\u00f3wi\u0142em z prawdziwego niepokoju. Patrzy\u0142em na zagro\u017cone \u017cycie ludzi, kt\u00f3re by\u0142o w niebezpiecze\u0144stwie\u201d<\/em><\/p>\r\n<p><iframe src=\"https:\/\/www.youtube.com\/embed\/ECEm0ej_dQc\" data-mce-fragment=\"1\" width=\"560\" height=\"315\"><\/iframe><\/p>\r\n<p>mp\/twitter\/guardian news<\/p>\r\n<\/div>","protected":false},"excerpt":{"rendered":"W \u017cydowskiej spo\u0142eczno\u015bci zmar\u0142 rabin zaka\u017cony koronawirusem, o czym poinformowa\u0142 New York Times. Na jego pogrzebie zgromadzi\u0142y si\u0119 t\u0142umy. Tipster says this is the Williamsburg funeral today of Rabbi Chaim Mertz who died from COVID-19 pic.twitter.com\/wsTvCrlzpb \u201d\u201d Reuven Blau (@ReuvenBlau) April 29, 2020 Poniewa\u017c skala pandemii w tej metropolii nadal jest przera\u017caj\u0105ca, burmistrz Nowego Jorku [&hellip;]","protected":false},"author":1,"featured_media":0,"comment_status":"closed","ping_status":"closed","sticky":false,"template":"","format":"standard","meta":{"_acf_changed":false,"_monsterinsights_skip_tracking":false,"_monsterinsights_sitenote_active":false,"_monsterinsights_sitenote_note":"","_monsterinsights_sitenote_category":0,"ngg_post_thumbnail":0,"footnotes":"","_wp_rev_ctl_limit":""},"categories":[7],"tags":[48,433,53,197,221],"acf":[],"_links":{"self":[{"href":"https:\/\/www.bibula.com\/index.php?rest_route=\/wp\/v2\/posts\/113900"}],"collection":[{"href":"https:\/\/www.bibula.com\/index.php?rest_route=\/wp\/v2\/posts"}],"about":[{"href":"https:\/\/www.bibula.com\/index.php?rest_route=\/wp\/v2\/types\/post"}],"author":[{"embeddable":true,"href":"https:\/\/www.bibula.com\/index.php?rest_route=\/wp\/v2\/users\/1"}],"replies":[{"embeddable":true,"href":"https:\/\/www.bibula.com\/index.php?rest_route=%2Fwp%2Fv2%2Fcomments&post=113900"}],"version-history":[{"count":0,"href":"https:\/\/www.bibula.com\/index.php?rest_route=\/wp\/v2\/posts\/113900\/revisions"}],"wp:attachment":[{"href":"https:\/\/www.bibula.com\/index.php?rest_route=%2Fwp%2Fv2%2Fmedia&parent=113900"}],"wp:term":[{"taxonomy":"category","embeddable":true,"href":"https:\/\/www.bibula.com\/index.php?rest_route=%2Fwp%2Fv2%2Fcategories&post=113900"},{"taxonomy":"post_tag","embeddable":true,"href":"https:\/\/www.bibula.com\/index.php?rest_route=%2Fwp%2Fv2%2Ftags&post=113900"}],"curies":[{"name":"wp","href":"https:\/\/api.w.org\/{rel}","templated":true}]}}