{"id":113885,"date":"2020-04-30T09:33:52","date_gmt":"2020-04-30T13:33:52","guid":{"rendered":"http:\/\/www.bibula.com\/?p=113885"},"modified":"2020-04-30T09:36:39","modified_gmt":"2020-04-30T13:36:39","slug":"tajemne-analizy-resortu-decyzje-dotyczace-liczby-wiernych-po-ocenie-danych-z-kosciolow","status":"publish","type":"post","link":"https:\/\/www.bibula.com\/?p=113885","title":{"rendered":"Tajemne analizy resortu. Decyzje dotycz\u0105ce liczby wiernych po ocenie danych z ko\u015bcio\u0142\u00f3w"},"content":{"rendered":"<p><strong>Ministerstwo Zdrowia nie wypowiada si\u0119 na temat postulatu dotycz\u0105cego zmniejszenia ogranicze\u0144, pozwalaj\u0105cych na przebywanie w ko\u015bcio\u0142ach liczby wiernych wedle przelicznika: 1 osoba na 15 metr\u00f3w kwadratowych. Podczas konferencji prasowej \u0141ukasz Szumowski z wyrachowaniem twierdzi\u0142, \u017ce poluzowania nie b\u0119dzie, p\u00f3ki nie b\u0119dzie danych z ko\u015bcio\u0142\u00f3w. Tego jak s\u0105 one zbierane, nie ujawni\u0142.<\/strong><\/p>\r\n<p>\u0141ukasz Szumowski, minister zdrowia, podczas czwartkowej konferencji prasowej rz\u0105du zapytany zosta\u0142 o list, jaki wystosowali przedstawiciele zwi\u0105zk\u00f3w wyznaniowych, w tym przewodnicz\u0105cy Konferencji Episkopatu Polski, w sprawie poluzowania na\u0142o\u017conych ogranicze\u0144 liczby wiernych w miejscach kultu religijnego.<\/p>\r\n<p>Minister pytany by\u0142 te\u017c o to, ile os\u00f3b mo\u017ce przebywa\u0107 w domach w zwi\u0105zku z celebracj\u0105 chrzt\u00f3w czy Pierwszej Komunii \u015awi\u0119tej. Tu odpowiedzi nie by\u0142o. Za to deklaracja \u0141ukasza Szumowskiego na temat liczby wiernych by\u0142a mocno zaskakuj\u0105ca.<\/p>\r\n<p>\u201ePozw\u00f3lmy na ocen\u0119 skutk\u00f3w uwolnienia dotychczasowych re\u017cim\u00f3w dotycz\u0105cych ko\u015bcio\u0142\u00f3w, zwi\u0105zk\u00f3w wyznaniowych. W tej chwili jedna osoba na 15 m kwadratowych, to jest w \u015bredniej wielko\u015bci ko\u015bciele oko\u0142o 50 os\u00f3b. Popatrzymy jak to wp\u0142ywa na przebieg epidemii i nie b\u0119dziemy podejmowali decyzji, dop\u00f3ki nie b\u0119dziemy mieli wiedzy czy te wska\u017aniki, o kt\u00f3rych ju\u017c wielokrotnie m\u00f3wi\u0142em rosn\u0105, malej\u0105 czy pozostaj\u0105 na tym samym poziomie\u201d &#8211; m\u00f3wi\u0142 \u0141ukasz Szumowski.<\/p>\r\n<p>Jak doda\u0142 minister zdrowia, \u201etutaj najpierw musimy mie\u0107 dane, najpierw by\u0107 pewni tego jak poprzedni etap, poprzedni krok wp\u0142yn\u0105\u0142 na nasze zachorowalno\u015bci, a potem mo\u017cemy m\u00f3wi\u0107 o kolejnym etapie\u201d.<\/p>\r\n<p>Takie podej\u015bcie wskazuje na niebywa\u0142\u0105 arogancj\u0119 w\u0142adzy. Trudno bowiem oceni\u0107, jak resort wyka\u017ce jak znikoma liczba wiernych w ko\u015bciele \u201eprzek\u0142ada si\u0119\u201d na rozw\u00f3j epidemii. To przecie\u017c tylko ma\u0142y element \u017cycia spo\u0142ecze\u0144stwa, do tego &#8211; zapewne &#8211; nie monitorowany epidemiologicznie. Mo\u017cna szacowa\u0107, \u017ce w jedn\u0105 niedziel\u0119, \u015bredniej wielko\u015bci ko\u015bci\u00f3\u0142, przy \u015bredniej ilo\u015bci Mszy \u015bw. zbierze oko\u0142o 250 wiernych. Tymczasem po marketach, galeriach przetacza\u0107 si\u0119 b\u0119d\u0105 mog\u0142y tabuny klient\u00f3w (cho\u0107 z ograniczeniem \u201epowierzchniowym\u201d). To jednak ko\u015bcio\u0142y w spos\u00f3b niesprawiedliwy i nieuzasadniony ponownie zosta\u0142y uznane przez w\u0142adze za jedno z wa\u017cnych \u017ar\u00f3de\u0142 rozwoju epidemii.<\/p>\r\n<p><a href=\"https:\/\/www.protestuj.pl\/my-chcemy-boga-,106,k.html?ka=004146\" target=\"_blank\" rel=\"noopener noreferrer\">Dlatego konieczny jest nacisk na rz\u0105d. Do\u0142\u0105cz do akcji \u201eMy chcemy Boga\u201d i podpisz si\u0119 pod apelem o zmian\u0119 rygor\u00f3w sanitarnych na\u0142o\u017conych na ko\u015bcio\u0142y.<\/a><\/p>\r\n<p>MA<\/p>\r\n<p><a href=\"https:\/\/www.protestuj.pl\/my-chcemy-boga-,106,k.html?ka=004146\" target=\"_blank\" rel=\"noopener noreferrer\"><img fetchpriority=\"high\" decoding=\"async\" class=\"aligncenter\" src=\"https:\/\/www.pch24.pl\/files\/2020%20GRAFIKI\/pety.jpg\" alt=\"\" width=\"590\" height=\"239\"><\/a><\/p>\r\n<blockquote>\r\n<p>[<strong>Wybrane wypowiedzi internaut\u00f3w pod w\/w tekstem na stronie \u017ar\u00f3d\u0142owej:<\/strong>]<\/p>\r\n<p>Bardzo niebezpieczny cz\u0142owiek<br>\r\n<em>Stefania<\/em><\/p>\r\n<p><img decoding=\"async\" class=\"aligncenter\" src=\"https:\/\/www.pch24.pl\/images\/min_mid_big\/big\/75730.jpg?r=1588254338\" width=\"503\" height=\"289\"><\/p>\r\n<p class=\"podpis_sz\" style=\"text-align: center;\">[\u0179r\u00f3d\u0142o zdj\u0119cia:] https:\/\/www.facebook.com\/kancelaria.premiera<\/p>\r\n<\/blockquote>","protected":false},"excerpt":{"rendered":"Ministerstwo Zdrowia nie wypowiada si\u0119 na temat postulatu dotycz\u0105cego zmniejszenia ogranicze\u0144, pozwalaj\u0105cych na przebywanie w ko\u015bcio\u0142ach liczby wiernych wedle przelicznika: 1 osoba na 15 metr\u00f3w kwadratowych. Podczas konferencji prasowej \u0141ukasz Szumowski z wyrachowaniem twierdzi\u0142, \u017ce poluzowania nie b\u0119dzie, p\u00f3ki nie b\u0119dzie danych z ko\u015bcio\u0142\u00f3w. Tego jak s\u0105 one zbierane, nie ujawni\u0142. \u0141ukasz Szumowski, minister zdrowia, [&hellip;]","protected":false},"author":1,"featured_media":0,"comment_status":"closed","ping_status":"closed","sticky":false,"template":"","format":"standard","meta":{"_acf_changed":false,"_monsterinsights_skip_tracking":false,"_monsterinsights_sitenote_active":false,"_monsterinsights_sitenote_note":"","_monsterinsights_sitenote_category":0,"ngg_post_thumbnail":0,"footnotes":"","_wp_rev_ctl_limit":""},"categories":[8],"tags":[132,433,98,20],"acf":[],"_links":{"self":[{"href":"https:\/\/www.bibula.com\/index.php?rest_route=\/wp\/v2\/posts\/113885"}],"collection":[{"href":"https:\/\/www.bibula.com\/index.php?rest_route=\/wp\/v2\/posts"}],"about":[{"href":"https:\/\/www.bibula.com\/index.php?rest_route=\/wp\/v2\/types\/post"}],"author":[{"embeddable":true,"href":"https:\/\/www.bibula.com\/index.php?rest_route=\/wp\/v2\/users\/1"}],"replies":[{"embeddable":true,"href":"https:\/\/www.bibula.com\/index.php?rest_route=%2Fwp%2Fv2%2Fcomments&post=113885"}],"version-history":[{"count":0,"href":"https:\/\/www.bibula.com\/index.php?rest_route=\/wp\/v2\/posts\/113885\/revisions"}],"wp:attachment":[{"href":"https:\/\/www.bibula.com\/index.php?rest_route=%2Fwp%2Fv2%2Fmedia&parent=113885"}],"wp:term":[{"taxonomy":"category","embeddable":true,"href":"https:\/\/www.bibula.com\/index.php?rest_route=%2Fwp%2Fv2%2Fcategories&post=113885"},{"taxonomy":"post_tag","embeddable":true,"href":"https:\/\/www.bibula.com\/index.php?rest_route=%2Fwp%2Fv2%2Ftags&post=113885"}],"curies":[{"name":"wp","href":"https:\/\/api.w.org\/{rel}","templated":true}]}}