{"id":113869,"date":"2020-04-29T08:48:33","date_gmt":"2020-04-29T12:48:33","guid":{"rendered":"http:\/\/www.bibula.com\/?p=113869"},"modified":"2020-04-29T08:48:33","modified_gmt":"2020-04-29T12:48:33","slug":"od-4-maja-ruszaja-hotele-i-centra-handlowe-koscioly-nadal-w-zamrozeniu","status":"publish","type":"post","link":"https:\/\/www.bibula.com\/?p=113869","title":{"rendered":"Od 4 maja ruszaj\u0105 hotele i centra handlowe. Ko\u015bcio\u0142y nadal w zamro\u017ceniu"},"content":{"rendered":"<p><strong>Rz\u0105d og\u0142osi\u0142 terminy i przebieg drugiego etapu odmra\u017cania Polski z ogranicze\u0144 na\u0142o\u017conych z powodu pandemii koronawirusa. Wiadomo, \u017ce ju\u017c niebawem rusz\u0105 m.in. hotele, centra handlowe i wybrane instytucje kultury. Niestety &#8211; nic nie zmieni si\u0119 w kwestii dost\u0119pno\u015bci ko\u015bcio\u0142\u00f3w dla wiernych.<\/strong><strong>&nbsp;<\/strong><\/p>\r\n<p>Jak podkre\u015bli\u0142 rz\u0105d, odmra\u017canie Polski zosta\u0142o podzielone na etapy, a jego przebieg zale\u017cy od rozwoju epidemii w kraju i wydajno\u015bci s\u0142u\u017cby zdrowia. Drugi etap rusza 4 maja. Co zmieni si\u0119 w Polsce po \u201emaj\u00f3wce\u201d?<\/p>\r\n<p><strong>\u0179ycie gospodarcze:<\/strong><\/p>\r\n<p><strong>Centra handlowe i sklepy wielkopowierzchniowe<\/strong> b\u0119d\u0105 otwarte, ale z limitem os\u00f3b i bez mo\u017cliwo\u015bci spo\u017cywania tam posi\u0142k\u00f3w.<\/p>\r\n<p><strong>Obowi\u0105zuje limit: <\/strong>na 1 osob\u0119 musi przypada\u0107 15m2 powierzchni handlowej. Co wa\u017cne &#8211; do powierzchni sprzeda\u017cowej nie wlicza si\u0119 powierzchnia korytarzy.&nbsp;W centrach handlowych nie mog\u0105 funkcjonowa\u0107 jednak kluby fitness i przestrze\u0144 rekreacyjna (np. place zabaw). Nie mog\u0105 funkcjonowa\u0107 tak\u017ce miejsca, w kt\u00f3rych spo\u017cywa si\u0119 posi\u0142ki na miejscu (tzw. food court).<\/p>\r\n<p>&#8211; <em>Otwieramy gospodark\u0119, ale ani o centymetr nie luzujemy regu\u0142 bezpiecze\u0144stwa. (&#8230;)&nbsp;<\/em><em>Pami\u0119tajmy: z domu wychodzimy do pracy, po zakupy i w sytuacjach \u017cyciowo koniecznych<\/em> &#8211; m\u00f3wi\u0142 premier Mateusz Morawiecki.<\/p>\r\n<p><strong>Rusz\u0105 hotele i noclegi, ale bez basen\u00f3w i si\u0142owni.<\/strong> Do tej pory hotele co do zasady nie przyjmowa\u0142y go\u015bci &#8211; z wyj\u0105tkiem os\u00f3b w delegacji i w kwarantannie. Teraz us\u0142ugi hotelarskie i noclegowe b\u0119d\u0105 mog\u0142y by\u0107 \u015bwiadczone pod warunkiem, \u017ce zachowane b\u0119d\u0105 szczeg\u00f3lne zasady bezpiecze\u0144stwa. Co wi\u0119cej w hotelach i obiektach noclegowych ograniczona zostaje nadal dzia\u0142alno\u015b\u0107 restauracji hotelowych i przestrzeni rekreacyjnych &#8211; np. si\u0142owni, sal pobytu, basen\u00f3w.<\/p>\r\n<p><strong>Sklepy budowlane <\/strong><strong>b\u0119d\u0105 czynne w weekendy.<\/strong> Mo\u017cliwe b\u0119dzie wyj\u015bcie do <strong>jednostek kultury<\/strong> i skorzystanie z <strong>rehabilitacji<\/strong>. Salony masa\u017cu nadal pozostaj\u0105 zamkni\u0119te. Uchylony bowiem zostaje zakaz dzia\u0142alno\u015bci <strong>bibliotek, archiw\u00f3w, muze\u00f3w oraz pozosta\u0142ej dzia\u0142alno\u015bci zwi\u0105zanej z kultur\u0105<\/strong>. Instytucje kultury b\u0119d\u0105 otwierane stopniowo i w r\u00f3\u017cnym czasie. O konkretnym terminie decydowa\u0107 b\u0119dzie organ prowadz\u0105cy dan\u0105 plac\u00f3wk\u0119 po konsultacji z powiatow\u0105 stacj\u0105 sanitarno-epidemiologiczn\u0105.<\/p>\r\n<p><strong>6 maja<\/strong> otwarte zostan\u0105 <strong>\u017c\u0142obki i przedszkola. <\/strong>Jednak ze wzgl\u0119du na sytuacj\u0119 epidemiologiczn\u0105 organ prowadz\u0105cy mo\u017ce ograniczy\u0107 liczebno\u015b\u0107 grupy przedszkolnej lub ograniczy\u0107 liczb\u0119 dzieci obj\u0119tych opiek\u0105 w \u017c\u0142obkach. Ponadto jednostka samorz\u0105du terytorialnego na podstawie dotychczasowych przepis\u00f3w og\u00f3lnych mo\u017ce zamkn\u0105\u0107 wszystkie \u017c\u0142obki i przedszkola na swoim terenie.<\/p>\r\n<p><strong>Zasi\u0142ek opieku\u0144czy <\/strong>b\u0119dzie nadal wyp\u0142acany, gdy przedszkole i \u017c\u0142obek s\u0105 zamkni\u0119te na mocy decyzji jednostki samorz\u0105du terytorialnego, gdy \u017c\u0142obek lub przedszkole nie mo\u017ce zapewni\u0107 opieki ze wzgl\u0119du na ograniczenia spowodowane COVID-19.<\/p>\r\n<p><strong>Nadal obowi\u0105zuj\u0105ce zasady:<\/strong><\/p>\r\n<p>Zachowuj 2-metrow\u0105 odleg\u0142o\u015b\u0107 od innych w przestrzeni publicznej.<\/p>\r\n<p>Obowi\u0105zkowo zas\u0142aniaj nos i usta w miejscach publicznych.<\/p>\r\n<p>Pracuj i ucz si\u0119 zdalnie, je\u015bli tylko jest to mo\u017cliwe.<\/p>\r\n<p>\u015aci\u015ble przestrzegaj zasad sanitarnych w miejscach gromadzenia ludzi (dezynfekcja i utrzymanie odpowiedniego dystansu).<\/p>\r\n<p>Kwarantanna i izolacja dla os\u00f3b zara\u017conych lub potencjalnie zara\u017conych.<\/p>\r\n<p>\u0179r\u00f3d\u0142o: gov.pl<\/p>\r\n<p>MA<\/p>\r\n<blockquote>\r\n<p>[<strong>Wybrane wypowiedzi internaut\u00f3w pod w\/w tekstem na stronie \u017ar\u00f3d\u0142owej:<\/strong>]<\/p>\r\n<p>No to na &#8222;maj\u00f3wk\u0119&#8221; pod przydro\u017cny krzy\u017c jak onegdaj bywa\u0142o. Tam limitow nie ma<br>\r\n<em>Trabolot<\/em><br>\r\n<br>\r\n@sungura &#8211; chcesz &#8222;cezara&#8221; prosi\u0107 o pozwolenie na modlitw\u0119?! Suplikacje do ministr\u00f3w?! To tw\u00f3j zwierzchnik? To zapal mu kadzide\u0142ko i si\u0119 pok\u0142o\u0144! Mo\u017ce oka\u017ce ci \u0142ask\u0119 i zezwoli!<br>\r\n<em>hej<\/em><br>\r\n<br>\r\n&#8222;Ludowo-pobo\u017cna&#8221; w\u0142adza. Kiedy Polacy si\u0119 opamietaj\u0105?<br>\r\n<em>Jaros\u0142aw<\/em><\/p>\r\n<\/blockquote>","protected":false},"excerpt":{"rendered":"Rz\u0105d og\u0142osi\u0142 terminy i przebieg drugiego etapu odmra\u017cania Polski z ogranicze\u0144 na\u0142o\u017conych z powodu pandemii koronawirusa. Wiadomo, \u017ce ju\u017c niebawem rusz\u0105 m.in. hotele, centra handlowe i wybrane instytucje kultury. Niestety &#8211; nic nie zmieni si\u0119 w kwestii dost\u0119pno\u015bci ko\u015bcio\u0142\u00f3w dla wiernych.&nbsp; Jak podkre\u015bli\u0142 rz\u0105d, odmra\u017canie Polski zosta\u0142o podzielone na etapy, a jego przebieg zale\u017cy od [&hellip;]","protected":false},"author":1,"featured_media":0,"comment_status":"closed","ping_status":"closed","sticky":false,"template":"","format":"standard","meta":{"_acf_changed":false,"_monsterinsights_skip_tracking":false,"_monsterinsights_sitenote_active":false,"_monsterinsights_sitenote_note":"","_monsterinsights_sitenote_category":0,"ngg_post_thumbnail":0,"footnotes":"","_wp_rev_ctl_limit":""},"categories":[8],"tags":[132,433,98,20],"acf":[],"_links":{"self":[{"href":"https:\/\/www.bibula.com\/index.php?rest_route=\/wp\/v2\/posts\/113869"}],"collection":[{"href":"https:\/\/www.bibula.com\/index.php?rest_route=\/wp\/v2\/posts"}],"about":[{"href":"https:\/\/www.bibula.com\/index.php?rest_route=\/wp\/v2\/types\/post"}],"author":[{"embeddable":true,"href":"https:\/\/www.bibula.com\/index.php?rest_route=\/wp\/v2\/users\/1"}],"replies":[{"embeddable":true,"href":"https:\/\/www.bibula.com\/index.php?rest_route=%2Fwp%2Fv2%2Fcomments&post=113869"}],"version-history":[{"count":0,"href":"https:\/\/www.bibula.com\/index.php?rest_route=\/wp\/v2\/posts\/113869\/revisions"}],"wp:attachment":[{"href":"https:\/\/www.bibula.com\/index.php?rest_route=%2Fwp%2Fv2%2Fmedia&parent=113869"}],"wp:term":[{"taxonomy":"category","embeddable":true,"href":"https:\/\/www.bibula.com\/index.php?rest_route=%2Fwp%2Fv2%2Fcategories&post=113869"},{"taxonomy":"post_tag","embeddable":true,"href":"https:\/\/www.bibula.com\/index.php?rest_route=%2Fwp%2Fv2%2Ftags&post=113869"}],"curies":[{"name":"wp","href":"https:\/\/api.w.org\/{rel}","templated":true}]}}