{"id":113833,"date":"2020-04-27T10:23:08","date_gmt":"2020-04-27T14:23:08","guid":{"rendered":"http:\/\/www.bibula.com\/?p=113833"},"modified":"2020-04-27T10:23:32","modified_gmt":"2020-04-27T14:23:32","slug":"prezydent-dobrej-zmiany-nadal-krzyz-komandorski-oop-komunistce-ktora-do-konca-zycia-byla-w-zarzadzie-sld","status":"publish","type":"post","link":"https:\/\/www.bibula.com\/?p=113833","title":{"rendered":"Prezydent &#8222;dobrej zmiany&#8221; nada\u0142 Krzy\u017c Komandorski OOP komunistce, kt\u00f3ra do ko\u0144ca \u017cycia by\u0142a w zarz\u0105dzie SLD"},"content":{"rendered":"<h4>Krzy\u017c Komandorski Orderu Odrodzenia Polski dla \u015bp. Krystyny \u0141ybackiej<\/h4>\r\n<p>Prezydent RP Andrzej Duda nada\u0142 za wybitne zas\u0142ugi w dzia\u0142alno\u015bci publicznej po\u015bmiertnie<\/p>\r\n<p><strong>KRZY\u0179 KOMANDORSKI ORDERU ODRODZENIA POLSKI<\/strong><\/p>\r\n<p><strong>Krystynie \u0141ybackiej<\/strong><\/p>\r\n<p>by\u0142ej minister edukacji narodowej i sportu, pos\u0142ance na Sejm Rzeczypospolitej Polskiej, deputowanej do Parlamentu Europejskiego<\/p>\r\n<p>W imieniu Rzeczypospolitej Polskiej, Order przekaza\u0142 na r\u0119ce rodziny Sekretarz Stanu w Kancelarii Prezydenta Rzeczypospolitej Polskiej Andrzej Dera podczas Mszy \u015awi\u0119tej pogrzebowej w intencji \u015bp. Krystyny \u0141ybackiej, odprawionej w Poznaniu.<\/p>\r\n<p class=\"zrodlo\">Za: <a href=\"https:\/\/www.prezydent.pl\/aktualnosci\/ordery-i-odznaczenia\/art,538,krzyz-komandorski-orderu-odrodzenia-polski-dla-sp-krystyny-lybackiej.html\">www.prezydent.pl (27 kwietnia 2020)<\/a><\/p>\r\n<h4>&nbsp;<\/h4>\r\n<hr style=\"background-color: #000000; border-width: 0; color: #000000; height: 2px; line-height: 0; text-align: center; width: 100%;\">\r\n<h4>&nbsp;<\/h4>\r\n<h4>Odesz\u0142a Krystyna \u0141ybacka<\/h4>\r\n<p>Odesz\u0142a Pani Minister Krystyna \u0141ybacka. (&#8230;) Bardzo b\u0119dzie Jej brakowa\u0142o w polskim \u017cyciu i polityce &#8211; napisa\u0142 Prezydent Andrzej Duda na Twitterze.<\/p>\r\n<blockquote class=\"twitter-tweet\">\r\n<p>Odesz\u0142a Pani Minister Krystyna \u0141ybacka. Wielka i niezwykle elegancka Dama. Pi\u0119kny Cz\u0142owiek. Bardzo b\u0119dzie Jej brakowa\u0142o w polskim \u017cyciu i w polityce. <br>\r\n\u0141\u0105cz\u0119 si\u0119 w \u017calu z Najbli\u017cszymi Pani Minister, Przyjaci\u00f3\u0142mi i Tymi wszystkimi, co \u0142z\u0119 w oku maj\u0105. RiP<\/p>\r\n\r\n\u201d\u201d Andrzej Duda (@AndrzejDuda) <a href=\"https:\/\/twitter.com\/AndrzejDuda\/status\/1252493434948108289?ref_src=twsrc%5Etfw\">April 21, 2020<\/a><\/blockquote>\r\n<p><script async=\"\" src=\"https:\/\/platform.twitter.com\/widgets.js\" charset=\"utf-8\"><\/script><\/p>\r\n<p class=\"zrodlo\">Za: <a href=\"https:\/\/www.prezydent.pl\/aktualnosci\/wydarzenia\/art,1766,odeszla-krystyna-lybacka.html\">www.prezydent.pl (21 kwietnia 2020)<\/a><\/p>\r\n<h4>&nbsp;<\/h4>\r\n<hr style=\"background-color: #000000; border-width: 0; color: #000000; height: 2px; line-height: 0; text-align: center; width: 100%;\">\r\n<h4>&nbsp;<\/h4>\r\n<blockquote>\r\n<p><strong>KOMENTARZ <em>BIBU\u0141Y<\/em><\/strong>: Oczywi\u015bcie nie znamy ostatniej drogi p. \u0141ybackiej, mo\u017ce sumienie jednak obudzi\u0142o si\u0119 w chwilach trwogi&#8230; By\u0107 mo\u017ce tak by\u0142o, skoro znale\u017ali si\u0119 kap\u0142ani odprawiaj\u0105c Msz\u0119 pogrzebow\u0105 w ko\u015bciele katolickim&#8230; RIP<\/p>\r\n<p>Wiemy jednak jak wygl\u0105da\u0142o ca\u0142e polityczne \u017cycie tej pani: by\u0142a cz\u0142onkini\u0105 PZPR w latach 1978-1981, potem na kr\u00f3tko by\u0142a w Solidarno\u015bci (bo taki by\u0142 <em>trynd<\/em>, tak nakazywa\u0142y wiatry historii&#8230;), lecz od 1993 roku wyczu\u0142a, \u017ce rola Solidarno\u015bci sko\u0144czy\u0142a si\u0119, wi\u0119c powr\u00f3ci\u0142a do swych korzeni staj\u0105c si\u0119 jedn\u0105 z ikon post-komunistycznych partii i ugrupowa\u0144 w Polsce: SdRP, SLD (by\u0142a wiceszefow\u0105 zarz\u0105du krajowego), potem by\u0142a ministrem Edukacji w komunistycznym rz\u0105dzie Leszka Millera, by\u0142a pos\u0142em LiD-du, wybrana europos\u0142em SLD-UP. &#8222;Do ko\u0144ca \u017cycia zasiada\u0142a w zarz\u0105dzie krajowym SLD.&#8221;<\/p>\r\n<p>Czy ludziom z tak\u0105 przesz\u0142o\u015bci\u0105, ludziom kt\u00f3rzy NIGDY publicznie nie przeprosili za swe haniebne czyny, s\u0142owa, afirmowanie komunistycznych idei, czy ludziom kt\u00f3rzy do ko\u0144ca publicznie trwali w b\u0142\u0119dzie i aktywnie dzia\u0142ali na niekorzy\u015b\u0107 Polski i Polak\u00f3w &#8211; czy takim ludziom nale\u017cy przyznawa\u0107 najwy\u017csze odznaczenia pa\u0144stwowe? Nawet je\u015bli by\u0142a to &#8222;elegancka Dama&#8221;&#8230;<\/p>\r\n<\/blockquote>\r\n<h4>&nbsp;<\/h4>\r\n<hr style=\"background-color: #000000; border-width: 0; color: #000000; height: 2px; line-height: 0; text-align: center; width: 100%;\">\r\n<h4>&nbsp;<\/h4>","protected":false},"excerpt":{"rendered":"Krzy\u017c Komandorski Orderu Odrodzenia Polski dla \u015bp. Krystyny \u0141ybackiej Prezydent RP Andrzej Duda nada\u0142 za wybitne zas\u0142ugi w dzia\u0142alno\u015bci publicznej po\u015bmiertnie KRZY\u0179 KOMANDORSKI ORDERU ODRODZENIA POLSKI Krystynie \u0141ybackiej by\u0142ej minister edukacji narodowej i sportu, pos\u0142ance na Sejm Rzeczypospolitej Polskiej, deputowanej do Parlamentu Europejskiego W imieniu Rzeczypospolitej Polskiej, Order przekaza\u0142 na r\u0119ce rodziny Sekretarz Stanu w [&hellip;]","protected":false},"author":1,"featured_media":0,"comment_status":"closed","ping_status":"closed","sticky":false,"template":"","format":"standard","meta":{"_acf_changed":false,"_monsterinsights_skip_tracking":false,"_monsterinsights_sitenote_active":false,"_monsterinsights_sitenote_note":"","_monsterinsights_sitenote_category":0,"ngg_post_thumbnail":0,"footnotes":"","_wp_rev_ctl_limit":""},"categories":[8],"tags":[349,65,66,98,184,33],"acf":[],"_links":{"self":[{"href":"https:\/\/www.bibula.com\/index.php?rest_route=\/wp\/v2\/posts\/113833"}],"collection":[{"href":"https:\/\/www.bibula.com\/index.php?rest_route=\/wp\/v2\/posts"}],"about":[{"href":"https:\/\/www.bibula.com\/index.php?rest_route=\/wp\/v2\/types\/post"}],"author":[{"embeddable":true,"href":"https:\/\/www.bibula.com\/index.php?rest_route=\/wp\/v2\/users\/1"}],"replies":[{"embeddable":true,"href":"https:\/\/www.bibula.com\/index.php?rest_route=%2Fwp%2Fv2%2Fcomments&post=113833"}],"version-history":[{"count":0,"href":"https:\/\/www.bibula.com\/index.php?rest_route=\/wp\/v2\/posts\/113833\/revisions"}],"wp:attachment":[{"href":"https:\/\/www.bibula.com\/index.php?rest_route=%2Fwp%2Fv2%2Fmedia&parent=113833"}],"wp:term":[{"taxonomy":"category","embeddable":true,"href":"https:\/\/www.bibula.com\/index.php?rest_route=%2Fwp%2Fv2%2Fcategories&post=113833"},{"taxonomy":"post_tag","embeddable":true,"href":"https:\/\/www.bibula.com\/index.php?rest_route=%2Fwp%2Fv2%2Ftags&post=113833"}],"curies":[{"name":"wp","href":"https:\/\/api.w.org\/{rel}","templated":true}]}}