{"id":113814,"date":"2020-04-25T19:43:25","date_gmt":"2020-04-25T23:43:25","guid":{"rendered":"http:\/\/www.bibula.com\/?p=113814"},"modified":"2020-04-25T19:44:17","modified_gmt":"2020-04-25T23:44:17","slug":"interwencja-policji-przed-rozpoczeciem-polowej-mszy-sw-w-tradycyjnym-rycie","status":"publish","type":"post","link":"https:\/\/www.bibula.com\/?p=113814","title":{"rendered":"Interwencja policji przed rozpocz\u0119ciem polowej Mszy \u015bw. w tradycyjnym rycie"},"content":{"rendered":"<h4>W obronie Mszy \u015aw. P-\u0144 Wroniecka 9. Msza Trydencka<\/h4>\r\n<p><strong>Czwartek, \u015bwi\u0119to \u015bwi\u0119tego Wojciecha, Biskupa i M\u0119czennika, Patrona Polski. Interwencja policji przed rozpocz\u0119ciem polowej Mszy \u015bw. w tradycyjnym rycie rzymskim na dziedzi\u0144cu przylegaj\u0105cym do salezja\u0144skiego ko\u015bcio\u0142a N. M. P. Wspomo\u017cycielki Wiernych w Poznaniu.<\/strong><\/p>\r\n<p><a href=\"http:\/\/www.bibula.com\/images\/113814\/Ksiadz_Woznicki--2020-04-25.jpg\"><img fetchpriority=\"high\" decoding=\"async\" class=\"aligncenter\" src=\"http:\/\/www.bibula.com\/images\/113814\/Ksiadz_Woznicki--2020-04-25.jpg\" width=\"599\" height=\"338\"><\/a><\/p>\r\n<p>Codzienna Msza \u015bw. trydencka odprawiana przez <strong>Ks. Micha\u0142a Wo\u017anickiego SDB<\/strong> &#8211; online na kanale youtube: &#8222;W obronie Mszy \u015aw.&#8221; wy\u0142\u0105cznie do uczestnictwa w czasie rzeczywistym.<\/p>\r\n<p>Porz\u0105dek odprawiania Mszy \u015bw.: niedziela &#8211; godz. 06:30 poniedzia\u0142ek, \u015broda, czwartek, sobota &#8211; godz. 06:00 wtorek, pi\u0105tek &#8211; godz.19:00 Wi\u0119cej informacje na stronie: <a class=\"yt-simple-endpoint style-scope yt-formatted-string\" dir=\"auto\" spellcheck=\"false\" href=\"https:\/\/www.youtube.com\/redirect?redir_token=otfefH_UjPG6qZjZHqMO3jwgNPR8MTU4Nzk0Mjg3OEAxNTg3ODU2NDc4&amp;event=video_description&amp;v=D5PIzG4t2-c&amp;q=https%3A%2F%2Fwobroniemszy.pl\" target=\"_blank\" rel=\"nofollow noopener noreferrer\"><span style=\"text-decoration: underline;\">https:\/\/wobroniemszy.pl<\/span><\/a><\/p>\r\n<p>Msza \u015bwi\u0119ta w tradycyjnym rycie rzymskim jest odprawiana codziennie przez Ks. Micha\u0142a Wo\u017anickiego SDB w Kaplicy-Celi Ksi\u0119dza w Domu Salezja\u0144skim przy ko\u015bciele pw. N. M. P. Wspomo\u017cycielki Wiernych w Poznaniu przy ul. Wronieckiej 9. Po Mszy \u015bw. Kap\u0142an z wiernymi cz\u0119sto udawa\u0142 si\u0119 na chodnik, pod drzwi ko\u015bcio\u0142a aby modli\u0107 si\u0119 w intencji aby ksi\u0119\u017ca salezjanie przywr\u00f3cili Msz\u0119 \u015bw. Wszechczas\u00f3w do ko\u015bcio\u0142a przy Wronieckiej 9.<\/p>\r\n<p>Ksi\u0105dz Micha\u0142 Wo\u017anicki SDB 29 kwietnia 2020 r., o godz. 10:00 stanie po raz czwarty przed S\u0105dem Cywilnym w Poznaniu.<\/p>\r\n<p>Kap\u0142an dwukrotnie w 2019 roku (6 wrze\u015bnia oraz 22 listopada) oraz raz w 2020 roku (26 lutego) stawa\u0142 przed S\u0105dem Cywilnym pozwany przez Dom Salezja\u0144ski z Wronieckiej. Ksi\u0119\u017ca Salezjanie przed S\u0105dem Cywilnym \u017c\u0105daj\u0105 eksmisji Ksi\u0119dza z mieszkania, w kt\u00f3rym w Kaplicy-Celi odprawiana jest codzienna Msza \u015bw. trydencka. Wi\u0119cej informacji na temat tej bulwersuj\u0105cej rozprawy, zmagania o Msz\u0119 \u015bw. trydenck\u0105 oraz relacje z wcze\u015bniejszych rozpraw mo\u017cna znale\u017a\u0107 na stronie WobronieMszy.pl <a class=\"yt-simple-endpoint style-scope yt-formatted-string\" dir=\"auto\" spellcheck=\"false\" href=\"https:\/\/www.youtube.com\/redirect?redir_token=otfefH_UjPG6qZjZHqMO3jwgNPR8MTU4Nzk0Mjg3OEAxNTg3ODU2NDc4&amp;event=video_description&amp;v=D5PIzG4t2-c&amp;q=https%3A%2F%2Fwobroniemszy.pl%2Fwalka-o-msze-sw%2F\" target=\"_blank\" rel=\"nofollow noopener noreferrer\"><span style=\"text-decoration: underline;\">https:\/\/wobroniemszy.pl\/walka-o-msze-sw<\/span>\/<\/a> Dzi\u0119kujemy za modlitwy w intencji Ksi\u0119dza Micha\u0142a Wo\u017anickiego SDB, Ksi\u0119\u017cy Salezjan\u00f3w oraz liczny OSOBISTY UDZIA\u0141 w rozprawach o eksmisj\u0119 w S\u0105dzie Rejonowym w Poznaniu. Zach\u0119camy do wsparcia modlitewnego i przyjazdu do Poznania i osobistego udzia\u0142u w najbli\u017cszej rozprawie 29.04.2020, godz. 10:00. (Je\u015bli nie zostanie odwo\u0142ana z powodu zarazy).<\/p>\r\n<p>Od 2016 r. trwa zmaganie Ks. Micha\u0142a Wo\u017anickiego SDB o przywr\u00f3cenie Mszy \u015bw. Wszechczas\u00f3w do salezja\u0144skiego ko\u015bcio\u0142a przy ul. Wronieckiej 9 w Poznaniu. Zmaganie wspieraj\u0105 udzia\u0142em we Mszy \u015bw. i modlitw\u0105 wierni.<\/p>\r\n<p>Ksi\u0105dz Micha\u0142 Wo\u017anicki SDB jest jednym z trzech kap\u0142an\u00f3w salezjan\u00f3w i to z tej samej Inspektorii Wroc\u0142awskiej, kt\u00f3ry w ostatnim czasie zwi\u0105za\u0142 siebie obietnic\u0105 coram Deo et coram Ecclesia, wobec Boga i wobec Ko\u015bcio\u0142a, by odprawia\u0107 do ko\u0144ca \u017cycia tylko i wy\u0142\u0105cznie Msz\u0119 \u015bwi\u0119t\u0105 w tradycyjnym rycie rzymskim oraz aby sprawowa\u0107 obrz\u0119dy innych sakrament\u00f3w wg rytu sprzed soboru watyka\u0144skiego II.<\/p>\r\n<p>Pierwszy tak\u0105 decyzj\u0119 podj\u0105\u0142 <strong>Ksi\u0105dz Jacek Ba\u0142emba SDB<\/strong> (17.02.2016 r.). Polecamy strony internetowe Tego\u017c Kap\u0142ana:<\/p>\r\n<p><a class=\"yt-simple-endpoint style-scope yt-formatted-string\" dir=\"auto\" spellcheck=\"false\" href=\"https:\/\/www.youtube.com\/redirect?redir_token=otfefH_UjPG6qZjZHqMO3jwgNPR8MTU4Nzk0Mjg3OEAxNTg3ODU2NDc4&amp;event=video_description&amp;v=D5PIzG4t2-c&amp;q=https%3A%2F%2Fsacerdoshyacinthus.com%2F\" target=\"_blank\" rel=\"nofollow noopener noreferrer\">https:\/\/sacerdoshyacinthus.com\/<\/a><\/p>\r\n<p><a class=\"yt-simple-endpoint style-scope yt-formatted-string\" dir=\"auto\" spellcheck=\"false\" href=\"https:\/\/www.youtube.com\/redirect?redir_token=otfefH_UjPG6qZjZHqMO3jwgNPR8MTU4Nzk0Mjg3OEAxNTg3ODU2NDc4&amp;event=video_description&amp;v=D5PIzG4t2-c&amp;q=https%3A%2F%2Fverbumcatholicum.com%2F\" target=\"_blank\" rel=\"nofollow noopener noreferrer\">https:\/\/verbumcatholicum.com\/<\/a><\/p>\r\n<p><a class=\"yt-simple-endpoint style-scope yt-formatted-string\" dir=\"auto\" spellcheck=\"false\" href=\"https:\/\/www.youtube.com\/redirect?redir_token=otfefH_UjPG6qZjZHqMO3jwgNPR8MTU4Nzk0Mjg3OEAxNTg3ODU2NDc4&amp;event=video_description&amp;v=D5PIzG4t2-c&amp;q=https%3A%2F%2Factualia.blog%2F\" target=\"_blank\" rel=\"nofollow noopener noreferrer\">https:\/\/actualia.blog\/<\/a><\/p>\r\n<p><a class=\"yt-simple-endpoint style-scope yt-formatted-string\" dir=\"auto\" spellcheck=\"false\" href=\"https:\/\/www.youtube.com\/channel\/UCzrNqGVsXhiQ3iqT9jzArug\/featured?disable_polymer=1\" rel=\"nofollow\">https:\/\/www.youtube.com\/channel\/UCzrN&#8230;<\/a><\/p>\r\n<p>Drugim by\u0142 Ksi\u0105dz Micha\u0142 Wo\u017anicki SDB (20.01.2017 r.). Tak\u0105 sam\u0105 obietnic\u0119 z\u0142o\u017cy\u0142 wobec Pana Boga, jako trzeci salezjanin, Ksi\u0105dz Dariusz Kowalczyk SDB (07.12.2019 r.).<\/p>\r\n<p>Ks. Micha\u0142 Wo\u017anicki SDB zosta\u0142 za sprawowanie wy\u0142\u0105cznie Mszy \u015bw. trydenckiej oraz za g\u0142oszenie katolickiej nauki w sierpniu 2018 r. wyrzucony ze Zgromadzenia Salezja\u0144skiego. Decyzja Genera\u0142a Zgromadzenia zarzucaj\u0105ca mu niepos\u0142usze\u0144stwo potwierdzona zosta\u0142a przez w\u0142a\u015bciw\u0105 Kongregacj\u0119 rzymsk\u0105 dzia\u0142aj\u0105c\u0105 w autorytecie papie\u017ca. Wobec pozosta\u0142ych dw\u00f3ch salezjan\u00f3w wroc\u0142awski Inspektor Ks. Jaros\u0142aw Pizo\u0144 SDB p\u00f3ki co nakaza\u0142 im w styczniu 2020 podj\u0105\u0107 do dnia 25 kwietnia na nowo sprawowanie tak\u017ce nowej &#8211; posoborowej mszy (novus ordo missae), a je\u015bli nie &#8211; zagrozi\u0142, \u017ce podejmie wobec nich stosowne kroki.<\/p>\r\n<p>Zach\u0119camy wszystkich do \u017carliwej modlitwy w intencji przywr\u00f3cenia Mszy \u015bw. w tradycyjnym rycie rzymskim do salezja\u0144skiego ko\u015bcio\u0142a przy Wronieckiej 9 w Poznaniu oraz Bo\u017ce b\u0142ogos\u0142awie\u0144stwo dla Kap\u0142an\u00f3w salezjan\u00f3w sprawuj\u0105cych wy\u0142\u0105cznie Msze \u015bw. trydenckie. Zapraszamy w ostatni\u0105 sobot\u0119 KA\u0179DEGO MIESI\u0104CA na &#8222;Piesz\u0105 Pielgrzymk\u0119 w obronie Mszy \u015aw. Wszechczas\u00f3w&#8221; z Poznania do Sanktuarium w Tulcach.<\/p>\r\n<p>Wi\u0119cej szczeg\u00f3\u0142\u00f3w na stronie: <a class=\"yt-simple-endpoint style-scope yt-formatted-string\" dir=\"auto\" spellcheck=\"false\" href=\"https:\/\/www.youtube.com\/redirect?redir_token=otfefH_UjPG6qZjZHqMO3jwgNPR8MTU4Nzk0Mjg3OEAxNTg3ODU2NDc4&amp;event=video_description&amp;v=D5PIzG4t2-c&amp;q=https%3A%2F%2Fwobroniemszy.pl%2Fpielgrzymka-w-obronie-mszy%2F\" target=\"_blank\" rel=\"nofollow noopener noreferrer\"><span style=\"text-decoration: underline;\">https:\/\/wobroniemszy.pl\/pielgrzymka-w&#8230;<\/span><\/a><\/p>\r\n<p>[youtube =D5PIzG4t2-c width=&#8221;600&#8243;]<\/p>\r\n<p class=\"podpis_sz\">\u0179r\u00f3d\u0142o zdj\u0119cia: <a href=\"https:\/\/www.youtube.com\/watch?v=D5PIzG4t2-c\">youtube.com<\/a><\/p>\r\n<h4>&nbsp;<\/h4>\r\n<hr style=\"background-color: #000000; border-width: 0; color: #000000; height: 2px; line-height: 0; text-align: center; width: 100%;\">\r\n<h4>&nbsp;<\/h4>","protected":false},"excerpt":{"rendered":"W obronie Mszy \u015aw. P-\u0144 Wroniecka 9. Msza Trydencka Czwartek, \u015bwi\u0119to \u015bwi\u0119tego Wojciecha, Biskupa i M\u0119czennika, Patrona Polski. Interwencja policji przed rozpocz\u0119ciem polowej Mszy \u015bw. w tradycyjnym rycie rzymskim na dziedzi\u0144cu przylegaj\u0105cym do salezja\u0144skiego ko\u015bcio\u0142a N. M. P. Wspomo\u017cycielki Wiernych w Poznaniu. Codzienna Msza \u015bw. trydencka odprawiana przez Ks. Micha\u0142a Wo\u017anickiego SDB &#8211; online na [&hellip;]","protected":false},"author":1,"featured_media":0,"comment_status":"closed","ping_status":"closed","sticky":false,"template":"","format":"standard","meta":{"_acf_changed":false,"_monsterinsights_skip_tracking":false,"_monsterinsights_sitenote_active":false,"_monsterinsights_sitenote_note":"","_monsterinsights_sitenote_category":0,"ngg_post_thumbnail":0,"footnotes":"","_wp_rev_ctl_limit":""},"categories":[5],"tags":[132,98,136,24],"acf":[],"_links":{"self":[{"href":"https:\/\/www.bibula.com\/index.php?rest_route=\/wp\/v2\/posts\/113814"}],"collection":[{"href":"https:\/\/www.bibula.com\/index.php?rest_route=\/wp\/v2\/posts"}],"about":[{"href":"https:\/\/www.bibula.com\/index.php?rest_route=\/wp\/v2\/types\/post"}],"author":[{"embeddable":true,"href":"https:\/\/www.bibula.com\/index.php?rest_route=\/wp\/v2\/users\/1"}],"replies":[{"embeddable":true,"href":"https:\/\/www.bibula.com\/index.php?rest_route=%2Fwp%2Fv2%2Fcomments&post=113814"}],"version-history":[{"count":0,"href":"https:\/\/www.bibula.com\/index.php?rest_route=\/wp\/v2\/posts\/113814\/revisions"}],"wp:attachment":[{"href":"https:\/\/www.bibula.com\/index.php?rest_route=%2Fwp%2Fv2%2Fmedia&parent=113814"}],"wp:term":[{"taxonomy":"category","embeddable":true,"href":"https:\/\/www.bibula.com\/index.php?rest_route=%2Fwp%2Fv2%2Fcategories&post=113814"},{"taxonomy":"post_tag","embeddable":true,"href":"https:\/\/www.bibula.com\/index.php?rest_route=%2Fwp%2Fv2%2Ftags&post=113814"}],"curies":[{"name":"wp","href":"https:\/\/api.w.org\/{rel}","templated":true}]}}