{"id":113804,"date":"2020-04-25T16:44:36","date_gmt":"2020-04-25T20:44:36","guid":{"rendered":"http:\/\/www.bibula.com\/?p=113804"},"modified":"2020-04-25T16:44:36","modified_gmt":"2020-04-25T20:44:36","slug":"we-francji-katolikom-przerywaja-msze-ale-nakazuja-policji-nie-ruszac-muzulmanow","status":"publish","type":"post","link":"https:\/\/www.bibula.com\/?p=113804","title":{"rendered":"We Francji katolikom przerywaj\u0105 msze, ale nakazuj\u0105 policji nie rusza\u0107 muzu\u0142man\u00f3w"},"content":{"rendered":"<p><strong>We Francji odnotowano kilka przypadk\u00f3w pojawienia si\u0119 policji w ko\u015bcio\u0142ach podczas Mszy \u015bw. Policja sprawdza\u0142a, czy aby niedozwolona liczba wiernych. Od pi\u0105tku 24 kwietnia zacz\u0105\u0142 si\u0119 tymczasem muzu\u0142ma\u0144ski Ramadan. R\u00f3\u017cne standardy wobec r\u00f3\u017cnych religii.<\/strong><\/p>\r\n<p>Media twierdz\u0105, \u017ce policja w normandzkim departamencie Calvadosu otrzyma\u0142a polecenie, aby nie interweniowa\u0142a \u201ew dzielnicach o du\u017cej koncentracji ludno\u015bci wyznaj\u0105cej islam w czasie Ramadanu\u201d.<\/p>\r\n<p>Jak podaje tygodnik \u201eLe Point\u201d i Le Figaro, w pi\u0105tek 24 kwietnia szef departamentalnej dyrekcji bezpiecze\u0144stwa publicznego (DDSP) Calvadosu, rozes\u0142a\u0142 w tej sprawie notatk\u0119 do szef\u00f3w swoich s\u0142u\u017cb. Wyra\u017anie zaznaczono w niej, aby \u201ebez potrzeby nie interweniowa\u0107 w dzielnicach o du\u017cej koncentracji ludno\u015bci obchodz\u0105cej Ramadan\u201d. Nawet je\u015bli \u0142amie ona zasady izolacji spo\u0142ecznej. Dodano, \u017ce instrukcja ta nie dotyczy \u201eatak\u00f3w na ludzi lub powa\u017cnego uszkodzenia mienia\u201d.<br>\r\nReklama<\/p>\r\n<p>Dyrektor DDSP w Calvados wyja\u015bni\u0142, \u017ce chodzi o ostro\u017cno\u015b\u0107 i niepogarszanie napi\u0119tej sytuacji w niekt\u00f3rych dzielnicach miasta. Dyrektywa departamentalna (mo\u017ce dlatego, \u017ce wyciek\u0142a do medi\u00f3w) wywo\u0142a\u0142a reakcj\u0119 dyrektora policji krajowej (DPGN). Stwierdzi\u0142 on, \u017ce policja krajowa interweniuje w dowolnym czasie i miejscu na terytorium ca\u0142ego kraju i ma zapewnia\u0107 bezpiecze\u0144stwo ludzi i mienia niezale\u017cnie od okoliczno\u015bci.<\/p>\r\n<p>\u0179r\u00f3d\u0142o cytowane przez Le Figaro twierdzi jednak, \u017ce to nie tylko inicjatywa lokalna w jednym departamencie Normandii i wybryk lokalnego szefa policji, ale \u201ewytyczne og\u00f3lnokrajowe\u201d. MSW temu zaprzecza, ale wygl\u0105da na to, \u017ce w odr\u00f3\u017cnieniu od pokornych chrze\u015bcijan, z muzu\u0142manami wol\u0105 nie zadziera\u0107\u2026<\/p>\r\n<blockquote class=\"twitter-tweet\">\r\n<p dir=\"ltr\" lang=\"fr\">Pourquoi cette religion plus qu&#8217;une autre?<br>\r\nConfinement. Limitation des contr\u00c3\u00b4les durant le Ramadan : la police du Calvados rappel\u00c3\u00a9e \u00c3\u00a0 l\u2019ordre &#8211; Ouest-France <a href=\"https:\/\/t.co\/k67C2XmeJK\">https:\/\/t.co\/k67C2XmeJK<\/a> via <a href=\"https:\/\/twitter.com\/googlenews?ref_src=twsrc%5Etfw\">@GoogleNews<\/a><\/p>\r\n\r\n\u201d\u201d Serge devot (@devotnel) <a href=\"https:\/\/twitter.com\/devotnel\/status\/1254054515877306368?ref_src=twsrc%5Etfw\">April 25, 2020<\/a><\/blockquote>\r\n<p><script async=\"\" src=\"https:\/\/platform.twitter.com\/widgets.js\" charset=\"utf-8\"><\/script><\/p>\r\n<p>\u0179r\u00f3d\u0142o: Le Point\/ Le Figaro\/ VA<\/p>\r\n<p class=\"zrodlo\">Za: <a href=\"https:\/\/nczas.com\/2020\/04\/25\/we-francji-katolikom-przerywaja-msze-ale-nakazuja-policji-nie-ruszac-muzulmanow\/\">Najwy\u017cszy Czas! (25\/04\/2020)<\/a><\/p>\r\n<h4>&nbsp;<\/h4>\r\n<hr style=\"background-color: #000000; border-width: 0; color: #000000; height: 2px; line-height: 0; text-align: center; width: 100%;\">\r\n<h4>&nbsp;<\/h4>\r\n<h2>Francuska policja przeszkodzi\u0142a w legalnej Mszy \u015awi\u0119tej<\/h2>\r\n<p><strong>Francuska policja usi\u0142owa\u0142a rozp\u0119dzi\u0107 Msz\u0119 \u015awi\u0119t\u0105. Sta\u0142o si\u0119 tak pomimo tego, \u017ce prowadz\u0105cy j\u0105 ksi\u0105dz nie z\u0142ama\u0142 przepis\u00f3w.<\/strong><\/p>\r\n<p>W \u015bwietle wprowadzonych we Francji restrykcji zwi\u0105zanych z koronawirusem od 17 marca obowi\u0105zuje zakaz organizowania publicznych mszy i innych celebracji religijnych. Wyj\u0105tkiem s\u0105 jedynie pogrzeby, pod warunkiem, \u017ce bierze w nich udzia\u0142 mniej ni\u017c 20 os\u00f3b. Dozwolone s\u0105 za to \u201eprywatne\u201d msze, bez wiernych. Takie msze s\u0105 organizowane przez francuski ko\u015bci\u00f3\u0142 po to, aby m\u00f3c udost\u0119pni\u0107 relacje z nich wiernym, kt\u00f3rzy nie mog\u0105 wzi\u0105\u0107 w nich udzia\u0142u osobi\u015bcie.<\/p>\r\n<p>W\u0142a\u015bnie taka msza mia\u0142a miejsce w zesz\u0142\u0105 niedziel\u0119 w paryskiej parafii \u015aw. Andrzeja. Osoby mieszkaj\u0105ce po s\u0105siedzku z ko\u015bcio\u0142em zaniepokoi\u0142a jednak dobiegaj\u0105ca z ko\u015bcio\u0142a muzyka organowa i uzna\u0142y, \u017ce trwaj\u0105ca w nim msza jest nielegalna, wi\u0119c poinformowali o tym policj\u0119.<\/p>\r\n<p>Kiedy policjanci dotarli na miejsce i weszli do ko\u015bcio\u0142a zauwa\u017cyli, \u017ce liczba os\u00f3b obecnych na mszy jest mniejsza ni\u017c dozwolone 20. Opr\u00f3cz prowadz\u0105cego j\u0105 ojca Philippa de Maistre w ko\u015bciele obecny by\u0142 jeden ministrant, kantor, organista, kamerzysta i tr\u00f3jka wiernych czytaj\u0105cych Ewangeli\u0119 &#8211; udzia\u0142 wiernych w rolach liturgicznych jest dopuszczany przez francuskie przepisy.<br>\r\nPomimo tego, \u017ce msza by\u0142a zgodna z przepisami policjanci nakazali ojcu de Maistre jej przerwanie i zagrozili mu grzywn\u0105. Ksi\u0105dz zignorowa\u0142 to \u017c\u0105danie, a sytuacja sta\u0142a si\u0119 bardzo napi\u0119ta. Na szcz\u0119\u015bcie obecny na mszy ministrant by\u0142 z zawodu policjantem i po dwudziestominutowych negocjacjach uda\u0142o mu si\u0119 przekona\u0107 koleg\u00f3w po fachu aby nie nak\u0142adali na ksi\u0119dza grzywny &#8211; obecni na mszy wierni musieli jednak opu\u015bci\u0107 ko\u015bci\u00f3\u0142.<\/p>\r\n<p>Wielu komentator\u00f3w zwraca uwag\u0119, \u017ce policja wchodz\u0105c do ko\u015bcio\u0142a z\u0142ama\u0142a prawo. Wed\u0142ug ustaw o rozdziale Ko\u015bcio\u0142a od pa\u0144stwa francuscy policjanci nie maj\u0105 bowiem prawa wej\u015bcia do ko\u015bcio\u0142\u00f3w o ile nie zostan\u0105 o to poproszeni przez ksi\u0119dza lub je\u015bli w \u015brodku w\u0142a\u015bnie trwa przest\u0119pstwo &#8211; co w tym wypadku nie mia\u0142o miejsca. Dodatkowo, jak zauwa\u017cyli cz\u0142onkowie francuskiego think-tanku Foundation du Pont-Neuf ten konkretny ko\u015bci\u00f3\u0142 jest w\u0142asno\u015bci\u0105 diecezji a nie, jak wi\u0119kszo\u015b\u0107 francuskich ko\u015bcio\u0142\u00f3w, pa\u0144stwa. Wchodz\u0105c do niego bez powodu i pozwolenia policjanci naruszyli wi\u0119c tak\u017ce w\u0142asno\u015b\u0107 prywatn\u0105.<\/p>\r\n<p>Ca\u0142a sprawa wzburzy\u0142a francuskich katolik\u00f3w. Arcybiskup Pary\u017ca Michel Aupetit w ostry spos\u00f3b skrytykowa\u0142 j\u0105 na antenie nale\u017c\u0105cego do diecezji radia Notre Dame. Por\u00f3wna\u0142 j\u0105 do prze\u015bladowa\u0144, jakich francuski Ko\u015bci\u00f3\u0142 do\u015bwiadcza\u0142 za niemieckiej okupacji i podkre\u015bli\u0142 sarkastycznie, \u017ce tym razem policj\u0119 ostrzeg\u0142 \u201edobrze chc\u0105cy s\u0105siad\u201d &#8211; co by\u0142o jasnym nawi\u0105zaniem do francuskich kolaborant\u00f3w wydaj\u0105cych ukrywaj\u0105cych si\u0119 \u017byd\u00f3w. <strong>\u201eMusz\u0105 si\u0119 uspokoi\u0107 i przesta\u0107 z tym nonsensem\u201d<\/strong> &#8211; powiedzia\u0142 &#8211; <strong>\u201eW przeciwnym wypadku b\u0119dziemy o tym g\u0142o\u015bno m\u00f3wi\u0107, a je\u015bli b\u0119d\u0105 pr\u00f3bowali nas powstrzyma\u0107, to zaczniemy g\u0142o\u015bno szczeka\u0107\u201d<\/strong> &#8211; stwierdzi\u0142.<\/p>\r\n<p>To nie by\u0142 niestety pierwszy taki przypadek. Bardzo podobny mia\u0142 miejsce w Wielkanoc, kiedy policjanci po otrzymaniu skargi zak\u0142\u00f3cili czuwanie wielkanocne, chocia\u017c odbywa\u0142o si\u0119 zgodnie z przepisami. Wielu francuskich katolik\u00f3w uwa\u017ca, \u017ce zakaz mszy jest bezsensowny w sytuacji, gdy otwarte pozostaj\u0105 na przyk\u0142ad supermarkety czy winiarnie, a \u015bwi\u0119tuj\u0105cy Ramadan muzu\u0142manie notorycznie \u0142ami\u0105 zarz\u0105dzenia w\u0142adz i odwiedzaj\u0105 swoich s\u0105siad\u00f3w. Prezydent Macron zd\u0105\u017cy\u0142 ju\u017c zapowiedzie\u0107, \u017ce podczas nast\u0119pnego poluzowania przepis\u00f3w, kt\u00f3re prawdopodobnie b\u0119dzie mia\u0142o miejsce 11 maja, sytuacja ko\u015bcio\u0142\u00f3w nie ulegnie zmianie. Na udzia\u0142 w normalnej mszy \u015bwi\u0119tej francuscy wierni poczekaj\u0105 co najmniej do po\u0142owy czerwca.<\/p>\r\n<p>\u0179r\u00f3d\u0142o: LifesitenewsAutor: WM<\/p>\r\n<p class=\"zrodlo\">Za: <a href=\"https:\/\/www.stefczyk.info\/2020\/04\/25\/francuska-policja-przeszkodzila-w-legalnej-mszy-swietej\/\">stefczyk.info (2020.04.25)<\/a><\/p>\r\n<h4>&nbsp;<\/h4>\r\n<hr style=\"background-color: #000000; border-width: 0; color: #000000; height: 2px; line-height: 0; text-align: center; width: 100%;\">\r\n<h4>&nbsp;<\/h4>","protected":false},"excerpt":{"rendered":"We Francji odnotowano kilka przypadk\u00f3w pojawienia si\u0119 policji w ko\u015bcio\u0142ach podczas Mszy \u015bw. Policja sprawdza\u0142a, czy aby niedozwolona liczba wiernych. Od pi\u0105tku 24 kwietnia zacz\u0105\u0142 si\u0119 tymczasem muzu\u0142ma\u0144ski Ramadan. R\u00f3\u017cne standardy wobec r\u00f3\u017cnych religii. Media twierdz\u0105, \u017ce policja w normandzkim departamencie Calvadosu otrzyma\u0142a polecenie, aby nie interweniowa\u0142a \u201ew dzielnicach o du\u017cej koncentracji ludno\u015bci wyznaj\u0105cej islam [&hellip;]","protected":false},"author":1,"featured_media":0,"comment_status":"closed","ping_status":"closed","sticky":false,"template":"","format":"standard","meta":{"_acf_changed":false,"_monsterinsights_skip_tracking":false,"_monsterinsights_sitenote_active":false,"_monsterinsights_sitenote_note":"","_monsterinsights_sitenote_category":0,"ngg_post_thumbnail":0,"footnotes":"","_wp_rev_ctl_limit":""},"categories":[6],"tags":[132,433,191,70,25,136,20],"acf":[],"_links":{"self":[{"href":"https:\/\/www.bibula.com\/index.php?rest_route=\/wp\/v2\/posts\/113804"}],"collection":[{"href":"https:\/\/www.bibula.com\/index.php?rest_route=\/wp\/v2\/posts"}],"about":[{"href":"https:\/\/www.bibula.com\/index.php?rest_route=\/wp\/v2\/types\/post"}],"author":[{"embeddable":true,"href":"https:\/\/www.bibula.com\/index.php?rest_route=\/wp\/v2\/users\/1"}],"replies":[{"embeddable":true,"href":"https:\/\/www.bibula.com\/index.php?rest_route=%2Fwp%2Fv2%2Fcomments&post=113804"}],"version-history":[{"count":0,"href":"https:\/\/www.bibula.com\/index.php?rest_route=\/wp\/v2\/posts\/113804\/revisions"}],"wp:attachment":[{"href":"https:\/\/www.bibula.com\/index.php?rest_route=%2Fwp%2Fv2%2Fmedia&parent=113804"}],"wp:term":[{"taxonomy":"category","embeddable":true,"href":"https:\/\/www.bibula.com\/index.php?rest_route=%2Fwp%2Fv2%2Fcategories&post=113804"},{"taxonomy":"post_tag","embeddable":true,"href":"https:\/\/www.bibula.com\/index.php?rest_route=%2Fwp%2Fv2%2Ftags&post=113804"}],"curies":[{"name":"wp","href":"https:\/\/api.w.org\/{rel}","templated":true}]}}