{"id":113797,"date":"2020-04-25T16:26:27","date_gmt":"2020-04-25T20:26:27","guid":{"rendered":"http:\/\/www.bibula.com\/?p=113797"},"modified":"2020-04-25T16:26:27","modified_gmt":"2020-04-25T20:26:27","slug":"rzad-rozpoczyna-odmrazanie-sportu-a-co-z-pelnym-otwarciem-kosciolow","status":"publish","type":"post","link":"https:\/\/www.bibula.com\/?p=113797","title":{"rendered":"Rz\u0105d rozpoczyna odmra\u017canie sportu. A co z pe\u0142nym otwarciem ko\u015bcio\u0142\u00f3w?"},"content":{"rendered":"<p><strong>Premier Mateusz Morawiecki poinformowa\u0142 o pierwszych krokach w odmra\u017caniu sportu. Oznacza to mi\u0119dzy innymi powr\u00f3t do gry ekstraklasy pi\u0142karskiej i \u017cu\u017clowej &#8211; p\u00f3ki co na pustych stadionach. Polityk nie wyja\u015bni\u0142, kiedy rozpocznie si\u0119 wyczekiwane przez katolik\u00f3w \u201eodmra\u017canie\u201d normalnego \u017cycia chrze\u015bcija\u0144skiego i pe\u0142ne otwarcie ko\u015bcio\u0142\u00f3w.<\/strong><\/p>\r\n<p>Na sobotniej konferencji prasowej premier Mateusz Morawiecki powiedzia\u0142, \u017ce rz\u0105d rozpoczyna odmra\u017canie sportu. Rzecz zostanie przeprowadzona w kilku etapach. Najpierw 4 maja udost\u0119pnione zostan\u0105 boiska i miejsca uprawiania sportu na otwartej przestrzeni, w tym orliki. B\u0119dzie na nich mog\u0142o przebywa\u0107 nie wi\u0119cej ni\u017c 6 os\u00f3b jednocze\u015bnie. To oznacza powr\u00f3t takich gier jak tenis.<\/p>\r\n<p>Trzeci etap oznacza\u0107 b\u0119dzie dla sportu otwarcie sal szkolnych i hali sportowych &#8211; r\u00f3wnie\u017c z sze\u015bcioosobowym limitem os\u00f3b graj\u0105cych.<\/p>\r\n<p>Na etapie czwartym otwarte zostan\u0105 si\u0142ownie, sale fitness, baseny, kr\u0119glarnie i inne podobne obiekty.<\/p>\r\n<p>Przy tym decyzje o przej\u015bciu do trzeciego i czwartego etapu podejmowane b\u0119d\u0105 w zale\u017cno\u015bci od stanu epidemiologicznego.<\/p>\r\n<p>Premier poda\u0142 te\u017c, \u017ce rozmawia\u0142 z przedstawicielami zwi\u0105zk\u00f3w sportowych oraz z kierownictwem resort\u00f3w zdrowia i sportu. W efekcie podj\u0119to decyzj\u0119 o powrocie do rozgrywek ekstraklasy pi\u0142karskiej i \u017cu\u017clowej. Pierwsze mecze mog\u0105 rozegra\u0107 si\u0119 ju\u017c pod koniec maja, cho\u0107 jeszcze bez publiczno\u015bci.<\/p>\r\n<p>Jak dot\u0105d nie wiadomo, kiedy w Polsce zacznie by\u0107 przywracane normalne \u017cycie katolickie.<\/p>\r\n<p>Mo\u017cliwo\u015b\u0107 uczestnictwa w Mszy \u015bwi\u0119tej jest wci\u0105\u017c bardzo silnie ograniczona. Rz\u0105d nie poda\u0142 jak dot\u0105d \u017cadnych termin\u00f3w wskazuj\u0105cych na plan luzowania obowi\u0105zuj\u0105cych obecnie<\/p>\r\n<p>restrykcji.<\/p>\r\n<p>\u0179r\u00f3d\u0142o: tvp.info<\/p>\r\n<p>Pach<\/p>\r\n<blockquote>\r\n<p>[<strong>Wybrane wypowiedzi internaut\u00f3w pod w\/w tekstem na stronie \u017ar\u00f3d\u0142owej:<\/strong>]<\/p>\r\n<p><strong>Biskupom na tym nie zale\u017cy, ksi\u0119\u017com te\u017c nie zale\u017cy<\/strong>, bo gdyby by\u0142o inaczej pojawi\u0142y by si\u0119 jakie\u015b apele KEP do rz\u0105du, ale trwa g\u0142ucha cisza. <strong>Pasterze nas zostawili na po\u017carcie wilkom.<\/strong><br>\r\n<em>nick<\/em><br>\r\n<br>\r\nNie dosta\u0142 takiego pozwolenia. Polecenia p\u0142yn\u0105 od starszych i m\u0105drzejszych.<br>\r\n<em>ron<\/em><br>\r\n<br>\r\nNiestety, to co zauwa\u017cyli\u015bmy z Proboszczem z mojej parafii- nawet gdyby zdj\u0119to ograniczenia co do liczby os\u00f3b w ko\u015bcio\u0142ach, to i tak ludzie \u017ce strachu nie przyjd\u0105. Teraz tak by\u0142o zanim wprowadzono restrykcje- maksymalnie 20 os\u00f3b na Mszy w niedziel\u0119. Czasem 9. A do tej pory w pi\u0105tki na Koronce pe\u0142ny ko\u015bci\u00f3\u0142 i wo\u0142anie: &#8222;Jezu, ufam Tobie!&#8221;. Ile z ten ufno\u015bci nam zosta\u0142o?<br>\r\n<em>Ala<\/em><\/p>\r\n<\/blockquote>","protected":false},"excerpt":{"rendered":"Premier Mateusz Morawiecki poinformowa\u0142 o pierwszych krokach w odmra\u017caniu sportu. Oznacza to mi\u0119dzy innymi powr\u00f3t do gry ekstraklasy pi\u0142karskiej i \u017cu\u017clowej &#8211; p\u00f3ki co na pustych stadionach. Polityk nie wyja\u015bni\u0142, kiedy rozpocznie si\u0119 wyczekiwane przez katolik\u00f3w \u201eodmra\u017canie\u201d normalnego \u017cycia chrze\u015bcija\u0144skiego i pe\u0142ne otwarcie ko\u015bcio\u0142\u00f3w. Na sobotniej konferencji prasowej premier Mateusz Morawiecki powiedzia\u0142, \u017ce rz\u0105d rozpoczyna [&hellip;]","protected":false},"author":1,"featured_media":0,"comment_status":"closed","ping_status":"closed","sticky":false,"template":"","format":"standard","meta":{"_acf_changed":false,"_monsterinsights_skip_tracking":false,"_monsterinsights_sitenote_active":false,"_monsterinsights_sitenote_note":"","_monsterinsights_sitenote_category":0,"ngg_post_thumbnail":0,"footnotes":"","_wp_rev_ctl_limit":""},"categories":[8],"tags":[132,433,98,20,33],"acf":[],"_links":{"self":[{"href":"https:\/\/www.bibula.com\/index.php?rest_route=\/wp\/v2\/posts\/113797"}],"collection":[{"href":"https:\/\/www.bibula.com\/index.php?rest_route=\/wp\/v2\/posts"}],"about":[{"href":"https:\/\/www.bibula.com\/index.php?rest_route=\/wp\/v2\/types\/post"}],"author":[{"embeddable":true,"href":"https:\/\/www.bibula.com\/index.php?rest_route=\/wp\/v2\/users\/1"}],"replies":[{"embeddable":true,"href":"https:\/\/www.bibula.com\/index.php?rest_route=%2Fwp%2Fv2%2Fcomments&post=113797"}],"version-history":[{"count":0,"href":"https:\/\/www.bibula.com\/index.php?rest_route=\/wp\/v2\/posts\/113797\/revisions"}],"wp:attachment":[{"href":"https:\/\/www.bibula.com\/index.php?rest_route=%2Fwp%2Fv2%2Fmedia&parent=113797"}],"wp:term":[{"taxonomy":"category","embeddable":true,"href":"https:\/\/www.bibula.com\/index.php?rest_route=%2Fwp%2Fv2%2Fcategories&post=113797"},{"taxonomy":"post_tag","embeddable":true,"href":"https:\/\/www.bibula.com\/index.php?rest_route=%2Fwp%2Fv2%2Ftags&post=113797"}],"curies":[{"name":"wp","href":"https:\/\/api.w.org\/{rel}","templated":true}]}}