{"id":113645,"date":"2020-04-21T09:48:00","date_gmt":"2020-04-21T13:48:00","guid":{"rendered":"http:\/\/www.bibula.com\/?p=113645"},"modified":"2020-04-21T09:48:00","modified_gmt":"2020-04-21T13:48:00","slug":"tenisisci-przeciwni-obowiazkowym-szczepieniom","status":"publish","type":"post","link":"https:\/\/www.bibula.com\/?p=113645","title":{"rendered":"Tenisi\u015bci przeciwni obowi\u0105zkowym szczepieniom"},"content":{"rendered":"<p><strong>S\u0142ynny serbski tenisista Novak Djokovic wypowiedzia\u0142 si\u0119 na temat nap\u0142ywaj\u0105cych informacji o mo\u017cliwo\u015bci wprowadzenia przymusowego szczepienia przeciwko koronawirusowi.<\/strong><\/p>\r\n<p>&#8222;<em>Nie chcia\u0142bym by\u0107 zmuszany do szczepionki, aby m\u00f3c podr\u00f3\u017cowa\u0107<\/em>&#8221; &#8211; stwierdzi\u0142 Djokovic, po czym podkre\u015bli\u0142: &#8222;<strong><em>Osobi\u015bcie jestem przeciwny szczepieniom.<\/em><\/strong>&#8222;<\/p>\r\n<p>&#8222;<em>Nie wiem, co zrobi\u0119, je\u015bli szczepionka b\u0119dzie obowi\u0105zkowa. Mam swoje przemy\u015blenia na ten temat i nie wiem, czy ulegn\u0105 one zmianie<\/em>.&#8221; &#8211; doda\u0142.<\/p>\r\n<p class=\"zrodlo\">Opracowanie: www.bibula.com na podstawie materia\u0142\u00f3w prasowych<\/p>\r\n<h4>&nbsp;<\/h4>\r\n<hr style=\"background-color: #000000; border-width: 0; color: #000000; height: 2px; line-height: 0; text-align: center; width: 100%;\">\r\n<h4>&nbsp;<\/h4>\r\n<h2>Gwiazda Tenisa Marat Safin o COVID-19: szczepionka b\u0119dzie zawiera\u0107 mikroczipy<\/h2>\r\n<p><strong>By\u0142y numer jeden \u015bwiatowego tenisa Marat Safin w wywiadzie dla portalu sport.ru stwierdzi\u0142, \u017ce obecne wydarzenia to mi\u0119dzynarodowy spisek. &#8211; Ludzie panikuj\u0105 i wierz\u0105 telewizji &#8211; powiedzia\u0142 Rosjanin, zapowiadaj\u0105c, \u017ce to dopiero pocz\u0105tek.<\/strong><\/p>\r\n<p>Safin w trakcie kariery wygra\u0142 dwa wielkie szlemy &#8211; US Open w 2000 i Australian Open w 2004 roku.<\/p>\r\n<p>&#8211;&nbsp;<i>Wszystko zosta\u0142o zrobione tak, aby zaszczepi\u0107 ludziom mikroczipy. Ju\u017c w 2015 roku Bill Gates powiedzia\u0142, \u017ce b\u0119dzie pandemia. Nie wydaje mi si\u0119, aby by\u0142 wr\u00f3\u017cbit\u0105<\/i>&nbsp;&#8211; przekonywa\u0142 Safin. &#8211;&nbsp;<i>Wiedzieli i przygotowywali si\u0119 do tego. Na dwa tygodnie przed tym, jak koronawirus sta\u0142 si\u0119 znany, przeprowadzono \u015awiatowe Forum Ekonomiczne w Davos<\/i>&nbsp;&#8211; t\u0142umaczy\u0142 Rosjanin. &#8211;&nbsp;<i>Ludzie panikuj\u0105 i wierz\u0105 w to, co m\u00f3wi telewizja. Tak naprawd\u0119 b\u0119d\u0105 szczepieni mikroczipami<\/i>&nbsp;&#8211; powt\u00f3rzy\u0142.<\/p>\r\n<p>&#8211;&nbsp;<i>S\u0105 ludzie pot\u0119\u017cniejsi ni\u017c liderzy polityczni. Ci, kt\u00f3rzy naprawd\u0119 zarz\u0105dzaj\u0105 pieni\u0119dzmi, w\u0142adaj\u0105 ziemi\u0105<\/i>&nbsp;&#8211; opowiada\u0142 Safin. &#8211;&nbsp;<i>\u015awiatowy rz\u0105d ukryty w cieniu? Nazwijcie to, jak chcecie. Jednak ja tego nie zmy\u015blam, o wszystkim przeczytacie w Internecie<\/i>&nbsp;&#8211; ko\u0144czy\u0142 Rosjanin.<\/p>\r\n<p>\u017ar\u00f3d\u0142o:&nbsp;<a href=\"https:\/\/www.sports.ru\/tribuna\/blogs\/nitkina\/2767333.html\">sports.ru,&nbsp;<\/a><a href=\"http:\/\/www.tennisnow.com\/Blogs\/NET-POSTS\/April-2020-(1)\/Safin-Offers-Coronavirus-Chipization-Conspiracy.aspx\">tennisnow.com,&nbsp;<\/a><a href=\"https:\/\/sport.tvp.pl\/47642243\/koronawirus-marat-safin-o-covid19-szczepionka-bedzie-zawierac-mikroczipy?fbclid=IwAR2249wiBgqFP-w_CG619MSwzcmSlR5P8mI2A1N7sRIHIQ6PddEsAKW9X0s\">sport.tvp.pl<\/a><\/p>\r\n<p class=\"zrodlo\">Za: <a href=\"https:\/\/wolna-polska.pl\/wiadomosci\/gwiazda-tenisa-marat-safin-o-covid-19-szczepionka-bedzie-zawierac-mikroczipy-2020-04\">Wolna-Polska.pl (21 kwietnia, 2020)<\/a><\/p>\r\n<h4>&nbsp;<\/h4>\r\n<hr style=\"background-color: #000000; border-width: 0; color: #000000; height: 2px; line-height: 0; text-align: center; width: 100%;\">\r\n<h4>&nbsp;<\/h4>","protected":false},"excerpt":{"rendered":"S\u0142ynny serbski tenisista Novak Djokovic wypowiedzia\u0142 si\u0119 na temat nap\u0142ywaj\u0105cych informacji o mo\u017cliwo\u015bci wprowadzenia przymusowego szczepienia przeciwko koronawirusowi. &#8222;Nie chcia\u0142bym by\u0107 zmuszany do szczepionki, aby m\u00f3c podr\u00f3\u017cowa\u0107&#8221; &#8211; stwierdzi\u0142 Djokovic, po czym podkre\u015bli\u0142: &#8222;Osobi\u015bcie jestem przeciwny szczepieniom.&#8222; &#8222;Nie wiem, co zrobi\u0119, je\u015bli szczepionka b\u0119dzie obowi\u0105zkowa. Mam swoje przemy\u015blenia na ten temat i nie wiem, czy [&hellip;]","protected":false},"author":1,"featured_media":0,"comment_status":"closed","ping_status":"closed","sticky":false,"template":"","format":"standard","meta":{"_acf_changed":false,"_monsterinsights_skip_tracking":false,"_monsterinsights_sitenote_active":false,"_monsterinsights_sitenote_note":"","_monsterinsights_sitenote_category":0,"ngg_post_thumbnail":0,"footnotes":"","_wp_rev_ctl_limit":""},"categories":[451,12],"tags":[433,20,213],"acf":[],"_links":{"self":[{"href":"https:\/\/www.bibula.com\/index.php?rest_route=\/wp\/v2\/posts\/113645"}],"collection":[{"href":"https:\/\/www.bibula.com\/index.php?rest_route=\/wp\/v2\/posts"}],"about":[{"href":"https:\/\/www.bibula.com\/index.php?rest_route=\/wp\/v2\/types\/post"}],"author":[{"embeddable":true,"href":"https:\/\/www.bibula.com\/index.php?rest_route=\/wp\/v2\/users\/1"}],"replies":[{"embeddable":true,"href":"https:\/\/www.bibula.com\/index.php?rest_route=%2Fwp%2Fv2%2Fcomments&post=113645"}],"version-history":[{"count":0,"href":"https:\/\/www.bibula.com\/index.php?rest_route=\/wp\/v2\/posts\/113645\/revisions"}],"wp:attachment":[{"href":"https:\/\/www.bibula.com\/index.php?rest_route=%2Fwp%2Fv2%2Fmedia&parent=113645"}],"wp:term":[{"taxonomy":"category","embeddable":true,"href":"https:\/\/www.bibula.com\/index.php?rest_route=%2Fwp%2Fv2%2Fcategories&post=113645"},{"taxonomy":"post_tag","embeddable":true,"href":"https:\/\/www.bibula.com\/index.php?rest_route=%2Fwp%2Fv2%2Ftags&post=113645"}],"curies":[{"name":"wp","href":"https:\/\/api.w.org\/{rel}","templated":true}]}}