{"id":113630,"date":"2020-04-21T09:03:37","date_gmt":"2020-04-21T13:03:37","guid":{"rendered":"http:\/\/www.bibula.com\/?p=113630"},"modified":"2020-04-21T09:03:37","modified_gmt":"2020-04-21T13:03:37","slug":"zapobiegliwosc-czy-korona-szalenstwo","status":"publish","type":"post","link":"https:\/\/www.bibula.com\/?p=113630","title":{"rendered":"Zapobiegliwo\u015b\u0107 czy korona-szale\u0144stwo?"},"content":{"rendered":"<p><strong>Wiecie Pa\u0144stwo dlaczego Minister Rolnictwa nie jest jednocze\u015bnie Ministrem Kultury? To banalnie proste, poniewa\u017c zna si\u0119 na sprawach rolnictwa (a przynajmniej powinien si\u0119 na nich zna\u0107) a na sprawach kultury ju\u017c niekoniecznie.<\/strong><\/p>\r\n<p><img fetchpriority=\"high\" decoding=\"async\" class=\" aligncenter\" src=\"https:\/\/i0.wp.com\/mysl-polska.pl\/gif\/szumowski.jpg\" width=\"598\" height=\"337\"><\/p>\r\n<p>My\u015bl\u0119, \u017ce gdyby kt\u00f3ry\u015b z premier\u00f3w zaproponowa\u0142 egzotyczny maria\u017c powy\u017cszych ministerstw wymownie pukaliby\u015bmy si\u0119 w g\u0142owy.<\/p>\r\n<p><span id=\"more-83776\"><\/span>Teraz w ramach intelektualnego eksperymentu przemodelujmy nieco ten przyk\u0142ad. Wyobra\u017amy sobie, \u017ce Ministrowi Zdrowia podporz\u0105dkowujemy resorty odpowiedzialne za sprawy gospodarki, sprawy wewn\u0119trzne i administracj\u0119 a nawet obron\u0119 narodow\u0105\u2026 By\u0142o by to co najmniej r\u00f3wnie absurdalne. Tymczasem dok\u0142adnie z tak\u0105 sytuacj\u0105 mamy do czynienia od kilku tygodni w naszym pi\u0119knym kraju.<\/p>\r\n<p>Z pocz\u0105tku zarz\u0105dzenia Ministra Zdrowia wydawa\u0142y si\u0119 nawet ca\u0142kiem racjonalne. Zamkni\u0119cie granic i szk\u00f3\u0142 oraz wprowadzanie powszechnej izolacji mia\u0142o da\u0107 nam czas by przygotowa\u0107 si\u0119 na nieuchronn\u0105 fal\u0119 zachorowa\u0144 na COVID-19. I da\u0142o, przygotowali\u015bmy si\u0119, na tyle, na ile by\u0142o to mo\u017cliwe.<\/p>\r\n<p>Min\u0119\u0142y jednak tygodnie a kolejne ograniczania wprowadzane przez rz\u0105d zacz\u0119\u0142y sprawia\u0107 wra\u017cenie wysoce nieprzemy\u015blanych, momentami wr\u0119cz zwyczajnie g\u0142upich. Wiele atramentu wyla\u0142o si\u0119 w tej jak\u017ce wa\u017ckiej kwestii, nie ma wi\u0119c sensu po raz kolejny powtarza\u0107 tych samych argument\u00f3w. Do\u015b\u0107 powiedzie\u0107, \u017ce Ministerstwo Zdrowia nie poradzi\u0142o sobie z tworzeniem prawa i zarz\u0105dzeniem ca\u0142ym pa\u0144stwem. Zwyczajnie nie mog\u0142o, bo nie do tego zosta\u0142o stworzone.<\/p>\r\n<p>Ta oczywista prawda zaczyna w\u0142a\u015bnie dociera\u0107 do tak zwanych szerokich mas. O ile jeszcze miesi\u0105c temu a\u017c 60% z nas dobrze ocenia\u0142o dzia\u0142ania rz\u0105du w walce z pandemi\u0105 COVID-19, to w najnowszym badaniu odsetek ten jest ni\u017cszy o ponad 6 punkt\u00f3w procentowych. I b\u0119dzie spada\u0107 dalej.<\/p>\r\n<p>Chaotyczne, niekonsekwentne dzia\u0142ania anty-epidemiczne, ma\u0142ostkowe majstrowanie przy ordynacji wyborczej i wreszcie bezprzyk\u0142adne i bezprawne ograniczenia swob\u00f3d obywatelskich nie s\u0105 czynnikami buduj\u0105cymi zaufanie wobec rz\u0105dz\u0105cych. Now\u0105 twarz\u0105 epidemii, w miejsce zm\u0119czonej twarzy profesora Szumowskiego, sta\u0142o si\u0119 srogie oblicze policjanta wlepiaj\u0105cego obywatelom absurdalne kary za r\u00f3wnie absurdalne \u201eprzewinienia\u201d.<\/p>\r\n<p><span class=\"pullquote\">Tymczasem nie by\u0142a to jedyna mo\u017cliwa droga. Abstrahuj\u0105c nawet od przyk\u0142adu Szwed\u00f3w czy Bia\u0142orusin\u00f3w, kt\u00f3rzy na z\u0142o\u015b\u0107 prorokom korona-zag\u0142ady nie chc\u0105 masowo wymiera\u0107<\/span>, warto rzuci\u0107 okiem za po\u0142udniow\u0105 granic\u0119. Nies\u0142usznie niedoceniani u nas Czesi dali znakomity przyk\u0142ad na to jak z zarz\u0105dzaniem kryzysem epidemicznym radzi sobie sprawne i konsekwentne pa\u0144stwo.<\/p>\r\n<p>Nic nie stoi na przeszkodzie by\u015bmy skorzystali z do\u015bwiadcze\u0144 naszych po\u0142udniowych s\u0105siad\u00f3w. Rz\u0105d jednak niczym w ko\u0144skich okularach bezrefleksyjnie brnie do przodu coraz mocniej zanurzaj\u0105c nas w chaosie. Nieformalny i pozakonstytucyjny stan wyj\u0105tkowy trwa w najlepsze, psucie prawa sta\u0142o si\u0119 codzienn\u0105 norm\u0105. Gospodarka zamro\u017cona od kilku tygodni dalej tkwi w u\u015bpieniu a ca\u0142e bran\u017ce stan\u0119\u0142y przed widmem rych\u0142ego bankructwa. Faktycznie nie dzia\u0142aj\u0105 s\u0105dy i urz\u0119dy.<\/p>\r\n<p>Mam nadziej\u0119, \u017ce za kilka tygodni lub miesi\u0119cy, gdy sko\u0144czy si\u0119 korona-szale\u0144stwo b\u0119dzie nas sta\u0107 na zadanie sobie samym pytania: czy by\u0142o warto? I, \u017ce b\u0119dziemy mieli odwag\u0119 zmierzy\u0107 si\u0119 z odpowiedzi\u0105, niezale\u017cnie jak bardzo b\u0119dzie niewygodna.<\/p>\r\n<p><em>[Wiemy r\u00f3wnie dobrze, jak Pan Autor, \u017ce NIE B\u0118DZIE \u017cadnej refleksji nad \u201ezwalczaniem epidemii\u201d, nad bezsensownymi zarz\u0105dzeniami, nad policj\u0105, nad ca\u0142ym tym burdelem\u2026 przemilczy si\u0119 i szybko zaprz\u0105tnie g\u0142ow\u0119 zjadaczy papki medialnej jakim\u015b innym problemem. Na przyk\u0142ad siarczanem wapnia.<\/em><br>\r\n<em>Admin]<\/em><\/p>\r\n<p><strong><em>Przemys\u0142aw Piasta<\/em><\/strong><br>\r\n<em>20.04.2020<\/em><br>\r\n<em><a href=\"http:\/\/mysl-polska.pl\/2282\" target=\"_blank\" rel=\"noopener noreferrer\">http:\/\/mysl-polska.pl<\/a><\/em><\/p>\r\n<p class=\"zrodlo\">Za: <a href=\"https:\/\/marucha.wordpress.com\/2020\/04\/21\/zapobiegliwosc-czy-korona-szalenstwo\/\">Dziennik gajowego Maruchy (2020-04-21)<\/a><\/p>\r\n<h4>&nbsp;<\/h4>\r\n<hr style=\"background-color: #000000; border-width: 0; color: #000000; height: 2px; line-height: 0; text-align: center; width: 100%;\">\r\n<h4>&nbsp;<\/h4>","protected":false},"excerpt":{"rendered":"Wiecie Pa\u0144stwo dlaczego Minister Rolnictwa nie jest jednocze\u015bnie Ministrem Kultury? To banalnie proste, poniewa\u017c zna si\u0119 na sprawach rolnictwa (a przynajmniej powinien si\u0119 na nich zna\u0107) a na sprawach kultury ju\u017c niekoniecznie. My\u015bl\u0119, \u017ce gdyby kt\u00f3ry\u015b z premier\u00f3w zaproponowa\u0142 egzotyczny maria\u017c powy\u017cszych ministerstw wymownie pukaliby\u015bmy si\u0119 w g\u0142owy. Teraz w ramach intelektualnego eksperymentu przemodelujmy nieco [&hellip;]","protected":false},"author":1,"featured_media":0,"comment_status":"closed","ping_status":"closed","sticky":false,"template":"","format":"standard","meta":{"_acf_changed":false,"_monsterinsights_skip_tracking":false,"_monsterinsights_sitenote_active":false,"_monsterinsights_sitenote_note":"","_monsterinsights_sitenote_category":0,"ngg_post_thumbnail":0,"footnotes":"","_wp_rev_ctl_limit":""},"categories":[451],"tags":[433,98],"acf":[],"_links":{"self":[{"href":"https:\/\/www.bibula.com\/index.php?rest_route=\/wp\/v2\/posts\/113630"}],"collection":[{"href":"https:\/\/www.bibula.com\/index.php?rest_route=\/wp\/v2\/posts"}],"about":[{"href":"https:\/\/www.bibula.com\/index.php?rest_route=\/wp\/v2\/types\/post"}],"author":[{"embeddable":true,"href":"https:\/\/www.bibula.com\/index.php?rest_route=\/wp\/v2\/users\/1"}],"replies":[{"embeddable":true,"href":"https:\/\/www.bibula.com\/index.php?rest_route=%2Fwp%2Fv2%2Fcomments&post=113630"}],"version-history":[{"count":0,"href":"https:\/\/www.bibula.com\/index.php?rest_route=\/wp\/v2\/posts\/113630\/revisions"}],"wp:attachment":[{"href":"https:\/\/www.bibula.com\/index.php?rest_route=%2Fwp%2Fv2%2Fmedia&parent=113630"}],"wp:term":[{"taxonomy":"category","embeddable":true,"href":"https:\/\/www.bibula.com\/index.php?rest_route=%2Fwp%2Fv2%2Fcategories&post=113630"},{"taxonomy":"post_tag","embeddable":true,"href":"https:\/\/www.bibula.com\/index.php?rest_route=%2Fwp%2Fv2%2Ftags&post=113630"}],"curies":[{"name":"wp","href":"https:\/\/api.w.org\/{rel}","templated":true}]}}